{"id":25651,"date":"2025-05-19T15:59:36","date_gmt":"2025-05-19T14:59:36","guid":{"rendered":"https:\/\/insideamateurfussball-ffm.de\/?p=25651"},"modified":"2025-05-19T18:44:51","modified_gmt":"2025-05-19T17:44:51","slug":"oberrad-verliert-auch-gegen-neu-anspach","status":"publish","type":"post","link":"https:\/\/insideamateurfussball-ffm.de\/?p=25651","title":{"rendered":"Oberrad verliert auch gegen Neu-Anspach"},"content":{"rendered":"<h4>Die Spvgg. 05 Oberrad verlor auch ihr f\u00fcnftes Spiel in Folge. Gegen den FC Neu-Anspach, der jetzt als neuer Tabellenzweiter auf dem Relegationsrang steht, gab es daheim eine 0:3-Niederlage.<\/h4>\n<figure id=\"attachment_21166\" aria-describedby=\"caption-attachment-21166\" style=\"width: 945px\" class=\"wp-caption alignnone\"><img loading=\"lazy\" decoding=\"async\" class=\"wp-image-21166 size-full\" src=\"http:\/\/insideamateurfussball-ffm.de\/wp-content\/uploads\/2024\/09\/spo5.jpg\" alt=\"\" width=\"945\" height=\"680\" srcset=\"https:\/\/insideamateurfussball-ffm.de\/wp-content\/uploads\/2024\/09\/spo5.jpg 945w, https:\/\/insideamateurfussball-ffm.de\/wp-content\/uploads\/2024\/09\/spo5-300x216.jpg 300w, https:\/\/insideamateurfussball-ffm.de\/wp-content\/uploads\/2024\/09\/spo5-768x553.jpg 768w\" sizes=\"auto, (max-width: 945px) 100vw, 945px\" \/><figcaption id=\"caption-attachment-21166\" class=\"wp-caption-text\">Neu-Anspachs scheidender Trainer Salvatore Cirrincione darf mit seiner Mannschaft noch auf die Relegation zur Verbandsliga hoffen. Foto. Archiv Mithat G\u00fcrser<\/figcaption><\/figure>\n<h4>Spvgg. 05 Oberrad &#8211; FC Neu-Anspach 0:3 (0:1)<\/h4>\n<p><img loading=\"lazy\" decoding=\"async\" class=\"alignnone size-full wp-image-137\" src=\"http:\/\/insideamateurfussball-ffm.de\/wp-content\/uploads\/2022\/05\/Oberrad05.jpg\" alt=\"\" width=\"79\" height=\"80\" \/><img loading=\"lazy\" decoding=\"async\" class=\"alignnone size-full wp-image-16512\" src=\"http:\/\/insideamateurfussball-ffm.de\/wp-content\/uploads\/2024\/01\/logo-neu-anspach.jpeg\" alt=\"\" width=\"80\" height=\"79\" \/><\/p>\n<p>Erstmals seit dem 2. August 2014 trugen die Oberr\u00e4der ein Pflichtspiel auf dem Rasenplatz aus. Seinerzeit waren die 05er unter Mustafa Fil gerade in die Hessenliga aufgestiegen und unterlagen dem heutigen Regionalligisten TSV Steinbach mit 0:1. Kurze Zeit sp\u00e4ter wurde der Kunstrasenplatz an der Beckerwiese freigegeben, wo seitdem vorrangig gekickt wird. &#8222;Die Oberr\u00e4der haben uns dar\u00fcber fr\u00fchzeitig informiert&#8220;, sagte Neu-Anspachs Trainer Salvatore Cirrincione, einst selbst Trainer der Reserve in Oberrad.<\/p>\n<p>Aber auch auf Naturrasen gab es keine Punkte f\u00fcr die Spvgg. 05 Oberrad, auch unter dem Interimstrainer Marcus Klandt verlor man mit 0:3 gegen den FC Neu-Anspach, laut Klandt: \u201edDas war ein Spiegelbild vom Spiel gegen Kalbach, wir haben uns die drei Tore fast selbst reingemacht.\u201c Die Gastgeber hatten laut ihres Trainers eine gute Ordnung im Spiel, kamen aber kaum zu zwingenden Torchancen. Das 0:1 in der 38.Minute wurde beg\u00fcnstigt durch einen Torwartfehler, einen Schuss von Maziar Namavizadeh lie\u00df 05-Torwart Paul Harbrecht durch die H\u00e4nde ins Tor rutschen.<\/p>\n<p>Direkt nach der Halbzeit waren die G\u00e4ste dann durch einen Doppelschlag erfolgreich, in der 48.Minute war es erneut Maziar Namavizadeh, der nach einem Standard das 2:0 erzielen konnte, und in der 52. Minute war Markus Hofmeier mit einem Freisto\u00df zum 3:0 erfolgreich. Die G\u00e4ste k\u00f6nnen durch diesen Ausw\u00e4rtssieg weiter auf den Aufstieg hoffen, durch die Niederlage von Friedrichsdorf in Karben sprangen die Neu-Anspacher auf Platz 2.<\/p>\n<p>Marcus Klandt: \u201ewir machen uns unser gutes Spiel selbst kaputt, das war nach vorne zu wenig und zu naiv im vorderen Drittel.\u201c Klandt best\u00e4tigte, dass in der neuen Saison Maximilian Schmidt das Traineramt \u00fcbernimmt, der in dieser Saison bei der Spvgg. 03 Fechenheim nach einigen Spielen sein Amt niedergelegt hatte. Die letzten beiden Spiele bestreitet die Spvgg. 05 Oberrad am Sonntag beim FSV Friedrichsdorf und am Mittwoch darauf gegen T\u00fcrkg\u00fcc\u00fc Frankfurt.<\/p>\n<h4>Schiedsrichter: Bastian Sch\u00e4fer (SG Dornheim). Zuschauer: 80.<\/h4>\n<h4>Tore: 0:1 Maziar Namavizadeh (38.), 0:2 Maziar Namavizadeh (48.), 0:3 Matkus Hofmeier (52.)<\/h4>\n","protected":false},"excerpt":{"rendered":"<p>Die Spvgg. 05 Oberrad verlor auch ihr f\u00fcnftes Spiel in Folge. Gegen den FC Neu-Anspach, der jetzt als neuer Tabellenzweiter auf dem Relegationsrang steht, gab es daheim eine 0:3-Niederlage. Spvgg. 05 Oberrad &#8211; FC Neu-Anspach 0:3 (0:1) Erstmals seit dem 2. August 2014 trugen die Oberr\u00e4der ein Pflichtspiel auf dem Rasenplatz aus. Seinerzeit waren die [&hellip;]<\/p>\n","protected":false},"author":3,"featured_media":21166,"comment_status":"closed","ping_status":"open","sticky":true,"template":"","format":"standard","meta":{"footnotes":""},"categories":[13],"tags":[],"class_list":["post-25651","post","type-post","status-publish","format-standard","has-post-thumbnail","hentry","category-gruppenliga-frankfurt-west"],"_links":{"self":[{"href":"https:\/\/insideamateurfussball-ffm.de\/index.php?rest_route=\/wp\/v2\/posts\/25651","targetHints":{"allow":["GET"]}}],"collection":[{"href":"https:\/\/insideamateurfussball-ffm.de\/index.php?rest_route=\/wp\/v2\/posts"}],"about":[{"href":"https:\/\/insideamateurfussball-ffm.de\/index.php?rest_route=\/wp\/v2\/types\/post"}],"author":[{"embeddable":true,"href":"https:\/\/insideamateurfussball-ffm.de\/index.php?rest_route=\/wp\/v2\/users\/3"}],"replies":[{"embeddable":true,"href":"https:\/\/insideamateurfussball-ffm.de\/index.php?rest_route=%2Fwp%2Fv2%2Fcomments&post=25651"}],"version-history":[{"count":5,"href":"https:\/\/insideamateurfussball-ffm.de\/index.php?rest_route=\/wp\/v2\/posts\/25651\/revisions"}],"predecessor-version":[{"id":25664,"href":"https:\/\/insideamateurfussball-ffm.de\/index.php?rest_route=\/wp\/v2\/posts\/25651\/revisions\/25664"}],"wp:featuredmedia":[{"embeddable":true,"href":"https:\/\/insideamateurfussball-ffm.de\/index.php?rest_route=\/wp\/v2\/media\/21166"}],"wp:attachment":[{"href":"https:\/\/insideamateurfussball-ffm.de\/index.php?rest_route=%2Fwp%2Fv2%2Fmedia&parent=25651"}],"wp:term":[{"taxonomy":"category","embeddable":true,"href":"https:\/\/insideamateurfussball-ffm.de\/index.php?rest_route=%2Fwp%2Fv2%2Fcategories&post=25651"},{"taxonomy":"post_tag","embeddable":true,"href":"https:\/\/insideamateurfussball-ffm.de\/index.php?rest_route=%2Fwp%2Fv2%2Ftags&post=25651"}],"curies":[{"name":"wp","href":"https:\/\/api.w.org\/{rel}","templated":true}]}}