{"id":25628,"date":"2025-05-19T14:57:36","date_gmt":"2025-05-19T13:57:36","guid":{"rendered":"https:\/\/insideamateurfussball-ffm.de\/?p=25628"},"modified":"2025-05-19T14:57:36","modified_gmt":"2025-05-19T13:57:36","slug":"tempo-verliert-beim-absteiger-koenigstein","status":"publish","type":"post","link":"https:\/\/insideamateurfussball-ffm.de\/?p=25628","title":{"rendered":"Tempo verliert beim Absteiger K\u00f6nigstein"},"content":{"rendered":"<h4>Der FC Tempo, der letzte Woche den Klassenerhalt feiern konnte, verlor beim Absteiger 1.FC-TSG K\u00f6nigstein mit 1:2und konnte sich dadurch nicht vom Tabellenplatz 11 verbessern.<\/h4>\n<figure id=\"attachment_25629\" aria-describedby=\"caption-attachment-25629\" style=\"width: 963px\" class=\"wp-caption alignnone\"><img loading=\"lazy\" decoding=\"async\" class=\"wp-image-25629 size-full\" src=\"http:\/\/insideamateurfussball-ffm.de\/wp-content\/uploads\/2025\/05\/tempo-2025.jpg\" alt=\"\" width=\"963\" height=\"1054\" srcset=\"https:\/\/insideamateurfussball-ffm.de\/wp-content\/uploads\/2025\/05\/tempo-2025.jpg 963w, https:\/\/insideamateurfussball-ffm.de\/wp-content\/uploads\/2025\/05\/tempo-2025-274x300.jpg 274w, https:\/\/insideamateurfussball-ffm.de\/wp-content\/uploads\/2025\/05\/tempo-2025-936x1024.jpg 936w, https:\/\/insideamateurfussball-ffm.de\/wp-content\/uploads\/2025\/05\/tempo-2025-768x841.jpg 768w\" sizes=\"auto, (max-width: 963px) 100vw, 963px\" \/><figcaption id=\"caption-attachment-25629\" class=\"wp-caption-text\">Die Mannschaft des FC Tempo, die bereits den Klassenerhalt feiern konnte. Foto: Verein<\/figcaption><\/figure>\n<h4>1.FC-TSG K\u00f6nigstein &#8211; FC Tempo 2:1 (1:1)<\/h4>\n<p><img loading=\"lazy\" decoding=\"async\" class=\"alignnone size-full wp-image-1396\" src=\"http:\/\/insideamateurfussball-ffm.de\/wp-content\/uploads\/2022\/07\/koenigstein.png\" alt=\"\" width=\"80\" height=\"72\" \/><img loading=\"lazy\" decoding=\"async\" class=\"alignnone size-full wp-image-31\" src=\"http:\/\/insideamateurfussball-ffm.de\/wp-content\/uploads\/2021\/11\/Tempo.jpg\" alt=\"\" width=\"80\" height=\"80\" \/><\/p>\n<p>Der FC Tempo l\u00e4sst nach dem letzte Woche erreichten Klassenerhalt die Gruppenliga-Saison langsam ausklingen, beim Absteiger 1.FC-TSG K\u00f6nigstein, der in den letzten Wochen einige gute Ergebnisse erreichen konnte, verloren die Ginnheimer mit 1:2. Zwar gingen die G\u00e4ste fr\u00fch durch ein Tor von Tomislav Stekovic (2.Minute) mit 1:0 in F\u00fchrung, doch die K\u00f6nigsteiner kamen in der 27.Minute durch Belal Dashti zum 1:1-Ausgleich. In der zweiten Halbzeit fiel dann nur noch ein Tor, Joel Pedro Paulo erzielte das 2:1 f\u00fcr die Gastgeber und brachte den k\u00f6nigsteinern damit den f\u00fcnften Saisonsieg ins Ziel.<\/p>\n<p>Tempos Sportlicher Leiter Zoran Marcetic: \u201ewir waren \u00fcber 90 Minuten die spielbestimmende Mannschaft mit vielen Ecken, vielen Torchancen und viel Ballbesitz. Aber es war irgendwie so ein Tag, wo die Chancenverwertung nicht so gut war, und so haben wir verloren. Es gibt jetzt noch zwei Spiele, die wir absolvieren m\u00fcssen.\u201c Am n\u00e4chsten Sonntag geht es gegen den FC Kaichen, w\u00e4hrend am darauffolgenden Mittwoch die nicht so weite Reise zum SV Bosnien\/Herzegowina ansteht.<\/p>\n<h4>Schiedsrichter: Devin Kakmaci (JSG Aarbergen). Zuschauer: 70.<\/h4>\n<h4>Tore: 0:1 Tomislav Stekovic (2.), 1:1 Belal Dashti (27.), 2:1 Joel Pedro Paulo (80.)<\/h4>\n","protected":false},"excerpt":{"rendered":"<p>Der FC Tempo, der letzte Woche den Klassenerhalt feiern konnte, verlor beim Absteiger 1.FC-TSG K\u00f6nigstein mit 1:2und konnte sich dadurch nicht vom Tabellenplatz 11 verbessern. 1.FC-TSG K\u00f6nigstein &#8211; FC Tempo 2:1 (1:1) Der FC Tempo l\u00e4sst nach dem letzte Woche erreichten Klassenerhalt die Gruppenliga-Saison langsam ausklingen, beim Absteiger 1.FC-TSG K\u00f6nigstein, der in den letzten Wochen [&hellip;]<\/p>\n","protected":false},"author":3,"featured_media":25629,"comment_status":"closed","ping_status":"open","sticky":true,"template":"","format":"standard","meta":{"footnotes":""},"categories":[13],"tags":[],"class_list":["post-25628","post","type-post","status-publish","format-standard","has-post-thumbnail","hentry","category-gruppenliga-frankfurt-west"],"_links":{"self":[{"href":"https:\/\/insideamateurfussball-ffm.de\/index.php?rest_route=\/wp\/v2\/posts\/25628","targetHints":{"allow":["GET"]}}],"collection":[{"href":"https:\/\/insideamateurfussball-ffm.de\/index.php?rest_route=\/wp\/v2\/posts"}],"about":[{"href":"https:\/\/insideamateurfussball-ffm.de\/index.php?rest_route=\/wp\/v2\/types\/post"}],"author":[{"embeddable":true,"href":"https:\/\/insideamateurfussball-ffm.de\/index.php?rest_route=\/wp\/v2\/users\/3"}],"replies":[{"embeddable":true,"href":"https:\/\/insideamateurfussball-ffm.de\/index.php?rest_route=%2Fwp%2Fv2%2Fcomments&post=25628"}],"version-history":[{"count":3,"href":"https:\/\/insideamateurfussball-ffm.de\/index.php?rest_route=\/wp\/v2\/posts\/25628\/revisions"}],"predecessor-version":[{"id":25632,"href":"https:\/\/insideamateurfussball-ffm.de\/index.php?rest_route=\/wp\/v2\/posts\/25628\/revisions\/25632"}],"wp:featuredmedia":[{"embeddable":true,"href":"https:\/\/insideamateurfussball-ffm.de\/index.php?rest_route=\/wp\/v2\/media\/25629"}],"wp:attachment":[{"href":"https:\/\/insideamateurfussball-ffm.de\/index.php?rest_route=%2Fwp%2Fv2%2Fmedia&parent=25628"}],"wp:term":[{"taxonomy":"category","embeddable":true,"href":"https:\/\/insideamateurfussball-ffm.de\/index.php?rest_route=%2Fwp%2Fv2%2Fcategories&post=25628"},{"taxonomy":"post_tag","embeddable":true,"href":"https:\/\/insideamateurfussball-ffm.de\/index.php?rest_route=%2Fwp%2Fv2%2Ftags&post=25628"}],"curies":[{"name":"wp","href":"https:\/\/api.w.org\/{rel}","templated":true}]}}