{"id":25625,"date":"2025-05-19T14:37:44","date_gmt":"2025-05-19T13:37:44","guid":{"rendered":"https:\/\/insideamateurfussball-ffm.de\/?p=25625"},"modified":"2025-05-19T14:37:44","modified_gmt":"2025-05-19T13:37:44","slug":"kalbach-remis-im-sommerkick","status":"publish","type":"post","link":"https:\/\/insideamateurfussball-ffm.de\/?p=25625","title":{"rendered":"Kalbach Remis im Sommerkick"},"content":{"rendered":"<h4>Mit einer komplett durchgew\u00fcrfelten Mannschaft erreichte Meister und Verbandsliga-Aufsteiger FC Kalbach gegen den FV Stierstadt in einem m\u00fcden Sommerkick ein 1:1-Unentschieden.<\/h4>\n<figure id=\"attachment_23013\" aria-describedby=\"caption-attachment-23013\" style=\"width: 2016px\" class=\"wp-caption alignnone\"><img loading=\"lazy\" decoding=\"async\" class=\"wp-image-23013 size-full\" src=\"http:\/\/insideamateurfussball-ffm.de\/wp-content\/uploads\/2024\/12\/kalbachtuerkguecue02.jpg\" alt=\"\" width=\"2016\" height=\"1512\" srcset=\"https:\/\/insideamateurfussball-ffm.de\/wp-content\/uploads\/2024\/12\/kalbachtuerkguecue02.jpg 2016w, https:\/\/insideamateurfussball-ffm.de\/wp-content\/uploads\/2024\/12\/kalbachtuerkguecue02-300x225.jpg 300w, https:\/\/insideamateurfussball-ffm.de\/wp-content\/uploads\/2024\/12\/kalbachtuerkguecue02-1024x768.jpg 1024w, https:\/\/insideamateurfussball-ffm.de\/wp-content\/uploads\/2024\/12\/kalbachtuerkguecue02-768x576.jpg 768w, https:\/\/insideamateurfussball-ffm.de\/wp-content\/uploads\/2024\/12\/kalbachtuerkguecue02-1536x1152.jpg 1536w\" sizes=\"auto, (max-width: 2016px) 100vw, 2016px\" \/><figcaption id=\"caption-attachment-23013\" class=\"wp-caption-text\">Meistertrainer Aaz-Dine Zarioh lie\u00df gegen Stierstadt viele Spieler auf ungewohnten Positionen ran. Foto: Archiv MZ<\/figcaption><\/figure>\n<h4>FC Kalbach &#8211; FV Stierstadt 1:1 (0:0)<\/h4>\n<p><img loading=\"lazy\" decoding=\"async\" class=\"alignnone size-full wp-image-16\" src=\"http:\/\/insideamateurfussball-ffm.de\/wp-content\/uploads\/2021\/11\/kalbach-wappen.jpg\" alt=\"\" width=\"80\" height=\"80\" \/><img loading=\"lazy\" decoding=\"async\" class=\"alignnone size-full wp-image-3054\" src=\"http:\/\/insideamateurfussball-ffm.de\/wp-content\/uploads\/2022\/10\/Stierstadt.png\" alt=\"\" width=\"80\" height=\"80\" \/><\/p>\n<p>Da es f\u00fcr beide Mannschaften um nichts mehr ging, lie\u00df Kalbachs Trainer Aaz-Dine Zarioh alle Spieler ran, die in den letzten Wochen kaum gespielt hatten, und sie durften sich ihre Wunschposition aussuchen. So spielte Lukas H\u00f6ll im Tor und der etatm\u00e4\u00dfige Torwart Fabian Lanthaler lief im Sturm auf. Auch f\u00fcr die G\u00e4ste vom FV Stierstadt ist die Saison bereits gelaufen, sie brachten auch nur drei Einwechselspieler mit. Zum Spiel ist nicht allzu viel zu sagen, der FV Stierstadt ging in der 50.Minute durch ein Tor von Christoph K\u00f6tzsche mit 1:0 in F\u00fchrung, der FC Kalbach, der in der zweiten Halbzeit dann doch einige Stammspieler einwechselte, konnte in der 86.Minute noch ausgleichen, Shadrach Boakye verwandelte einen Foulelfmeter zum 1:1-Endstand. Vorstandsmitglied Manni Meyer: \u201eda es f\u00fcr beide Mannschaften um nichts mehr ging, konnten wir so auftreten. Am letzten Spieltag gegen Neu-Anspach, f\u00fcr die es noch um was geht, werden wir ein anderes Gesicht zeigen.\u201c<\/p>\n<p>Meyer zeigte sich ver\u00e4rgert \u00fcber den Verband. \u201ewir wollten das Endspiel im Kreispokal verlegen, genauso wie Seckbach, die Mannschaft f\u00e4hrt nach dem letzten Meisterschafts-Spiel und vor dem Pokalfinale gemeinsam in Kurzurlaub und kommt erst einen Tag vor dem Endspiel zur\u00fcck.\u201c Am n\u00e4chsten Wochenende ist Kalbach spielfrei, ehe es am Mittwoch dann noch gegen den FC Neu-Anspach geht. Am 04.06.25 kann Kalbach das Double durch einen Sieg im Kreispokalfinale gegen die FG Seckbach perfekt machen.<\/p>\n<h4>Schiedsrichter: Yannick Schweitzer (FC Werdorf). Zuschauer: 100.<\/h4>\n<h4>Tore: 0:1 Christoph K\u00f6tzsche (50.), 1:1 Shadrach Boakye (86., Elfmeter)<\/h4>\n","protected":false},"excerpt":{"rendered":"<p>Mit einer komplett durchgew\u00fcrfelten Mannschaft erreichte Meister und Verbandsliga-Aufsteiger FC Kalbach gegen den FV Stierstadt in einem m\u00fcden Sommerkick ein 1:1-Unentschieden. FC Kalbach &#8211; FV Stierstadt 1:1 (0:0) Da es f\u00fcr beide Mannschaften um nichts mehr ging, lie\u00df Kalbachs Trainer Aaz-Dine Zarioh alle Spieler ran, die in den letzten Wochen kaum gespielt hatten, und sie [&hellip;]<\/p>\n","protected":false},"author":3,"featured_media":23013,"comment_status":"closed","ping_status":"open","sticky":true,"template":"","format":"standard","meta":{"footnotes":""},"categories":[13],"tags":[],"class_list":["post-25625","post","type-post","status-publish","format-standard","has-post-thumbnail","hentry","category-gruppenliga-frankfurt-west"],"_links":{"self":[{"href":"https:\/\/insideamateurfussball-ffm.de\/index.php?rest_route=\/wp\/v2\/posts\/25625","targetHints":{"allow":["GET"]}}],"collection":[{"href":"https:\/\/insideamateurfussball-ffm.de\/index.php?rest_route=\/wp\/v2\/posts"}],"about":[{"href":"https:\/\/insideamateurfussball-ffm.de\/index.php?rest_route=\/wp\/v2\/types\/post"}],"author":[{"embeddable":true,"href":"https:\/\/insideamateurfussball-ffm.de\/index.php?rest_route=\/wp\/v2\/users\/3"}],"replies":[{"embeddable":true,"href":"https:\/\/insideamateurfussball-ffm.de\/index.php?rest_route=%2Fwp%2Fv2%2Fcomments&post=25625"}],"version-history":[{"count":2,"href":"https:\/\/insideamateurfussball-ffm.de\/index.php?rest_route=\/wp\/v2\/posts\/25625\/revisions"}],"predecessor-version":[{"id":25627,"href":"https:\/\/insideamateurfussball-ffm.de\/index.php?rest_route=\/wp\/v2\/posts\/25625\/revisions\/25627"}],"wp:featuredmedia":[{"embeddable":true,"href":"https:\/\/insideamateurfussball-ffm.de\/index.php?rest_route=\/wp\/v2\/media\/23013"}],"wp:attachment":[{"href":"https:\/\/insideamateurfussball-ffm.de\/index.php?rest_route=%2Fwp%2Fv2%2Fmedia&parent=25625"}],"wp:term":[{"taxonomy":"category","embeddable":true,"href":"https:\/\/insideamateurfussball-ffm.de\/index.php?rest_route=%2Fwp%2Fv2%2Fcategories&post=25625"},{"taxonomy":"post_tag","embeddable":true,"href":"https:\/\/insideamateurfussball-ffm.de\/index.php?rest_route=%2Fwp%2Fv2%2Ftags&post=25625"}],"curies":[{"name":"wp","href":"https:\/\/api.w.org\/{rel}","templated":true}]}}