{"id":25591,"date":"2025-05-15T20:18:35","date_gmt":"2025-05-15T19:18:35","guid":{"rendered":"https:\/\/insideamateurfussball-ffm.de\/?p=25591"},"modified":"2025-05-15T20:19:35","modified_gmt":"2025-05-15T19:19:35","slug":"kossacks-mission-mit-aufstieg-von-griesheim-ii-erfuellt","status":"publish","type":"post","link":"https:\/\/insideamateurfussball-ffm.de\/?p=25591","title":{"rendered":"Kossacks Mission mit Aufstieg von Griesheim II erf\u00fcllt"},"content":{"rendered":"<h4>Zwei Spieltage vor dem Saisonende hat die Spvgg. 02 Griesheim II in der Kreisliga B (Gruppe 1) in ihrem letzten Saisonspiel die Meisterschaft und den damit verbundenen Aufstieg in die Kreisliga A geschafft.<\/h4>\n<figure id=\"attachment_25592\" aria-describedby=\"caption-attachment-25592\" style=\"width: 1600px\" class=\"wp-caption alignnone\"><img loading=\"lazy\" decoding=\"async\" class=\"wp-image-25592 size-full\" src=\"http:\/\/insideamateurfussball-ffm.de\/wp-content\/uploads\/2025\/05\/griesheimII.jpg\" alt=\"\" width=\"1600\" height=\"1200\" srcset=\"https:\/\/insideamateurfussball-ffm.de\/wp-content\/uploads\/2025\/05\/griesheimII.jpg 1600w, https:\/\/insideamateurfussball-ffm.de\/wp-content\/uploads\/2025\/05\/griesheimII-300x225.jpg 300w, https:\/\/insideamateurfussball-ffm.de\/wp-content\/uploads\/2025\/05\/griesheimII-1024x768.jpg 1024w, https:\/\/insideamateurfussball-ffm.de\/wp-content\/uploads\/2025\/05\/griesheimII-768x576.jpg 768w, https:\/\/insideamateurfussball-ffm.de\/wp-content\/uploads\/2025\/05\/griesheimII-1536x1152.jpg 1536w\" sizes=\"auto, (max-width: 1600px) 100vw, 1600px\" \/><figcaption id=\"caption-attachment-25592\" class=\"wp-caption-text\">Jubel bei den M\u00e4nnern der Griesheimer Reserve. Foto: Einsendung Verein.<\/figcaption><\/figure>\n<p><img loading=\"lazy\" decoding=\"async\" class=\"alignnone size-full wp-image-14\" src=\"http:\/\/insideamateurfussball-ffm.de\/wp-content\/uploads\/2021\/11\/SpVgg._02_Griesheim_02.jpg\" alt=\"\" width=\"100\" height=\"100\" \/><\/p>\n<p>Durch den 5:2-Heimsieg gegen den Vorletzten FFV Sportfreunde II \u00fcberholten die &#8222;Schleifer&#8220; noch den SV Eritrea, der bereits alle Saisonspiele absolviert hatte und dessen Spieler, Funktion\u00e4re und Zuschauer an der Eichenstra\u00dfe vergeblich auf einen Ausrutscher der Griesheimer warteten. An den letzten beiden Spieltagen sind beide Spitzenteams spielfrei, die Eritreer werden versuchen, den Griesheimern \u00fcber die Relegationsrunde in die A-Klasse zu folgen. Mirko Budimir brachte die Gastgeber fr\u00fch in F\u00fchrung (8.), die sich auch nicht durch die Rote Karte gegen St\u00fcrmer Rafed Matmati (30.) wegen einer T\u00e4tlichkeit aus dem Konzept bringen lie\u00df.<\/p>\n<p>Budimir erh\u00f6hte noch vor der Pause (39.). &#8222;Wir hatten den Gegner auch in Unterzahl im Griff&#8220;, konstatierte Griesheims Trainer Christian Kossack, f\u00fcr den die &#8222;Meisterschaft der kr\u00f6nende Abschluss&#8220; war. Denn damit ist die Mission f\u00fcr den altgedienten Funktion\u00e4r erf\u00fcllt, er \u00fcbergibt das Amt an seinen Nachfolger Jamal El Baouti, der an der Eichenstra\u00dfe schon als Spieler und Trainer wirkte und zuletzt im Jugendbereich beim VfB Unterliederbach t\u00e4tig war.<\/p>\n<blockquote>\n<h4>Meister mit 23 Siegen und 71 Punkten!<\/h4>\n<\/blockquote>\n<p>Nach dem Seitenwechsel erh\u00f6hten Michael Ofosu (48.), Semir Ribic (52.) und Richmond Osei (76.), ehe die Speuzer-Reserve unter der Regie des letztj\u00e4hrigen Griesheimer Trainers Erc\u00fcment Sahin mit Menderes Dinc (87.\/90.+1) verk\u00fcrzte. &#8222;Der Aufstieg ist verdient, nur Eritrea konnte punktem\u00e4\u00dfig mithalten. Wir haben aber auch zweimal gegen den Frankfurter Berg verloren, die uns gar nicht liegen&#8220;, res\u00fcmiert Kosack.<\/p>\n<p>71 Punkte, einer mehr als Vizemeister SV Eritrea mit 23 Siegen, zwei Remis und nur drei Niederlagen zu Buche. Mit 140:40 betr\u00e4gt die Tordifferenz runde +100. Beste Torsch\u00fctzen waren Mark Kinder (18) sowie Tarik Camo und Matmati mit jeweils 15. In der A-Liga, in die das Reserveteam der Griesheimer nach acht Jahren in der B-Klasse zur\u00fcckkehrt, traut Kossack der Mannschaft zu, &#8222;sich im Mittelfeld zu positionieren.&#8220;<\/p>\n","protected":false},"excerpt":{"rendered":"<p>Zwei Spieltage vor dem Saisonende hat die Spvgg. 02 Griesheim II in der Kreisliga B (Gruppe 1) in ihrem letzten Saisonspiel die Meisterschaft und den damit verbundenen Aufstieg in die Kreisliga A geschafft. Durch den 5:2-Heimsieg gegen den Vorletzten FFV Sportfreunde II \u00fcberholten die &#8222;Schleifer&#8220; noch den SV Eritrea, der bereits alle Saisonspiele absolviert hatte [&hellip;]<\/p>\n","protected":false},"author":1,"featured_media":25592,"comment_status":"closed","ping_status":"closed","sticky":true,"template":"","format":"standard","meta":{"footnotes":""},"categories":[11],"tags":[],"class_list":["post-25591","post","type-post","status-publish","format-standard","has-post-thumbnail","hentry","category-kreisliga-b"],"_links":{"self":[{"href":"https:\/\/insideamateurfussball-ffm.de\/index.php?rest_route=\/wp\/v2\/posts\/25591","targetHints":{"allow":["GET"]}}],"collection":[{"href":"https:\/\/insideamateurfussball-ffm.de\/index.php?rest_route=\/wp\/v2\/posts"}],"about":[{"href":"https:\/\/insideamateurfussball-ffm.de\/index.php?rest_route=\/wp\/v2\/types\/post"}],"author":[{"embeddable":true,"href":"https:\/\/insideamateurfussball-ffm.de\/index.php?rest_route=\/wp\/v2\/users\/1"}],"replies":[{"embeddable":true,"href":"https:\/\/insideamateurfussball-ffm.de\/index.php?rest_route=%2Fwp%2Fv2%2Fcomments&post=25591"}],"version-history":[{"count":2,"href":"https:\/\/insideamateurfussball-ffm.de\/index.php?rest_route=\/wp\/v2\/posts\/25591\/revisions"}],"predecessor-version":[{"id":25594,"href":"https:\/\/insideamateurfussball-ffm.de\/index.php?rest_route=\/wp\/v2\/posts\/25591\/revisions\/25594"}],"wp:featuredmedia":[{"embeddable":true,"href":"https:\/\/insideamateurfussball-ffm.de\/index.php?rest_route=\/wp\/v2\/media\/25592"}],"wp:attachment":[{"href":"https:\/\/insideamateurfussball-ffm.de\/index.php?rest_route=%2Fwp%2Fv2%2Fmedia&parent=25591"}],"wp:term":[{"taxonomy":"category","embeddable":true,"href":"https:\/\/insideamateurfussball-ffm.de\/index.php?rest_route=%2Fwp%2Fv2%2Fcategories&post=25591"},{"taxonomy":"post_tag","embeddable":true,"href":"https:\/\/insideamateurfussball-ffm.de\/index.php?rest_route=%2Fwp%2Fv2%2Ftags&post=25591"}],"curies":[{"name":"wp","href":"https:\/\/api.w.org\/{rel}","templated":true}]}}