{"id":25580,"date":"2025-05-15T14:17:54","date_gmt":"2025-05-15T13:17:54","guid":{"rendered":"https:\/\/insideamateurfussball-ffm.de\/?p=25580"},"modified":"2025-05-15T14:17:54","modified_gmt":"2025-05-15T13:17:54","slug":"speuzer-sagen-spiel-gegen-seckbach-ab","status":"publish","type":"post","link":"https:\/\/insideamateurfussball-ffm.de\/?p=25580","title":{"rendered":"Speuzer sagen Spiel gegen Seckbach ab"},"content":{"rendered":"<h4>Das Spiel der FFV Sportfreunde 04 gegen die FG Seckbach vom kommenden Wochenende ist vom Klassenleiter abgesetzt worden und wird f\u00fcr die Seckbacher gewertet, da die Speuzer keine Mannschaft zusammenbekommen.<\/h4>\n<figure id=\"attachment_25583\" aria-describedby=\"caption-attachment-25583\" style=\"width: 1280px\" class=\"wp-caption alignnone\"><img loading=\"lazy\" decoding=\"async\" class=\"wp-image-25583 size-full\" src=\"http:\/\/insideamateurfussball-ffm.de\/wp-content\/uploads\/2025\/05\/Speuzer-seckbach-1.jpg\" alt=\"\" width=\"1280\" height=\"720\" srcset=\"https:\/\/insideamateurfussball-ffm.de\/wp-content\/uploads\/2025\/05\/Speuzer-seckbach-1.jpg 1280w, https:\/\/insideamateurfussball-ffm.de\/wp-content\/uploads\/2025\/05\/Speuzer-seckbach-1-300x169.jpg 300w, https:\/\/insideamateurfussball-ffm.de\/wp-content\/uploads\/2025\/05\/Speuzer-seckbach-1-1024x576.jpg 1024w, https:\/\/insideamateurfussball-ffm.de\/wp-content\/uploads\/2025\/05\/Speuzer-seckbach-1-768x432.jpg 768w\" sizes=\"auto, (max-width: 1280px) 100vw, 1280px\" \/><figcaption id=\"caption-attachment-25583\" class=\"wp-caption-text\">Grafik: MZ<\/figcaption><\/figure>\n<h4>FFV Sportfreunde 04 &#8211; FG Seckbach abgesagt<\/h4>\n<p><img loading=\"lazy\" decoding=\"async\" class=\"alignnone size-full wp-image-141\" src=\"http:\/\/insideamateurfussball-ffm.de\/wp-content\/uploads\/2022\/05\/Speuzer.jpg\" alt=\"\" width=\"80\" height=\"80\" \/><img loading=\"lazy\" decoding=\"async\" class=\"alignnone size-full wp-image-544\" src=\"http:\/\/insideamateurfussball-ffm.de\/wp-content\/uploads\/2022\/06\/Seckbach.jpg\" alt=\"\" width=\"80\" height=\"80\" \/><\/p>\n<p>Die Speuzer haben das Spiel vom Wochenende gegen die FG Seckbach abgesagt, da sie keine Mannschaft zusammenbekommen. Bereits am letzten Wochenende startete die Mannschaft mit 3 A-Jugendlichen im Spiel beim FC Tempo, auf der Bank sa\u00dfen drei Spieler, die bereits vorher in der zweiten Mannschaft eingesetzt wurden. Diese drei Spieler wurden in der zweiten Halbzeit auch eingewechselt, danach verletzte sich ein weiterer Akteur und die Speuzer mussten das Spiel mit 10 Mann beenden. Trainer Lamine Kaiser sagte uns: &#8222;am Dienstag im Training waren nur 10 Mann, wovon 4 angeschlagene Spieler nur individuell mit dem Physio trainiert haben.&#8220;<\/p>\n<p>Deshalb wurde der Klassenleiter angesprochen, um das Spiel, das dann wohl f\u00fcr Seckbach gewertet wird, abzusagen. Seckbachs Spielausschuss-Vorsitzender Jo Nareike dazu: &#8222;Nun f\u00fcr uns ist das wirklich sehr schade, denn wir wollten nat\u00fcrlich vor dem Pokalendspiel im Spielrhythmus bleiben, aber es ist ja noch 3 Wochen bis dahin und auch noch zwei weitere Spiele.<\/p>\n<p>Ich habe mich aber ausdr\u00fccklich bei Uwe Kornd\u00f6rfer daf\u00fcr bedankt, dass sie uns so fr\u00fchzeitig informiert haben. Wir haben f\u00fcr die aktuelle Situation der Speuzer durchaus Verst\u00e4ndnis, mir tut eher leid, dass dieser Traditionsverein Frankfurts in derartig unruhiges Fahrwasser geraten ist.<\/p>\n<p>Und wir dr\u00fccken den Speuzern die Daumen, dass ein Neustart beginnt und der Verein auf die F\u00fc\u00dfe fallen wird. Das w\u00fcrde uns freuen. F\u00fcr uns waren sowohl Uwe Kornd\u00f6rfer, Wolfgang Kr\u00f6nung und nicht zuletzt Lamine Kaiser immer zuverl\u00e4ssige und stets freundliche Ansprechpartner.&#8220;<\/p>\n\n\n<p><\/p>\n","protected":false},"excerpt":{"rendered":"<p>Das Spiel der FFV Sportfreunde 04 gegen die FG Seckbach vom kommenden Wochenende ist vom Klassenleiter abgesetzt worden und wird f\u00fcr die Seckbacher gewertet, da die Speuzer keine Mannschaft zusammenbekommen. FFV Sportfreunde 04 &#8211; FG Seckbach abgesagt Die Speuzer haben das Spiel vom Wochenende gegen die FG Seckbach abgesagt, da sie keine Mannschaft zusammenbekommen. Bereits [&hellip;]<\/p>\n","protected":false},"author":3,"featured_media":25583,"comment_status":"closed","ping_status":"open","sticky":true,"template":"","format":"standard","meta":{"footnotes":""},"categories":[13],"tags":[],"class_list":["post-25580","post","type-post","status-publish","format-standard","has-post-thumbnail","hentry","category-gruppenliga-frankfurt-west"],"_links":{"self":[{"href":"https:\/\/insideamateurfussball-ffm.de\/index.php?rest_route=\/wp\/v2\/posts\/25580","targetHints":{"allow":["GET"]}}],"collection":[{"href":"https:\/\/insideamateurfussball-ffm.de\/index.php?rest_route=\/wp\/v2\/posts"}],"about":[{"href":"https:\/\/insideamateurfussball-ffm.de\/index.php?rest_route=\/wp\/v2\/types\/post"}],"author":[{"embeddable":true,"href":"https:\/\/insideamateurfussball-ffm.de\/index.php?rest_route=\/wp\/v2\/users\/3"}],"replies":[{"embeddable":true,"href":"https:\/\/insideamateurfussball-ffm.de\/index.php?rest_route=%2Fwp%2Fv2%2Fcomments&post=25580"}],"version-history":[{"count":7,"href":"https:\/\/insideamateurfussball-ffm.de\/index.php?rest_route=\/wp\/v2\/posts\/25580\/revisions"}],"predecessor-version":[{"id":25589,"href":"https:\/\/insideamateurfussball-ffm.de\/index.php?rest_route=\/wp\/v2\/posts\/25580\/revisions\/25589"}],"wp:featuredmedia":[{"embeddable":true,"href":"https:\/\/insideamateurfussball-ffm.de\/index.php?rest_route=\/wp\/v2\/media\/25583"}],"wp:attachment":[{"href":"https:\/\/insideamateurfussball-ffm.de\/index.php?rest_route=%2Fwp%2Fv2%2Fmedia&parent=25580"}],"wp:term":[{"taxonomy":"category","embeddable":true,"href":"https:\/\/insideamateurfussball-ffm.de\/index.php?rest_route=%2Fwp%2Fv2%2Fcategories&post=25580"},{"taxonomy":"post_tag","embeddable":true,"href":"https:\/\/insideamateurfussball-ffm.de\/index.php?rest_route=%2Fwp%2Fv2%2Ftags&post=25580"}],"curies":[{"name":"wp","href":"https:\/\/api.w.org\/{rel}","templated":true}]}}