{"id":25568,"date":"2025-05-13T22:04:42","date_gmt":"2025-05-13T21:04:42","guid":{"rendered":"https:\/\/insideamateurfussball-ffm.de\/?p=25568"},"modified":"2025-05-13T22:04:42","modified_gmt":"2025-05-13T21:04:42","slug":"abbruch-in-griesheim-bringt-sportgericht-in-zugzwang","status":"publish","type":"post","link":"https:\/\/insideamateurfussball-ffm.de\/?p=25568","title":{"rendered":"Abbruch in Griesheim bringt Sportgericht in Zugzwang"},"content":{"rendered":"<h4>Ein bedauerlicher Spielabbruch in der Partie zwischen der Spvgg. 02 Griesheim und dem VfL Germania 94 beim Stande von 3:1 f\u00fcr die Platzherren bringt das Kreissportgericht unter dem Vorsitz von Swaantje Dirks unter Zugzwang. Zwei Wochen vor Saisonende stehen noch einige Urteile aus und da die G\u00e4ste vom Mainwasen Ambitionen auf die Teilnahme zur Gruppenliga-Relegation hegen, ist Eile in Sachen Urteilsfindung geboten.<\/h4>\n<figure id=\"attachment_25569\" aria-describedby=\"caption-attachment-25569\" style=\"width: 895px\" class=\"wp-caption alignnone\"><img loading=\"lazy\" decoding=\"async\" class=\"wp-image-25569\" src=\"http:\/\/insideamateurfussball-ffm.de\/wp-content\/uploads\/2025\/05\/gries-hedd5-1.jpg\" alt=\"\" width=\"895\" height=\"662\" srcset=\"https:\/\/insideamateurfussball-ffm.de\/wp-content\/uploads\/2025\/05\/gries-hedd5-1.jpg 886w, https:\/\/insideamateurfussball-ffm.de\/wp-content\/uploads\/2025\/05\/gries-hedd5-1-300x222.jpg 300w, https:\/\/insideamateurfussball-ffm.de\/wp-content\/uploads\/2025\/05\/gries-hedd5-1-768x568.jpg 768w\" sizes=\"auto, (max-width: 895px) 100vw, 895px\" \/><figcaption id=\"caption-attachment-25569\" class=\"wp-caption-text\">In Griesheim kam es zum Abbruch. Das Sportgericht muss zeitnah ein Urteil f\u00e4llen. Foto: Archiv Mithat G\u00fcrser.<\/figcaption><\/figure>\n<h4>Spvgg. 02 Griesheim &#8211; VfL Germania 94 3:1 (2:0) abgebrochen<\/h4>\n<p><img loading=\"lazy\" decoding=\"async\" class=\"alignnone size-full wp-image-14\" src=\"http:\/\/insideamateurfussball-ffm.de\/wp-content\/uploads\/2021\/11\/SpVgg._02_Griesheim_02.jpg\" alt=\"\" width=\"100\" height=\"100\" \/><img loading=\"lazy\" decoding=\"async\" class=\"alignnone size-full wp-image-508\" src=\"http:\/\/insideamateurfussball-ffm.de\/wp-content\/uploads\/2022\/05\/Germania-94.jpg\" alt=\"\" width=\"80\" height=\"80\" \/><\/p>\n<p>Griesheim f\u00fchrte im ersten Abschnitt durch Denis Memedi (18.) und Emrah Polat (23.). In der Nachspielzeit der ersten Halbzeit gab es ein Gerangel zwischen Akteuren beider Teams. Hier erhielten der Griesheimer Enver Kelmendi und die &#8222;Germanen&#8220; Paulinus Fung und Daniel Ntregai Zeitstrafen (45.\/+2). Im zweiten Abschnitt konnte Ante Peko nach einem Freisto\u00df von Max Fiege f\u00fcr die Griesheimer erh\u00f6hen (70.), dann verk\u00fcrzte Sunny Sallan (73.). In der 77. Minute erhielt Fung, der mit Griesheims Trainer Dominic Machado bei Viktoria Kelsterbach spielte und erst seit kurzem bei der Germania spielt, nach einer T\u00e4tlichkeit die Rote Karte.<\/p>\n<p>Griesheims Emrah Polat reagierte mit einem Revanchefoul und sah ebenfalls Rot. Der Schiedsrichter wendete daraufhin das DFB-Stop-Konzept an und schickte die Mannschaften zur Beruhigung in den eigenen Strafraum. Als der Referee die Teams nach zehn Minuten wieder zu sich rief, hatten sich die Gem\u00fcter nicht beruhigt, sondern Spieler beider Teams h\u00e4tten weitere Spielstrafen gegen gegnerische Akteure verlangt.<\/p>\n<blockquote>\n<h4>&#8222;Es gab einige Gerangel&#8220; (Germania-Trainer Nouredine El Moussaoui).<\/h4>\n<\/blockquote>\n<p>Um eine weitere Eskalation zu verhindern, habe der Unparteiische abgebrochen. Griesheims Trainer Dominic Machado bedauerte den Abbruch: &#8222;Verbal hatten sich beide Mannschaften nach der Unterbrechung nicht beruhigt, dementsprechend hat der Schiedsrichter abgebrochen. Es gab aber auch Provokationen von Germania-Seite, die so nicht gehen.&#8220; Bei den G\u00e4sten stand Co-Trainer Nouradine El Moussaoui, kurz &#8222;Elmo&#8220; genannt, f\u00fcr den abwesenden Siar Daudi in der Verantwortung: &#8222;Es gab einige Gerangel, da wurden Leute vom Platz gestellt. Die Griesheimer forderten weitere Platzverweise gegen uns und dann hat der Schiedsrichter abgebrochen. Er h\u00e4tte vielleicht noch mal mit den Kapit\u00e4nen sprechen k\u00f6nnen, um das Spiel fortzusetzen&#8220;, meinte er.<\/p>\n<p>Der Ball liegt nun beim Kreissportgericht, das sich nun mit der Frage besch\u00e4ftigen muss, ob eine oder beide Parteien Schuld am Abbruch tragen und ob entsprechende Strafen verh\u00e4ngt werden m\u00fcssen. Zudem geht es um die Wertung der Partie oder um eine m\u00f6gliche Neuansetzung.<\/p>\n<h4><strong>Restprogramm Griesheim: Makkabi (A), Posavina (H). Noch offen: Wertung der Partie gegen Germania 94. <\/strong><\/h4>\n<h4><strong>Restprogramm Germania 94: Enkheim (H), Heddernheim (A). Noch offen: Wertung der Partie in Griesheim.<\/strong><\/h4>\n<blockquote>\n<h4>Schiedsrichter: Marcel Reinke (TSV Haingr\u00fcndau). Zuschauer: 90.<\/h4>\n<h4>Tore: 1:0 Denis Memedi (18.), 2:0 Emrah Polat (23.), 3:0 Ante Peko (70.), 3:1 Sunny Sallan (73.).<\/h4>\n<\/blockquote>\n","protected":false},"excerpt":{"rendered":"<p>Ein bedauerlicher Spielabbruch in der Partie zwischen der Spvgg. 02 Griesheim und dem VfL Germania 94 beim Stande von 3:1 f\u00fcr die Platzherren bringt das Kreissportgericht unter dem Vorsitz von Swaantje Dirks unter Zugzwang. Zwei Wochen vor Saisonende stehen noch einige Urteile aus und da die G\u00e4ste vom Mainwasen Ambitionen auf die Teilnahme zur Gruppenliga-Relegation [&hellip;]<\/p>\n","protected":false},"author":1,"featured_media":25569,"comment_status":"closed","ping_status":"closed","sticky":true,"template":"","format":"standard","meta":{"footnotes":""},"categories":[2],"tags":[],"class_list":["post-25568","post","type-post","status-publish","format-standard","has-post-thumbnail","hentry","category-kreisoberliga-frankfurt"],"_links":{"self":[{"href":"https:\/\/insideamateurfussball-ffm.de\/index.php?rest_route=\/wp\/v2\/posts\/25568","targetHints":{"allow":["GET"]}}],"collection":[{"href":"https:\/\/insideamateurfussball-ffm.de\/index.php?rest_route=\/wp\/v2\/posts"}],"about":[{"href":"https:\/\/insideamateurfussball-ffm.de\/index.php?rest_route=\/wp\/v2\/types\/post"}],"author":[{"embeddable":true,"href":"https:\/\/insideamateurfussball-ffm.de\/index.php?rest_route=\/wp\/v2\/users\/1"}],"replies":[{"embeddable":true,"href":"https:\/\/insideamateurfussball-ffm.de\/index.php?rest_route=%2Fwp%2Fv2%2Fcomments&post=25568"}],"version-history":[{"count":1,"href":"https:\/\/insideamateurfussball-ffm.de\/index.php?rest_route=\/wp\/v2\/posts\/25568\/revisions"}],"predecessor-version":[{"id":25570,"href":"https:\/\/insideamateurfussball-ffm.de\/index.php?rest_route=\/wp\/v2\/posts\/25568\/revisions\/25570"}],"wp:featuredmedia":[{"embeddable":true,"href":"https:\/\/insideamateurfussball-ffm.de\/index.php?rest_route=\/wp\/v2\/media\/25569"}],"wp:attachment":[{"href":"https:\/\/insideamateurfussball-ffm.de\/index.php?rest_route=%2Fwp%2Fv2%2Fmedia&parent=25568"}],"wp:term":[{"taxonomy":"category","embeddable":true,"href":"https:\/\/insideamateurfussball-ffm.de\/index.php?rest_route=%2Fwp%2Fv2%2Fcategories&post=25568"},{"taxonomy":"post_tag","embeddable":true,"href":"https:\/\/insideamateurfussball-ffm.de\/index.php?rest_route=%2Fwp%2Fv2%2Ftags&post=25568"}],"curies":[{"name":"wp","href":"https:\/\/api.w.org\/{rel}","templated":true}]}}