{"id":25537,"date":"2025-05-13T18:05:39","date_gmt":"2025-05-13T17:05:39","guid":{"rendered":"https:\/\/insideamateurfussball-ffm.de\/?p=25537"},"modified":"2025-05-13T18:41:48","modified_gmt":"2025-05-13T17:41:48","slug":"roedelheim-fehlen-zwei-punkte-zum-klassenerhalt","status":"publish","type":"post","link":"https:\/\/insideamateurfussball-ffm.de\/?p=25537","title":{"rendered":"R\u00f6delheim fehlen zwei Punkte zum Klassenerhalt"},"content":{"rendered":"<h4>W\u00e4hrend Aufsteiger Germania Enkheim den Klassenerhalt schon vor dem 3:3 gegen den R\u00f6delheimer FC lange in der Tasche hatte, steht der RFC nach dem Remis im Riedstadion kurz davor. Rechnerisch fehlen den G\u00e4sten noch zwei Punkte, um nicht mehr in die Relegation rutschen zu k\u00f6nnen. Au\u00dferdem steht immer noch das Urteil aus der abgebrochenen Partie gegen Harheim aus.<\/h4>\n<figure id=\"attachment_25538\" aria-describedby=\"caption-attachment-25538\" style=\"width: 1079px\" class=\"wp-caption alignnone\"><img loading=\"lazy\" decoding=\"async\" class=\"wp-image-25538 size-full\" src=\"http:\/\/insideamateurfussball-ffm.de\/wp-content\/uploads\/2025\/05\/Enk-Roe.jpg\" alt=\"\" width=\"1079\" height=\"789\" srcset=\"https:\/\/insideamateurfussball-ffm.de\/wp-content\/uploads\/2025\/05\/Enk-Roe.jpg 1079w, https:\/\/insideamateurfussball-ffm.de\/wp-content\/uploads\/2025\/05\/Enk-Roe-300x219.jpg 300w, https:\/\/insideamateurfussball-ffm.de\/wp-content\/uploads\/2025\/05\/Enk-Roe-1024x749.jpg 1024w, https:\/\/insideamateurfussball-ffm.de\/wp-content\/uploads\/2025\/05\/Enk-Roe-768x562.jpg 768w\" sizes=\"auto, (max-width: 1079px) 100vw, 1079px\" \/><figcaption id=\"caption-attachment-25538\" class=\"wp-caption-text\">RFC-St\u00fcrmer Jakob Nobbe im Enkheimer Strafraum. Foto: Instagram\/RFC.<\/figcaption><\/figure>\n<h4>FC Germania Enkheim &#8211; 1. R\u00f6delheimer FC 3:3 (1:2)<\/h4>\n<p><img loading=\"lazy\" decoding=\"async\" class=\"alignnone size-full wp-image-1537\" src=\"http:\/\/insideamateurfussball-ffm.de\/wp-content\/uploads\/2022\/07\/Enkheim.jpg\" alt=\"\" width=\"63\" height=\"80\" \/><img loading=\"lazy\" decoding=\"async\" class=\"alignnone size-full wp-image-333\" src=\"http:\/\/insideamateurfussball-ffm.de\/wp-content\/uploads\/2022\/05\/Roedelheim.jpg\" alt=\"\" width=\"80\" height=\"73\" \/><\/p>\n<p>Enkheim hatte 2023 im letzten Relegationsspiel in R\u00f6delheim mit einer 1:5-Niederlage den Aufstieg verspielt, folgte dem RFC aber ein Jahr sp\u00e4ter in die Kreisoberliga. Mit 41 Punkten und Rang sieben kann die Germania mit ihrer Aufstiegssaison mehr als zufrieden sein, Enkheim geriet nie in Abstiegsgefahr, muss aber im Hinblick auf die kommende Saison an der Heimbilanz arbeiten. Auch gegen R\u00f6delheim kam das Team von Trainer Steffen Wittig nicht \u00fcber ein Remis hinaus, der aber &#8222;mit der Mannschaft zufrieden war, obwohl es tabellarisch um nicht mehr viel ging. Nach dem Halbzeitr\u00fcckstand sind wir gut zur\u00fcckgekommen und in F\u00fchrung gegangen. Letztendlich k\u00f6nnen wir mit dem Unentschieden zufrieden sein.&#8220; Auch RFC-Sprecher Volker Flauaus sah &#8222;letztendlich ein gerechtes Unentschieden, das zum Schluss beide Seiten nach sehr guten Chancen auch noch f\u00fcr sich h\u00e4tten entscheiden k\u00f6nnen. Wir k\u00f6nnen aber gut mit dem Punkt leben, denn die Germania hat uns alles abverlangt und wollte Revanche f\u00fcr das verlorene Relegationsspiel 2023 und die Ausw\u00e4rtsniederlage in der Hinrunde.&#8220;<\/p>\n<p>Der Blitzstart der Germania f\u00fchrte schon in der 1. Minute zur F\u00fchrung durch Tobias Schirmer, RFC-Torwart Gianni Gioia kam nach einem langen Ball in die Spitze zu fr\u00fch aus dem Tor, wurde ausgespielt und nach dem Querpass zum mitgelaufenen Schirmer brauchte dieser nur ins leere Tor einzuschieben. Doch der Club fing sich schnell, einen langen Ball erlief Ali Osman, umkurvte noch zwei Gegenspieler und konnte nur mit einem Foul im Strafraum gestoppt werden. Den f\u00e4lligen Elfmeter verwandelte der Gefoulte selbst sicher zum Ausgleich (8.). Die Germania \u00fcbernahm in der Folgezeit das Kommando, schn\u00fcrte den Club hinten rein, doch mehr als ein Pfostenschuss kam nicht dabei heraus. Kurz vor der Halbzeit hatte der Club die st\u00e4rkste Phase, eine gef\u00fchlvolle Flanke von Niklas Vogt verwertete Adam Zazoua mit dem Kopf zur F\u00fchrung (41.). Danach h\u00e4tte Ali Osman das 3:1 &#8222;machen m\u00fcssen&#8220;, als er sich erneut klug durchtankte, drei Gegenspieler aussteigen lie\u00df und dann frei mit seinem schw\u00e4cheren linken Fuss aus elf Metern direkt den Enkheimer Torwart Max-Emil Flamme anvisierte.<\/p>\n<blockquote>\n<h4>Trams mit Doppelpack<\/h4>\n<\/blockquote>\n<p>Nach der Pause direkt ein Freisto\u00df durch Jakob Nobbe an das Au\u00dfennetz, doch dann kam Enkheim stark auf. Verzog Lars Trams noch in der 50. Minute mit einem Gewaltschuss knapp, erzielte er nur eine Minute sp\u00e4ter mit einem verwandelten Foulelfmeter den Ausgleich zum 2:2 (51.). Gianni Gioia, der in diesem Spiel stark auf der Linie agierte, aber oft die falsche Entscheidung beim Herauslaufen traf, holte einen St\u00fcrmer der Germania im Strafraum von den Beinen. Zwanzig Minuten passierte dann relativ wenig, der Club bekam das Spiel mehr in den Griff, als in der 71. Minute nach einem eigenem Eckball fast die gesamte Mannschaft aufger\u00fcckt war und der abgewehrte Ball schnell zu Lars Trams kam, der seine Verfolger absch\u00fcttelte, auch noch den herauslaufenden Gianni Gioia umspielte und ins leere Tor zur 3:2 F\u00fchrung f\u00fcr die Germania einschob (70.).<\/p>\n<p>Der Club gab sich nicht auf, mobilisierte alle Kr\u00e4fte, brachte mit Enno Lang einen weiteren St\u00fcrmer und kam in der 76. Minute zum erneuten Ausgleich. Einen Freisto\u00df durch Florian Meinshausen verl\u00e4ngerte Niklas Vogt geschickt zu Enno Lang, der gekonnt traf. Zum Schluss wurde das Spiel hektischer, es wogte hin und her und beide Seiten h\u00e4tten noch den Lucky Punch erzielen k\u00f6nnen. Die Germania pr\u00fcfte die Latte des R\u00f6delheimer Tores, die zum Gl\u00fcck f\u00fcr den Club stand hielt, und der Club hatte noch die 100%ige Chance. Nach einer Eckballserie, drei Ecken konnte die Germania mit M\u00fche verteidigen, kam der Ball nach der vierten Ecke in der 88. Minute zum am F\u00fcnfmeterraum lauernden Ali Osman, doch dieser schaffte es in zwei Versuchen nicht, die vielbeinige Abwehr der Germania zu \u00fcberwinden. Eine 10 Minuten Strafe f\u00fcr einen Enkheimer nach wiederholtem Foulspiel spielte keine Rolle mehr.<\/p>\n<h4><strong>Restprogramm Enkheim: Germania 94 (A), Makkabi (H).<\/strong><\/h4>\n<h4><strong>Restprogramm R\u00f6delheim: Heddernheim (H), Kosova (H). Noch ausstehend: Wertung der Heimpartie gegen Harheim.<\/strong><\/h4>\n<blockquote>\n<h4>Schiedsrichter: Justus Bechthold (SV Melitia Roth). Zuschauer: 30.<\/h4>\n<h4>Tore: 1:0 Tobias Schirmer (1.), 1:1 Ali Osman (8.\/Foulelfmeter), 1:2 Adam Zazoua (41.), 2:2, 3:2 Lars Trams (51.\/70.), 3:3 Enno Lang (76.).<\/h4>\n<\/blockquote>\n","protected":false},"excerpt":{"rendered":"<p>W\u00e4hrend Aufsteiger Germania Enkheim den Klassenerhalt schon vor dem 3:3 gegen den R\u00f6delheimer FC lange in der Tasche hatte, steht der RFC nach dem Remis im Riedstadion kurz davor. Rechnerisch fehlen den G\u00e4sten noch zwei Punkte, um nicht mehr in die Relegation rutschen zu k\u00f6nnen. Au\u00dferdem steht immer noch das Urteil aus der abgebrochenen Partie [&hellip;]<\/p>\n","protected":false},"author":1,"featured_media":25538,"comment_status":"open","ping_status":"open","sticky":true,"template":"","format":"standard","meta":{"footnotes":""},"categories":[2],"tags":[],"class_list":["post-25537","post","type-post","status-publish","format-standard","has-post-thumbnail","hentry","category-kreisoberliga-frankfurt"],"_links":{"self":[{"href":"https:\/\/insideamateurfussball-ffm.de\/index.php?rest_route=\/wp\/v2\/posts\/25537","targetHints":{"allow":["GET"]}}],"collection":[{"href":"https:\/\/insideamateurfussball-ffm.de\/index.php?rest_route=\/wp\/v2\/posts"}],"about":[{"href":"https:\/\/insideamateurfussball-ffm.de\/index.php?rest_route=\/wp\/v2\/types\/post"}],"author":[{"embeddable":true,"href":"https:\/\/insideamateurfussball-ffm.de\/index.php?rest_route=\/wp\/v2\/users\/1"}],"replies":[{"embeddable":true,"href":"https:\/\/insideamateurfussball-ffm.de\/index.php?rest_route=%2Fwp%2Fv2%2Fcomments&post=25537"}],"version-history":[{"count":5,"href":"https:\/\/insideamateurfussball-ffm.de\/index.php?rest_route=\/wp\/v2\/posts\/25537\/revisions"}],"predecessor-version":[{"id":25543,"href":"https:\/\/insideamateurfussball-ffm.de\/index.php?rest_route=\/wp\/v2\/posts\/25537\/revisions\/25543"}],"wp:featuredmedia":[{"embeddable":true,"href":"https:\/\/insideamateurfussball-ffm.de\/index.php?rest_route=\/wp\/v2\/media\/25538"}],"wp:attachment":[{"href":"https:\/\/insideamateurfussball-ffm.de\/index.php?rest_route=%2Fwp%2Fv2%2Fmedia&parent=25537"}],"wp:term":[{"taxonomy":"category","embeddable":true,"href":"https:\/\/insideamateurfussball-ffm.de\/index.php?rest_route=%2Fwp%2Fv2%2Fcategories&post=25537"},{"taxonomy":"post_tag","embeddable":true,"href":"https:\/\/insideamateurfussball-ffm.de\/index.php?rest_route=%2Fwp%2Fv2%2Ftags&post=25537"}],"curies":[{"name":"wp","href":"https:\/\/api.w.org\/{rel}","templated":true}]}}