{"id":25491,"date":"2025-05-12T14:45:56","date_gmt":"2025-05-12T13:45:56","guid":{"rendered":"https:\/\/insideamateurfussball-ffm.de\/?p=25491"},"modified":"2025-05-12T14:45:56","modified_gmt":"2025-05-12T13:45:56","slug":"glueckwunsch-an-kalbach-zur-meisterschaft-und-zum-aufstieg","status":"publish","type":"post","link":"https:\/\/insideamateurfussball-ffm.de\/?p=25491","title":{"rendered":"Gl\u00fcckwunsch an Kalbach zur Meisterschaft und zum Aufstieg"},"content":{"rendered":"<h4>5 Minuten nach dem 4:0-Sieg gegen die Spvgg. 03 Fechenheim kam die Kunde aus Friedrichsdorf, wo der SV Bosnien\/Herzegowina mit 1:0 gewinnen konnte. Damit steht der FC Kalbach bereits 3 Spieltage vor Schluss als Meister und Aufsteiger in die Verbandsliga S\u00fcd fest.<\/h4>\n<figure id=\"attachment_25499\" aria-describedby=\"caption-attachment-25499\" style=\"width: 2016px\" class=\"wp-caption alignnone\"><img loading=\"lazy\" decoding=\"async\" class=\"wp-image-25499 size-full\" src=\"http:\/\/insideamateurfussball-ffm.de\/wp-content\/uploads\/2025\/05\/kalbachfechenheim08.jpg\" alt=\"\" width=\"2016\" height=\"1512\" srcset=\"https:\/\/insideamateurfussball-ffm.de\/wp-content\/uploads\/2025\/05\/kalbachfechenheim08.jpg 2016w, https:\/\/insideamateurfussball-ffm.de\/wp-content\/uploads\/2025\/05\/kalbachfechenheim08-300x225.jpg 300w, https:\/\/insideamateurfussball-ffm.de\/wp-content\/uploads\/2025\/05\/kalbachfechenheim08-1024x768.jpg 1024w, https:\/\/insideamateurfussball-ffm.de\/wp-content\/uploads\/2025\/05\/kalbachfechenheim08-768x576.jpg 768w, https:\/\/insideamateurfussball-ffm.de\/wp-content\/uploads\/2025\/05\/kalbachfechenheim08-1536x1152.jpg 1536w\" sizes=\"auto, (max-width: 2016px) 100vw, 2016px\" \/><figcaption id=\"caption-attachment-25499\" class=\"wp-caption-text\">Der Moment, als klar wurde, dass es f\u00fcr den Aufstieg reicht. Foto: MZ<\/figcaption><\/figure>\n<h4>FC Kalbach &#8211; Spvgg. 03 Fechenheim 4:0 (0:0)<\/h4>\n<p><img loading=\"lazy\" decoding=\"async\" class=\"alignnone size-full wp-image-16\" src=\"http:\/\/insideamateurfussball-ffm.de\/wp-content\/uploads\/2021\/11\/kalbach-wappen.jpg\" alt=\"\" width=\"80\" height=\"80\" \/><img loading=\"lazy\" decoding=\"async\" class=\"alignnone size-full wp-image-603\" src=\"http:\/\/insideamateurfussball-ffm.de\/wp-content\/uploads\/2022\/06\/Fech03.jpg\" alt=\"\" width=\"52\" height=\"80\" \/><\/p>\n<p>Nur wenige Zuschauer kamen am Muttertag bei sonnigem Wetter zum Heimspiel des FC Kalbach, im Topspiel empfing man die Spvgg. 03 Fechenheim, bei einem eigenen Sieg und einer gleichzeitigen Niederlage des FSV Friedrichsdorf gegen den SV Bosnien\/Herzegowina konnte man Meister werden und aufsteigen. In der ersten Halbzeit entwickelte sich ein Spiel auf Augenh\u00f6he, die gr\u00f6\u00dfte Torchance besa\u00dfen sogar die G\u00e4ste aus Fechenheim.<\/p>\n<p>Nach einem Abseitstor von Achraf Gara Ali in der 19.Minute kam in der 20.Minute die gro\u00dfe Chance f\u00fcr die G\u00e4ste, nach einem zu kurzen R\u00fcckpass von Ricardo Harrabi kam Felix Casalino an den Ball, umkurvte Torwart Fabian Lanthaler, doch seinen Schuss aus spitzem Winkel konnte Alexander Ian Azimpour noch von der Linie kratzen. In der 31.Minute kam Kalbachs Celil Cetinkaya in guter Schussposition 12 Meter vor dem Tor an den Ball, legte aber noch quer zu Fabio Pinto da Silva, dessen Schuss am Tor vorbeirauschte. Nur eine Minute sp\u00e4ter ging ein Kopfball von Achraf Gara Ali \u00fcber das Tor. Kalbach, das schon zu Beginn auf seinen Kapit\u00e4n Oliver Pauls verzichten musste, verlor in der 42.Minute auch seinen n\u00e4chsten Kapit\u00e4n, Toptorj\u00e4ger Gara Ali musste verletzt ausgewechselt werden.<\/p>\n<p>Auch in der zweiten Halbzeit war es zun\u00e4chst ein Duell auf Augenh\u00f6he, ehe dann ab der 57.Minute die entscheidenden 12 Minuten des Spiels anbrachen, bei denen Fechenheim stark mithalf. In der 57.Minute konnte Fechenheims Ayew Moore Anthony Wade nur durch eine Notbremse kurz vor dem Strafraum stoppen und sah die berechtigte rote Karte. Den f\u00e4lligen Freisto\u00df schoss Cetinkaya aus 17 Metern \u00fcber das Tor. Nur drei Minuten sp\u00e4ter foulte Julien Herrero Cennamo seinen Gegenspieler in der gegnerischen H\u00e4lfte mit einem gestreckten Bein, schon mit gelb vorbelastet aus der ersten H\u00e4lfte musste auch Cennamo den Platz mit gelb-rot verlassen und reduzierte damit sein Team auf 9 Spieler.<\/p>\n<h3>Leichtes Spiel f\u00fcr Kalbach in doppelter \u00dcberzahl<\/h3>\n<p>Den Vorteil der zweifachen \u00dcberzahl wusste Kalbach souver\u00e4n zu nutzen und kam innerhalb von 5 Minuten zu drei Toren. In der 64.Minute konnte Fabio Pinto da Silva den Ball nach einer Flanke zum 1:0 ins Tor bugsieren, nur 2 Minuten sp\u00e4ter setzte sich Shadrach Boakye auf der rechten Seite durch, seinen R\u00fcckpass von der Grundlinie konnte Anthony Wade zum 2:0 einnetzen. Und in der 69.Minute war es erneut Wade, der nach einem Flankenlauf von Aleksej Radulaski in der Mitte wieder goldrichtig stand und das 3:0 erzielte. Mittlerweile kam auch die Kunde aus Friedrichsdorf, dass Bosnien\/Herzegowina mit 1:0 in F\u00fchrung gegangen ist, und Kalbach spielte das Spiel souver\u00e4n zu Ende, Aleksej Radulaski erzielte in der 77.Minute nach einer Flanke von Shuma Muneyama per Kopf den 4:0-Endstand.<\/p>\n<p>Mitten in die Siegesfeier kam dann die Kunde von der bosnischen Hilfe, dem 1:0-Sieg in Friedrichsdorf, und so kam es dann etwas versp\u00e4tet zur Meisterschaftsfeier, was auch den Aufstieg in die Verbandsliga S\u00fcd bedeutet, nach dem im letzten Jahr knapp verpassten Aufstieg in der Relegation ein verdienter Lohn f\u00fcr eine gute Saison. Vorstandsmitglied Manni Meyer meinte dann auch dazu: \u201eich muss sagen, vom Anfang bis zum Ende, die Runde hat seinesgleichen gesucht. Wir haben von Anfang an top gespielt, haben nach diesem unglaublichen Ausscheiden in der Relegation das wiederhergestellt, die Spannung, die Attraktivit\u00e4t unseres Spiels, sind Meister geworden. Gl\u00fcckwunsch an das Trainerteam, mehr kann ich dazu nicht sagen, da kann man richtig stolz sein auf die Truppe, die sowas erreicht. Die Verbandsliga kann kommen.\u201c<\/p>\n<p>Die Fechenheimer, die bis zu den beiden roten Karten gut mitgehalten haben, haben nach der Niederlage auf dem f\u00fcnften Platz liegend nur noch geringe Chancen auf den Relegationsplatz. Der am Saisonende ausscheidende Trainer Siva Piradeep Anandan sagte nach dem Spiel: \u201edas ist schon bitter, es war zu Anfang ein Spiel auf Augenh\u00f6he, mit etwas Gl\u00fcck h\u00e4tten wir zur Halbzeit auch in F\u00fchrung gehen k\u00f6nnen, Kleinigkeiten haben gefehlt und gute Schusschancen wurden ausgelassen. Wir waren gut im Spiel, bissig in den Zweik\u00e4mpfen und die Mannschaft hat alles rausgehauen. Die zwei roten Karten in der zweiten Halbzeit haben dann das Spiel entschieden.\u201c<\/p>\n<p>Fechenheims Sportdirektor Asghar Ali-Jaali meinte zur Trainersuche: \u201ewir haben Zeit, ab Montag haben sich auf meinem Schreibtisch viele Bewerbungen geh\u00e4uft.\u201c Am n\u00e4chsten Spieltag sind die Fechenheimer spielfrei, w\u00e4hrend der Meister FC Kalbach, f\u00fcr den am Ende der Saison mit dem Kreispokal noch das Double m\u00f6glich ist, den FV Stierstadt zum Schaulaufen empf\u00e4ngt.<\/p>\n<h4>Schiedsrichter: Felix Krauser (FC Eddersheim). Zuschauer: 70.<\/h4>\n<h4>Tore: 1:0 Fabio Pinto da Silva (64.), 2:0 Anthony Wade (66.), 3:0 Anthony Wade (69.), 4:0 Aleksej Radulaski (77.)<\/h4>\n\n\n<figure class=\"wp-block-image size-large\"><img loading=\"lazy\" decoding=\"async\" width=\"1024\" height=\"768\" src=\"http:\/\/insideamateurfussball-ffm.de\/wp-content\/uploads\/2025\/05\/kalbachfechenheim01-1024x768.jpg\" alt=\"\" class=\"wp-image-25492\" srcset=\"https:\/\/insideamateurfussball-ffm.de\/wp-content\/uploads\/2025\/05\/kalbachfechenheim01-1024x768.jpg 1024w, https:\/\/insideamateurfussball-ffm.de\/wp-content\/uploads\/2025\/05\/kalbachfechenheim01-300x225.jpg 300w, https:\/\/insideamateurfussball-ffm.de\/wp-content\/uploads\/2025\/05\/kalbachfechenheim01-768x576.jpg 768w, https:\/\/insideamateurfussball-ffm.de\/wp-content\/uploads\/2025\/05\/kalbachfechenheim01-1536x1152.jpg 1536w, https:\/\/insideamateurfussball-ffm.de\/wp-content\/uploads\/2025\/05\/kalbachfechenheim01.jpg 2016w\" sizes=\"auto, (max-width: 1024px) 100vw, 1024px\" \/><\/figure>\n\n\n\n<figure class=\"wp-block-image size-large\"><img loading=\"lazy\" decoding=\"async\" width=\"1024\" height=\"768\" src=\"http:\/\/insideamateurfussball-ffm.de\/wp-content\/uploads\/2025\/05\/kalbachfechenheim02-1024x768.jpg\" alt=\"\" class=\"wp-image-25493\" srcset=\"https:\/\/insideamateurfussball-ffm.de\/wp-content\/uploads\/2025\/05\/kalbachfechenheim02-1024x768.jpg 1024w, https:\/\/insideamateurfussball-ffm.de\/wp-content\/uploads\/2025\/05\/kalbachfechenheim02-300x225.jpg 300w, https:\/\/insideamateurfussball-ffm.de\/wp-content\/uploads\/2025\/05\/kalbachfechenheim02-768x576.jpg 768w, https:\/\/insideamateurfussball-ffm.de\/wp-content\/uploads\/2025\/05\/kalbachfechenheim02-1536x1152.jpg 1536w, https:\/\/insideamateurfussball-ffm.de\/wp-content\/uploads\/2025\/05\/kalbachfechenheim02.jpg 2016w\" sizes=\"auto, (max-width: 1024px) 100vw, 1024px\" \/><\/figure>\n\n\n\n<figure class=\"wp-block-image size-large\"><img loading=\"lazy\" decoding=\"async\" width=\"1024\" height=\"768\" src=\"http:\/\/insideamateurfussball-ffm.de\/wp-content\/uploads\/2025\/05\/kalbachfechenheim03-1024x768.jpg\" alt=\"\" class=\"wp-image-25494\" srcset=\"https:\/\/insideamateurfussball-ffm.de\/wp-content\/uploads\/2025\/05\/kalbachfechenheim03-1024x768.jpg 1024w, https:\/\/insideamateurfussball-ffm.de\/wp-content\/uploads\/2025\/05\/kalbachfechenheim03-300x225.jpg 300w, https:\/\/insideamateurfussball-ffm.de\/wp-content\/uploads\/2025\/05\/kalbachfechenheim03-768x576.jpg 768w, https:\/\/insideamateurfussball-ffm.de\/wp-content\/uploads\/2025\/05\/kalbachfechenheim03-1536x1152.jpg 1536w, https:\/\/insideamateurfussball-ffm.de\/wp-content\/uploads\/2025\/05\/kalbachfechenheim03.jpg 2016w\" sizes=\"auto, (max-width: 1024px) 100vw, 1024px\" \/><\/figure>\n\n\n\n<figure class=\"wp-block-image size-large\"><img loading=\"lazy\" decoding=\"async\" width=\"1024\" height=\"768\" src=\"http:\/\/insideamateurfussball-ffm.de\/wp-content\/uploads\/2025\/05\/kalbachfechenheim04-1024x768.jpg\" alt=\"\" class=\"wp-image-25495\" srcset=\"https:\/\/insideamateurfussball-ffm.de\/wp-content\/uploads\/2025\/05\/kalbachfechenheim04-1024x768.jpg 1024w, https:\/\/insideamateurfussball-ffm.de\/wp-content\/uploads\/2025\/05\/kalbachfechenheim04-300x225.jpg 300w, https:\/\/insideamateurfussball-ffm.de\/wp-content\/uploads\/2025\/05\/kalbachfechenheim04-768x576.jpg 768w, https:\/\/insideamateurfussball-ffm.de\/wp-content\/uploads\/2025\/05\/kalbachfechenheim04-1536x1152.jpg 1536w, https:\/\/insideamateurfussball-ffm.de\/wp-content\/uploads\/2025\/05\/kalbachfechenheim04.jpg 2016w\" sizes=\"auto, (max-width: 1024px) 100vw, 1024px\" \/><\/figure>\n\n\n\n<figure class=\"wp-block-image size-large\"><img loading=\"lazy\" decoding=\"async\" width=\"1024\" height=\"768\" src=\"http:\/\/insideamateurfussball-ffm.de\/wp-content\/uploads\/2025\/05\/kalbachfechenheim05-1024x768.jpg\" alt=\"\" class=\"wp-image-25496\" srcset=\"https:\/\/insideamateurfussball-ffm.de\/wp-content\/uploads\/2025\/05\/kalbachfechenheim05-1024x768.jpg 1024w, https:\/\/insideamateurfussball-ffm.de\/wp-content\/uploads\/2025\/05\/kalbachfechenheim05-300x225.jpg 300w, https:\/\/insideamateurfussball-ffm.de\/wp-content\/uploads\/2025\/05\/kalbachfechenheim05-768x576.jpg 768w, https:\/\/insideamateurfussball-ffm.de\/wp-content\/uploads\/2025\/05\/kalbachfechenheim05-1536x1152.jpg 1536w, https:\/\/insideamateurfussball-ffm.de\/wp-content\/uploads\/2025\/05\/kalbachfechenheim05.jpg 2016w\" sizes=\"auto, (max-width: 1024px) 100vw, 1024px\" \/><\/figure>\n\n\n\n<figure class=\"wp-block-image size-large\"><img loading=\"lazy\" decoding=\"async\" width=\"1024\" height=\"768\" src=\"http:\/\/insideamateurfussball-ffm.de\/wp-content\/uploads\/2025\/05\/kalbachfechenheim06-1024x768.jpg\" alt=\"\" class=\"wp-image-25497\" srcset=\"https:\/\/insideamateurfussball-ffm.de\/wp-content\/uploads\/2025\/05\/kalbachfechenheim06-1024x768.jpg 1024w, https:\/\/insideamateurfussball-ffm.de\/wp-content\/uploads\/2025\/05\/kalbachfechenheim06-300x225.jpg 300w, https:\/\/insideamateurfussball-ffm.de\/wp-content\/uploads\/2025\/05\/kalbachfechenheim06-768x576.jpg 768w, https:\/\/insideamateurfussball-ffm.de\/wp-content\/uploads\/2025\/05\/kalbachfechenheim06-1536x1152.jpg 1536w, https:\/\/insideamateurfussball-ffm.de\/wp-content\/uploads\/2025\/05\/kalbachfechenheim06.jpg 2016w\" sizes=\"auto, (max-width: 1024px) 100vw, 1024px\" \/><\/figure>\n\n\n\n<figure class=\"wp-block-image size-large\"><img loading=\"lazy\" decoding=\"async\" width=\"1024\" height=\"768\" src=\"http:\/\/insideamateurfussball-ffm.de\/wp-content\/uploads\/2025\/05\/kalbachfechenheim07-1024x768.jpg\" alt=\"\" class=\"wp-image-25498\" srcset=\"https:\/\/insideamateurfussball-ffm.de\/wp-content\/uploads\/2025\/05\/kalbachfechenheim07-1024x768.jpg 1024w, https:\/\/insideamateurfussball-ffm.de\/wp-content\/uploads\/2025\/05\/kalbachfechenheim07-300x225.jpg 300w, https:\/\/insideamateurfussball-ffm.de\/wp-content\/uploads\/2025\/05\/kalbachfechenheim07-768x576.jpg 768w, https:\/\/insideamateurfussball-ffm.de\/wp-content\/uploads\/2025\/05\/kalbachfechenheim07-1536x1152.jpg 1536w, https:\/\/insideamateurfussball-ffm.de\/wp-content\/uploads\/2025\/05\/kalbachfechenheim07.jpg 2016w\" sizes=\"auto, (max-width: 1024px) 100vw, 1024px\" \/><\/figure>\n\n\n\n<figure class=\"wp-block-image size-large\"><img loading=\"lazy\" decoding=\"async\" width=\"1024\" height=\"768\" src=\"http:\/\/insideamateurfussball-ffm.de\/wp-content\/uploads\/2025\/05\/kalbachfechenheim09-1024x768.jpg\" alt=\"\" class=\"wp-image-25500\" srcset=\"https:\/\/insideamateurfussball-ffm.de\/wp-content\/uploads\/2025\/05\/kalbachfechenheim09-1024x768.jpg 1024w, https:\/\/insideamateurfussball-ffm.de\/wp-content\/uploads\/2025\/05\/kalbachfechenheim09-300x225.jpg 300w, https:\/\/insideamateurfussball-ffm.de\/wp-content\/uploads\/2025\/05\/kalbachfechenheim09-768x576.jpg 768w, https:\/\/insideamateurfussball-ffm.de\/wp-content\/uploads\/2025\/05\/kalbachfechenheim09-1536x1152.jpg 1536w, https:\/\/insideamateurfussball-ffm.de\/wp-content\/uploads\/2025\/05\/kalbachfechenheim09.jpg 2016w\" sizes=\"auto, (max-width: 1024px) 100vw, 1024px\" \/><\/figure>\n","protected":false},"excerpt":{"rendered":"<p>5 Minuten nach dem 4:0-Sieg gegen die Spvgg. 03 Fechenheim kam die Kunde aus Friedrichsdorf, wo der SV Bosnien\/Herzegowina mit 1:0 gewinnen konnte. Damit steht der FC Kalbach bereits 3 Spieltage vor Schluss als Meister und Aufsteiger in die Verbandsliga S\u00fcd fest. FC Kalbach &#8211; Spvgg. 03 Fechenheim 4:0 (0:0) Nur wenige Zuschauer kamen am [&hellip;]<\/p>\n","protected":false},"author":3,"featured_media":25499,"comment_status":"closed","ping_status":"open","sticky":true,"template":"","format":"standard","meta":{"footnotes":""},"categories":[13],"tags":[],"class_list":["post-25491","post","type-post","status-publish","format-standard","has-post-thumbnail","hentry","category-gruppenliga-frankfurt-west"],"_links":{"self":[{"href":"https:\/\/insideamateurfussball-ffm.de\/index.php?rest_route=\/wp\/v2\/posts\/25491","targetHints":{"allow":["GET"]}}],"collection":[{"href":"https:\/\/insideamateurfussball-ffm.de\/index.php?rest_route=\/wp\/v2\/posts"}],"about":[{"href":"https:\/\/insideamateurfussball-ffm.de\/index.php?rest_route=\/wp\/v2\/types\/post"}],"author":[{"embeddable":true,"href":"https:\/\/insideamateurfussball-ffm.de\/index.php?rest_route=\/wp\/v2\/users\/3"}],"replies":[{"embeddable":true,"href":"https:\/\/insideamateurfussball-ffm.de\/index.php?rest_route=%2Fwp%2Fv2%2Fcomments&post=25491"}],"version-history":[{"count":3,"href":"https:\/\/insideamateurfussball-ffm.de\/index.php?rest_route=\/wp\/v2\/posts\/25491\/revisions"}],"predecessor-version":[{"id":25503,"href":"https:\/\/insideamateurfussball-ffm.de\/index.php?rest_route=\/wp\/v2\/posts\/25491\/revisions\/25503"}],"wp:featuredmedia":[{"embeddable":true,"href":"https:\/\/insideamateurfussball-ffm.de\/index.php?rest_route=\/wp\/v2\/media\/25499"}],"wp:attachment":[{"href":"https:\/\/insideamateurfussball-ffm.de\/index.php?rest_route=%2Fwp%2Fv2%2Fmedia&parent=25491"}],"wp:term":[{"taxonomy":"category","embeddable":true,"href":"https:\/\/insideamateurfussball-ffm.de\/index.php?rest_route=%2Fwp%2Fv2%2Fcategories&post=25491"},{"taxonomy":"post_tag","embeddable":true,"href":"https:\/\/insideamateurfussball-ffm.de\/index.php?rest_route=%2Fwp%2Fv2%2Ftags&post=25491"}],"curies":[{"name":"wp","href":"https:\/\/api.w.org\/{rel}","templated":true}]}}