{"id":25488,"date":"2025-05-12T14:34:22","date_gmt":"2025-05-12T13:34:22","guid":{"rendered":"https:\/\/insideamateurfussball-ffm.de\/?p=25488"},"modified":"2025-05-12T14:34:22","modified_gmt":"2025-05-12T13:34:22","slug":"seckbach-weiter-erfolgreich","status":"publish","type":"post","link":"https:\/\/insideamateurfussball-ffm.de\/?p=25488","title":{"rendered":"Seckbach weiter erfolgreich"},"content":{"rendered":"<h4>Die FG Seckbach wollte vor dem noch ausstehenden Pokalfinale ihre Form konservieren und kam gegen den T\u00fcrkischen SV Bad Nauheim zu einem ungef\u00e4hrdeten 3:0-Heimsieg, was weiterhin den 7.Tabellenplatz bedeutet.<\/h4>\n<figure id=\"attachment_22073\" aria-describedby=\"caption-attachment-22073\" style=\"width: 2016px\" class=\"wp-caption alignnone\"><img loading=\"lazy\" decoding=\"async\" class=\"wp-image-22073 size-full\" src=\"http:\/\/insideamateurfussball-ffm.de\/wp-content\/uploads\/2024\/10\/seckbachspeuzer6.jpg\" alt=\"\" width=\"2016\" height=\"1512\" srcset=\"https:\/\/insideamateurfussball-ffm.de\/wp-content\/uploads\/2024\/10\/seckbachspeuzer6.jpg 2016w, https:\/\/insideamateurfussball-ffm.de\/wp-content\/uploads\/2024\/10\/seckbachspeuzer6-300x225.jpg 300w, https:\/\/insideamateurfussball-ffm.de\/wp-content\/uploads\/2024\/10\/seckbachspeuzer6-1024x768.jpg 1024w, https:\/\/insideamateurfussball-ffm.de\/wp-content\/uploads\/2024\/10\/seckbachspeuzer6-768x576.jpg 768w, https:\/\/insideamateurfussball-ffm.de\/wp-content\/uploads\/2024\/10\/seckbachspeuzer6-1536x1152.jpg 1536w\" sizes=\"auto, (max-width: 2016px) 100vw, 2016px\" \/><figcaption id=\"caption-attachment-22073\" class=\"wp-caption-text\">Seckbachs Spielertrainer Manuel May konnte mit seiner Mannschaft zufrieden sein. Foto: Archiv MZ<\/figcaption><\/figure>\n<h4>FG Seckbach &#8211; T\u00fcrkischer SV Bad Nauheim 3:0 (1:0)<\/h4>\n<p><img loading=\"lazy\" decoding=\"async\" class=\"alignnone size-full wp-image-544\" src=\"http:\/\/insideamateurfussball-ffm.de\/wp-content\/uploads\/2022\/06\/Seckbach.jpg\" alt=\"\" width=\"80\" height=\"80\" \/><img loading=\"lazy\" decoding=\"async\" class=\"alignnone  wp-image-21712\" src=\"http:\/\/insideamateurfussball-ffm.de\/wp-content\/uploads\/2024\/10\/Tuerkischer-SV.jpg\" alt=\"\" width=\"82\" height=\"82\" \/><\/p>\n<p>Tabellarisch scheint f\u00fcr die FG Seckbach der angestrebte Top5-Platz kaum noch m\u00f6glich, auch wenn es zum Abschluss der Saison noch gegen drei Abstiegskandidaten geht, deshalb will man die letzten Spiele dazu nutzen, sich auf das Pokalfinale gegen den Aufsteiger in die Verbandsliga, den FC Kalbach, gut vorzubereiten. Das gelang gegen den T\u00fcrkischen SV Bad Nauheim beim ungef\u00e4hrdeten 3:0-Heimsieg deutlich.<\/p>\n<p>Die Gastgeber dominierten bereits in der ersten Halbzeit das Spiel und kamen zu einigen sehr guten Chancen, doch Florian Schuberth mit Lattentreffer in der 6.Minute, wieder Schuberth in der 22. und der 31.Minute sowie Milad Wardak in der 30.Minute vergaben teilweise freistehend vor dem gegnerischen Tor. In der 41.Minute war es denn endlich so weit, nach einer sch\u00f6nen Vorarbeit von Schuberth und Wardak war es Benedict Linzenmeier, der die verdiente 1:0-Pausenf\u00fchrung erzielen konnte.<\/p>\n<p>Auch in der zweiten Halbzeit waren es die Seckbacher, die die klareren Torchancen hatten. In der 62.Minute spielten Linzenmeier und Schuberth einen Konter gut aus, Schuberth vollendete zum 2:0. Nach einem Eckball war es dann Luis Rodriguez Melendo, der den Endstand von 3:0 in der 77.Minute erzielen konnte. Der T\u00fcrkische SV Bad Nauheim kam kurz vor Schluss noch zu einem Lattentreffer, f\u00fcr Seckbachs Spielausschuss-Vorsitzenden Jo Nareike erst die \u201ezweite Chance f\u00fcr den Gegner im Spiel\u201c.<\/p>\n<p>Nareike weiter: \u201ehochverdienter Sieg, erste Halbzeit h\u00e4tten wir sogar 2:0 oder 3:0 f\u00fchren k\u00f6nnen, der Gegner hatte nur eine halbe Torchance. Wir waren extrem dominant mit einer sehr guten und disziplinierten Abwehrleistung, zweite Halbzeit war es auch deutlich bis auf den Lattentreffer von Nauheim, aber wir hatten auch noch Chancen, um mehr zu machen. Verdienter Sieg, faires Spiel, gutes Wetter, viele Leute, alles in allem ein gelungener Sonntag.\u201c<\/p>\n<h4>Schiedsrichter: Paul Wenzek (TSG Wixhausen). Zuschauer: 100.<\/h4>\n<h4>Tore: 1:0 Benedict Linzenmeier (41.), 2:0 Florian Schuberth (82.), 3:0 Luis Rodriguez Melendo (77.)<\/h4>\n","protected":false},"excerpt":{"rendered":"<p>Die FG Seckbach wollte vor dem noch ausstehenden Pokalfinale ihre Form konservieren und kam gegen den T\u00fcrkischen SV Bad Nauheim zu einem ungef\u00e4hrdeten 3:0-Heimsieg, was weiterhin den 7.Tabellenplatz bedeutet. FG Seckbach &#8211; T\u00fcrkischer SV Bad Nauheim 3:0 (1:0) Tabellarisch scheint f\u00fcr die FG Seckbach der angestrebte Top5-Platz kaum noch m\u00f6glich, auch wenn es zum Abschluss [&hellip;]<\/p>\n","protected":false},"author":3,"featured_media":22073,"comment_status":"closed","ping_status":"open","sticky":true,"template":"","format":"standard","meta":{"footnotes":""},"categories":[13],"tags":[],"class_list":["post-25488","post","type-post","status-publish","format-standard","has-post-thumbnail","hentry","category-gruppenliga-frankfurt-west"],"_links":{"self":[{"href":"https:\/\/insideamateurfussball-ffm.de\/index.php?rest_route=\/wp\/v2\/posts\/25488","targetHints":{"allow":["GET"]}}],"collection":[{"href":"https:\/\/insideamateurfussball-ffm.de\/index.php?rest_route=\/wp\/v2\/posts"}],"about":[{"href":"https:\/\/insideamateurfussball-ffm.de\/index.php?rest_route=\/wp\/v2\/types\/post"}],"author":[{"embeddable":true,"href":"https:\/\/insideamateurfussball-ffm.de\/index.php?rest_route=\/wp\/v2\/users\/3"}],"replies":[{"embeddable":true,"href":"https:\/\/insideamateurfussball-ffm.de\/index.php?rest_route=%2Fwp%2Fv2%2Fcomments&post=25488"}],"version-history":[{"count":2,"href":"https:\/\/insideamateurfussball-ffm.de\/index.php?rest_route=\/wp\/v2\/posts\/25488\/revisions"}],"predecessor-version":[{"id":25490,"href":"https:\/\/insideamateurfussball-ffm.de\/index.php?rest_route=\/wp\/v2\/posts\/25488\/revisions\/25490"}],"wp:featuredmedia":[{"embeddable":true,"href":"https:\/\/insideamateurfussball-ffm.de\/index.php?rest_route=\/wp\/v2\/media\/22073"}],"wp:attachment":[{"href":"https:\/\/insideamateurfussball-ffm.de\/index.php?rest_route=%2Fwp%2Fv2%2Fmedia&parent=25488"}],"wp:term":[{"taxonomy":"category","embeddable":true,"href":"https:\/\/insideamateurfussball-ffm.de\/index.php?rest_route=%2Fwp%2Fv2%2Fcategories&post=25488"},{"taxonomy":"post_tag","embeddable":true,"href":"https:\/\/insideamateurfussball-ffm.de\/index.php?rest_route=%2Fwp%2Fv2%2Ftags&post=25488"}],"curies":[{"name":"wp","href":"https:\/\/api.w.org\/{rel}","templated":true}]}}