{"id":25467,"date":"2025-05-12T13:47:46","date_gmt":"2025-05-12T12:47:46","guid":{"rendered":"https:\/\/insideamateurfussball-ffm.de\/?p=25467"},"modified":"2025-05-12T13:47:46","modified_gmt":"2025-05-12T12:47:46","slug":"rw-holt-weiteren-punkt-fuer-klassenerhalt","status":"publish","type":"post","link":"https:\/\/insideamateurfussball-ffm.de\/?p=25467","title":{"rendered":"RW holt weiteren Punkt f\u00fcr Klassenerhalt"},"content":{"rendered":"<h4>Gegen den VfR Gro\u00df-Gerau musste sich RW Frankfurt am Sonntag mit einem 1:1 begn\u00fcgen, ein weiterer wichtiger Punkt f\u00fcr den Klassenerhalt, der aufgrund der unklaren Lage in der Hessenliga aber noch nicht sicher ist.<\/h4>\n<figure id=\"attachment_21828\" aria-describedby=\"caption-attachment-21828\" style=\"width: 886px\" class=\"wp-caption alignnone\"><img loading=\"lazy\" decoding=\"async\" class=\"wp-image-21828 size-full\" src=\"http:\/\/insideamateurfussball-ffm.de\/wp-content\/uploads\/2024\/10\/gerau6.jpg\" alt=\"\" width=\"886\" height=\"595\" srcset=\"https:\/\/insideamateurfussball-ffm.de\/wp-content\/uploads\/2024\/10\/gerau6.jpg 886w, https:\/\/insideamateurfussball-ffm.de\/wp-content\/uploads\/2024\/10\/gerau6-300x201.jpg 300w, https:\/\/insideamateurfussball-ffm.de\/wp-content\/uploads\/2024\/10\/gerau6-768x516.jpg 768w\" sizes=\"auto, (max-width: 886px) 100vw, 886px\" \/><figcaption id=\"caption-attachment-21828\" class=\"wp-caption-text\">RW Und Gro\u00df-Gerau trennten sich 1:1. Foto: Archiv Mithat G\u00fcrser<\/figcaption><\/figure>\n<h4>SG RW Frankfurt &#8211; VfR Gro\u00df-Gerau 1:1 (0:1)<\/h4>\n<p><img loading=\"lazy\" decoding=\"async\" class=\"alignnone  wp-image-120\" src=\"http:\/\/insideamateurfussball-ffm.de\/wp-content\/uploads\/2022\/05\/rot-weiss.png\" alt=\"\" width=\"101\" height=\"88\" \/><img loading=\"lazy\" decoding=\"async\" class=\"alignnone size-full wp-image-16322\" src=\"http:\/\/insideamateurfussball-ffm.de\/wp-content\/uploads\/2024\/02\/vfr-gross-gerau.png\" alt=\"\" width=\"80\" height=\"80\" \/><\/p>\n<p>Die SG RW Frankfurt kommt Punkt f\u00fcr Punkt dem sicheren Klassenerhalt n\u00e4her, Trainer Ibo Cigdem sprach sogar davon, \u201eden gesicherten Klassenerhalt mit dem Punkt erreicht\u201c zu haben. Gegen den VfR Gro\u00df-Gerau mussten die Gastgeber einen fr\u00fchen R\u00fcckstand durch Fynn Schek in der 3.Minute verdauen, als man bei einer Ecke zu unaufmerksam war, danach brauchten die Rot-Weissen bis Mitte der ersten Halbzeit, um ebenfalls im Spiel anzukommen. Aber bis zur Halbzeit konnten drei gute Angriffsm\u00f6glichkeiten nicht gut ausgespielt werden und so ging es mit dem 0:1 in die Pause.<\/p>\n<p>In der zweiten H\u00e4lfte kamen die Frankfurter besser ins Spiel und erzielten in der 57.Minute, ebenfalls nach einem Standard, den 1:1-Ausgleich. In den n\u00e4chsten zwanzig Minuten dr\u00fcckten die Gastgeber auf das F\u00fchrungstor, Trainer Cigdem: \u201ewir hatten uns den Gegner zurechtgelegt, eigentlich war er jetzt f\u00e4llig\u201c. Doch in den Angriffsbem\u00fchungen warn die Rot-Weissen nicht zielstrebig genug, und so kamen die G\u00e4ste in den letzten 10 Minuten ihrerseits noch zu Torchancen, es blieb aber bis zum Schluss beim 1:1-Unentschieden. Cigdem: \u201edas Remis ist letztlich verdient und wir nehmen den Punkt mit\u201c.<\/p>\n<p>RW liegt jetzt mit 41 Punkten auf dem 12.Tabellenplatz, das ist der erste sichere Nichtabstiegsplatz, es k\u00f6nnte nur dann noch gef\u00e4hrlich werden, wenn der 1.Hanauer FC und der SV Unter-Flockenbach in der Hessenliga noch auf die Abstiegspl\u00e4tze rutschen w\u00fcrden, die Entscheidung in der Hessenliga f\u00e4llt allerdings erst drei Tage nach dem Ende der Verbandsliga-Saison. Am n\u00e4chsten Wochenende spielen die Frankfurter erst am Sonntagabend bei der zweiten Mannschaft von Kickers Offenbach.<\/p>\n<h4>Schiedsrichter: Devin Kakmaci (JSG Aarbergen). Zuschauer: 80.<\/h4>\n<h4>Tore: 0:1 Fynn Schek (3.), 1:1 Jonathan Sander (57.)<\/h4>\n\n\n<p><\/p>\n","protected":false},"excerpt":{"rendered":"<p>Gegen den VfR Gro\u00df-Gerau musste sich RW Frankfurt am Sonntag mit einem 1:1 begn\u00fcgen, ein weiterer wichtiger Punkt f\u00fcr den Klassenerhalt, der aufgrund der unklaren Lage in der Hessenliga aber noch nicht sicher ist. SG RW Frankfurt &#8211; VfR Gro\u00df-Gerau 1:1 (0:1) Die SG RW Frankfurt kommt Punkt f\u00fcr Punkt dem sicheren Klassenerhalt n\u00e4her, Trainer [&hellip;]<\/p>\n","protected":false},"author":3,"featured_media":21828,"comment_status":"closed","ping_status":"open","sticky":true,"template":"","format":"standard","meta":{"footnotes":""},"categories":[10],"tags":[],"class_list":["post-25467","post","type-post","status-publish","format-standard","has-post-thumbnail","hentry","category-verbandsliga-sued"],"_links":{"self":[{"href":"https:\/\/insideamateurfussball-ffm.de\/index.php?rest_route=\/wp\/v2\/posts\/25467","targetHints":{"allow":["GET"]}}],"collection":[{"href":"https:\/\/insideamateurfussball-ffm.de\/index.php?rest_route=\/wp\/v2\/posts"}],"about":[{"href":"https:\/\/insideamateurfussball-ffm.de\/index.php?rest_route=\/wp\/v2\/types\/post"}],"author":[{"embeddable":true,"href":"https:\/\/insideamateurfussball-ffm.de\/index.php?rest_route=\/wp\/v2\/users\/3"}],"replies":[{"embeddable":true,"href":"https:\/\/insideamateurfussball-ffm.de\/index.php?rest_route=%2Fwp%2Fv2%2Fcomments&post=25467"}],"version-history":[{"count":2,"href":"https:\/\/insideamateurfussball-ffm.de\/index.php?rest_route=\/wp\/v2\/posts\/25467\/revisions"}],"predecessor-version":[{"id":25469,"href":"https:\/\/insideamateurfussball-ffm.de\/index.php?rest_route=\/wp\/v2\/posts\/25467\/revisions\/25469"}],"wp:featuredmedia":[{"embeddable":true,"href":"https:\/\/insideamateurfussball-ffm.de\/index.php?rest_route=\/wp\/v2\/media\/21828"}],"wp:attachment":[{"href":"https:\/\/insideamateurfussball-ffm.de\/index.php?rest_route=%2Fwp%2Fv2%2Fmedia&parent=25467"}],"wp:term":[{"taxonomy":"category","embeddable":true,"href":"https:\/\/insideamateurfussball-ffm.de\/index.php?rest_route=%2Fwp%2Fv2%2Fcategories&post=25467"},{"taxonomy":"post_tag","embeddable":true,"href":"https:\/\/insideamateurfussball-ffm.de\/index.php?rest_route=%2Fwp%2Fv2%2Ftags&post=25467"}],"curies":[{"name":"wp","href":"https:\/\/api.w.org\/{rel}","templated":true}]}}