{"id":25447,"date":"2025-05-09T15:17:51","date_gmt":"2025-05-09T14:17:51","guid":{"rendered":"https:\/\/insideamateurfussball-ffm.de\/?p=25447"},"modified":"2025-05-09T15:17:51","modified_gmt":"2025-05-09T14:17:51","slug":"murat-tiryaki-uebernimmt-traineramt-bis-saisonende","status":"publish","type":"post","link":"https:\/\/insideamateurfussball-ffm.de\/?p=25447","title":{"rendered":"Murat Tiryaki \u00fcbernimmt Traineramt bis Saisonende"},"content":{"rendered":"<h4>Mit Murat Tiryaki soll ein Spieler und Mitglied der Sportlichen Leitung den TSKV T\u00fcrkg\u00fcc\u00fc Frankfurt in der Gruppenliga Frankfurt West zum Klassenerhalt f\u00fchren.<\/h4>\n<figure id=\"attachment_25448\" aria-describedby=\"caption-attachment-25448\" style=\"width: 390px\" class=\"wp-caption alignnone\"><img loading=\"lazy\" decoding=\"async\" class=\"wp-image-25448\" src=\"http:\/\/insideamateurfussball-ffm.de\/wp-content\/uploads\/2025\/05\/tiryaki-1.jpg\" alt=\"\" width=\"390\" height=\"318\" srcset=\"https:\/\/insideamateurfussball-ffm.de\/wp-content\/uploads\/2025\/05\/tiryaki-1.jpg 381w, https:\/\/insideamateurfussball-ffm.de\/wp-content\/uploads\/2025\/05\/tiryaki-1-300x245.jpg 300w\" sizes=\"auto, (max-width: 390px) 100vw, 390px\" \/><figcaption id=\"caption-attachment-25448\" class=\"wp-caption-text\">Murat Tiryaki ist neuer Trainer von T\u00fcrkg\u00fcc\u00fc Frankfurt. Fotografik: Mithat G\u00fcrser.\u00a0\u00a0<\/figcaption><\/figure>\n<p><img loading=\"lazy\" decoding=\"async\" class=\"alignnone size-full wp-image-17\" src=\"http:\/\/insideamateurfussball-ffm.de\/wp-content\/uploads\/2021\/11\/Tuerkguecue.jpg\" alt=\"\" width=\"72\" height=\"80\" \/><\/p>\n<p>Bei T\u00fcrkg\u00fcc\u00fc Frankfurt ist vor dem Auftritt beim Mitaufsteiger FC Kaichen (Sonntag, 17 Uhr) die Episode um den Abgang von Trainer Hakan Tekin nach der 3:4-Niederlage in K\u00f6nigstein abgehakt. Der erst w\u00e4hrend der Runde engagierte Coach galt vereinsintern als umstritten und wurde nach der Partie von w\u00fctenden Anh\u00e4ngern des Clubs umstellt. Sie verlangten eine Erkl\u00e4rung f\u00fcr die peinliche Niederlage beim designierten Absteiger. Mit Murat Tiryaki hat nun ein Spieler bis Saisonende das Traineramt \u00fcbernommen.<\/p>\n<p>Der 34-j\u00e4hrige St\u00fcrmer hat in den letzten sieben Jahren in rund 100 Pflichtspielen 61 Tore f\u00fcr T\u00fcrkg\u00fcc\u00fc geschossen, gab in der Saison 2022\/23 sogar ein halbj\u00e4hrliches Intermezzo beim Verbandsligisten Ror-Weiss Frankfurt. Im Kreis war Tiryaki au\u00dferdem noch bei der Spvgg. Griesheim und dem FV Hausen aktiv. &#8222;Der Vorfall ist abgehakt und aufgearbeitet. Unsere Anh\u00e4nger sind sehr emotional und da kam die Entt\u00e4uschung hoch. Jetzt blicken wir aber nach vorne und wollen den Klassenerhalt schaffen&#8220;, sagt Tiryaki, der auch zur Sportlichen Leitung z\u00e4hlt.<\/p>\n<blockquote>\n<h4>Drei Punkte Vorsprung auf den Relegationsplatz vor dem Spieltag<\/h4>\n<\/blockquote>\n<p>Beim nur einen Platz und einen Punkt besser dastehenden Verein aus dem Niddataler Ortsteil, wo T\u00fcrkg\u00fcc\u00fc bisher noch nie zu Gast war, will Tiryaki an seinem 35. Geburtstag ein gutes Deb\u00fct ablegen. &#8222;Ich glaube an die Mannschaft, wir haben alles selbst in der Hand. F\u00fcr mich ist diese Rolle etwas neues, der Vorstand kennt mich aber und auch die Jungs wissen, was mir der Verein bedeutet&#8220;, sagt Tiryaki, der seinen Matchplan nicht verr\u00e4t und auch offen l\u00e4sst, ob er sich selbst aufstellt oder von der Seitenlinie aus coacht.<\/p>\n<p>Vor dem Spieltag sind es drei Punkte Vorsprung auf den Relegationsplatz und vier Z\u00e4hler vor der Abstiegszone. Die sollen gehalten oder ausgebaut werden. Neben Routinier Patrick G\u00fcrser baut Tiryaki vor allem auf die F\u00fchrungsrolle von Kapit\u00e4n Emre Kadimli.<\/p>\n","protected":false},"excerpt":{"rendered":"<p>Mit Murat Tiryaki soll ein Spieler und Mitglied der Sportlichen Leitung den TSKV T\u00fcrkg\u00fcc\u00fc Frankfurt in der Gruppenliga Frankfurt West zum Klassenerhalt f\u00fchren. Bei T\u00fcrkg\u00fcc\u00fc Frankfurt ist vor dem Auftritt beim Mitaufsteiger FC Kaichen (Sonntag, 17 Uhr) die Episode um den Abgang von Trainer Hakan Tekin nach der 3:4-Niederlage in K\u00f6nigstein abgehakt. Der erst w\u00e4hrend [&hellip;]<\/p>\n","protected":false},"author":1,"featured_media":25448,"comment_status":"closed","ping_status":"closed","sticky":true,"template":"","format":"standard","meta":{"footnotes":""},"categories":[13],"tags":[],"class_list":["post-25447","post","type-post","status-publish","format-standard","has-post-thumbnail","hentry","category-gruppenliga-frankfurt-west"],"_links":{"self":[{"href":"https:\/\/insideamateurfussball-ffm.de\/index.php?rest_route=\/wp\/v2\/posts\/25447","targetHints":{"allow":["GET"]}}],"collection":[{"href":"https:\/\/insideamateurfussball-ffm.de\/index.php?rest_route=\/wp\/v2\/posts"}],"about":[{"href":"https:\/\/insideamateurfussball-ffm.de\/index.php?rest_route=\/wp\/v2\/types\/post"}],"author":[{"embeddable":true,"href":"https:\/\/insideamateurfussball-ffm.de\/index.php?rest_route=\/wp\/v2\/users\/1"}],"replies":[{"embeddable":true,"href":"https:\/\/insideamateurfussball-ffm.de\/index.php?rest_route=%2Fwp%2Fv2%2Fcomments&post=25447"}],"version-history":[{"count":1,"href":"https:\/\/insideamateurfussball-ffm.de\/index.php?rest_route=\/wp\/v2\/posts\/25447\/revisions"}],"predecessor-version":[{"id":25449,"href":"https:\/\/insideamateurfussball-ffm.de\/index.php?rest_route=\/wp\/v2\/posts\/25447\/revisions\/25449"}],"wp:featuredmedia":[{"embeddable":true,"href":"https:\/\/insideamateurfussball-ffm.de\/index.php?rest_route=\/wp\/v2\/media\/25448"}],"wp:attachment":[{"href":"https:\/\/insideamateurfussball-ffm.de\/index.php?rest_route=%2Fwp%2Fv2%2Fmedia&parent=25447"}],"wp:term":[{"taxonomy":"category","embeddable":true,"href":"https:\/\/insideamateurfussball-ffm.de\/index.php?rest_route=%2Fwp%2Fv2%2Fcategories&post=25447"},{"taxonomy":"post_tag","embeddable":true,"href":"https:\/\/insideamateurfussball-ffm.de\/index.php?rest_route=%2Fwp%2Fv2%2Ftags&post=25447"}],"curies":[{"name":"wp","href":"https:\/\/api.w.org\/{rel}","templated":true}]}}