{"id":25370,"date":"2025-05-06T16:58:46","date_gmt":"2025-05-06T15:58:46","guid":{"rendered":"https:\/\/insideamateurfussball-ffm.de\/?p=25370"},"modified":"2025-05-06T17:12:08","modified_gmt":"2025-05-06T16:12:08","slug":"kosova-macht-sein-meisterstueck-in-bornheim","status":"publish","type":"post","link":"https:\/\/insideamateurfussball-ffm.de\/?p=25370","title":{"rendered":"Kosova macht sein Meisterst\u00fcck in Bornheim"},"content":{"rendered":"<h6><span style=\"font-size: 20px;\">Vorbehaltlich der zu erwartenden 3:0-Wertung aufgrund des Nichtantritts von Griesheim Tarik machte der FC Kosova mit dem 2:0-Sieg bei der SG Bornheim\/Gr\u00fcn-Wei\u00df II sein Meisterst\u00fcck in der Kreisoberliga Frankfurt und steigt 33 Jahre nach der Vereinsgr\u00fcndung als FC Jeta e Re erstmals in die Gruppenliga Frankfurt West auf.\u00a0<\/span><\/h6>\n<figure id=\"attachment_25371\" aria-describedby=\"caption-attachment-25371\" style=\"width: 150px\" class=\"wp-caption aligncenter\"><img loading=\"lazy\" decoding=\"async\" class=\"wp-image-25371 size-thumbnail\" src=\"http:\/\/insideamateurfussball-ffm.de\/wp-content\/uploads\/2025\/05\/SGBII-Kosova_250504-310-150x150.jpg\" alt=\"\" width=\"150\" height=\"150\" \/><figcaption id=\"caption-attachment-25371\" class=\"wp-caption-text\">Jubel beim FC Kosova nach dem Abpfiff. Foto: Andre Sturmeit.<\/figcaption><\/figure>\n<h6><span style=\"font-size: 20px;\">SG Bornheim\/Gr\u00fcn-Wei\u00df II &#8211; FC Kosova 0:2 (0:0)<\/span><\/h6>\n<p><img loading=\"lazy\" decoding=\"async\" class=\"alignnone size-full wp-image-119\" src=\"http:\/\/insideamateurfussball-ffm.de\/wp-content\/uploads\/2022\/05\/Bornheim.jpg\" alt=\"\" width=\"80\" height=\"80\" \/><img loading=\"lazy\" decoding=\"async\" class=\"alignnone size-full wp-image-9\" src=\"http:\/\/insideamateurfussball-ffm.de\/wp-content\/uploads\/2021\/11\/Kosova.jpg\" alt=\"\" width=\"65\" height=\"80\" \/><\/p>\n<p>Bornheims Trainer Marco Santonastaso wollte mit einer defensiven Ausrichtung &#8222;so lange wie m\u00f6glich die Null halten.&#8220; Das gelang zumindest im ersten Abschnitt und die Bornheimer kamen sogar mit einigen Halbchancen vor das Tor der Kosovaren. Die G\u00e4ste drehten aber nach einer lauten Kabinenpredigt von Trainer Jorge Huberman nach dem Seitenwechsel auf. Der agile Michael Junior Lamptey schob zum 1:0 f\u00fcr die G\u00e4ste ein (54.), danach erh\u00f6hte Kapit\u00e4n und Torj\u00e4ger Flakron Thaci auf 2:0 (56.). Die Kosovaren verwalteten dann den Vorsprung und Bornheims U19-Torh\u00fcter Younes Hamouti konnte noch einige Situationen kl\u00e4ren. Die Bornheimer sind drei Spieltage vor Schluss weiter punktgleich mit Griesheim Tarik und dem FC Croatia, diese beiden Vereine belegen die momentanen beiden Abstiegspl\u00e4tze. Sollte kein weiterer Frankfurter Verein neben den &#8222;Speuzern&#8220; aus der Gruppenliga absteigen, bleibt es bei dieser Konstellation.<\/p>\n<p>Bornheim II m\u00fcsste in die Relegation gegen die beiden Vizemeister der A-Klassen (Stand jetzt Germania Ginnheim und MKSV Makedonija) und liegt nur zwei Punkte hinter den auf dem rettenden Ufer strandenden Preu\u00dfen. Das Restprogramm sieht zahlreiche direkte Duelle der vier letzten der Tabelle vor. Bornheim II spielt am Sonntag beim punktgleichen Schlusslicht FC Croatia, erwartet dann Griesheim Tarik und muss noch zu Viktoria Preu\u00dfen. &#8222;Wir m\u00fcssen diese Spiele gewinnen, m\u00f6glichst auch die direkten Vergleiche ziehen. Wenn wir das nicht schaffen sollten, wird der Abstieg nicht zu vermeiden sein&#8220;, so Santonastaso. Jubelarien dagegen bei den Kosovaren. Die Mission, die Trainer Jorge Huberman mit seinem Assistenten Alijam Aruci unter dem Spielausschuss-Chef Rudi Statovci vor zwei Jahren begann, ist erfolgreich abgeschlossen worden.<\/p>\n<h6><strong><span style=\"font-size: 20px;\">&#8222;Nach der Pause haben wir mit mehr Bewegung \u00fcberzeugt.&#8220; (Kosova-Trainer Jorge Huberman)<\/span><\/strong><\/h6>\n<p>Vor allem in punkto Disziplin schaffte es Huberman, den zuvor in der Fairnesstabelle stets hinten zu findenden Kosovaren Anstand und Mentalit\u00e4t beizubringen. Ein Schl\u00fcssel zum Erfolg war auch die \u00fcberragende Abwehrarbeit mit nur 37 Gegentoren sowie der Sturm (94 Treffer) mit \u00fcberragenden Einzelspielern wie Thaci (40 Tore), Ibrahim Abbouz (15) und Raisi Zalla (9). Zum Spiel in Bornheim sagte Huberman: &#8222;Im ersten Abschnitt haben wir entt\u00e4uscht, da hat irgendwie die Ernsthaftigkeit gefehlt. Wir haben zu eng im Raum gespielt und ohne Ball war das schlecht. Das war zu wenig, der Gegner stand hinten sehr dicht. Nach der Pause haben wir mit mehr Bewegung \u00fcberzeugt. Ich habe die Mannschaft der Kabine gefragt, ob sie eventuell mit einer Niederlage aufsteigen wollen? Nach den zwei Toren und der Vorentscheidung sind wir defensiv gut gestanden, die Null war mir wichtig.&#8220;<\/p>\n<p>Zum Aufstieg sagte er: &#8222;Wir haben in den zwei Jahren versucht eine andere Mischung zu finden, unsere W\u00fcnsche an Neuzug\u00e4ngen wurden beherzigt. Demzufolge konnten wir der Mannschaft einen anderen Charakter geben. Trotz der Widrigkeiten im Winter waren wir eine Einheit mit der Mannschaft.&#8220; Ob Huberman mit seinem Co-Trainer auch in der Gruppenliga bleibt? &#8222;Es war vereinbart, dass nach der Entscheidung \u00fcber den Aufstieg ein Gespr\u00e4ch mit dem Vorstand stattfindet, das werden wir auch f\u00fchren und offen dar\u00fcber reden. Wir setzten uns n\u00e4chste Woche zusammen.&#8220; F\u00fcr Kosova steht nun in den kommenden drei Wochen noch ein besseres Schaulaufen an. Dennoch will das Team auch mit der Ernsthaftigkeit in das kommende Heimspiel gegen den SV 07 Heddernheim gehen.<\/p>\n<h6><strong><span style=\"font-size: 20px;\">Schiedsrichter: Jonas Doumaz (FC Mammolshain). Zuschauer: 118. <\/span><\/strong><\/h6>\n<h6><strong><span style=\"font-size: 20px;\">Tore: 0:1 Michael Junior Lamptey (54.), 0:2 Flakron Thaci (56.). <\/span><\/strong><\/h6>\n<h6><strong><span style=\"font-size: 20px;\">Bildergalerie von SGB-Fotograf Andre Sturmeit.\u00a0<\/span><\/strong><\/h6>\n\n\n<figure class=\"wp-block-image size-large\"><img loading=\"lazy\" decoding=\"async\" width=\"1024\" height=\"682\" src=\"https:\/\/insideamateurfussball-ffm.de\/wp-content\/uploads\/2025\/05\/SGBII-Kosova_250504-38-1024x682.jpg\" alt=\"\" class=\"wp-image-25375\" srcset=\"https:\/\/insideamateurfussball-ffm.de\/wp-content\/uploads\/2025\/05\/SGBII-Kosova_250504-38-1024x682.jpg 1024w, https:\/\/insideamateurfussball-ffm.de\/wp-content\/uploads\/2025\/05\/SGBII-Kosova_250504-38-300x200.jpg 300w, https:\/\/insideamateurfussball-ffm.de\/wp-content\/uploads\/2025\/05\/SGBII-Kosova_250504-38-768x512.jpg 768w, https:\/\/insideamateurfussball-ffm.de\/wp-content\/uploads\/2025\/05\/SGBII-Kosova_250504-38-1536x1024.jpg 1536w, https:\/\/insideamateurfussball-ffm.de\/wp-content\/uploads\/2025\/05\/SGBII-Kosova_250504-38-2048x1365.jpg 2048w\" sizes=\"auto, (max-width: 1024px) 100vw, 1024px\" \/><\/figure>\n\n\n\n<figure class=\"wp-block-image size-large\"><img loading=\"lazy\" decoding=\"async\" width=\"1024\" height=\"682\" src=\"https:\/\/insideamateurfussball-ffm.de\/wp-content\/uploads\/2025\/05\/SGBII-Kosova_250504-132-1024x682.jpg\" alt=\"\" class=\"wp-image-25376\" srcset=\"https:\/\/insideamateurfussball-ffm.de\/wp-content\/uploads\/2025\/05\/SGBII-Kosova_250504-132-1024x682.jpg 1024w, https:\/\/insideamateurfussball-ffm.de\/wp-content\/uploads\/2025\/05\/SGBII-Kosova_250504-132-300x200.jpg 300w, https:\/\/insideamateurfussball-ffm.de\/wp-content\/uploads\/2025\/05\/SGBII-Kosova_250504-132-768x512.jpg 768w, https:\/\/insideamateurfussball-ffm.de\/wp-content\/uploads\/2025\/05\/SGBII-Kosova_250504-132-1536x1024.jpg 1536w, https:\/\/insideamateurfussball-ffm.de\/wp-content\/uploads\/2025\/05\/SGBII-Kosova_250504-132-2048x1365.jpg 2048w\" sizes=\"auto, (max-width: 1024px) 100vw, 1024px\" \/><\/figure>\n\n\n\n<figure class=\"wp-block-image size-large\"><img loading=\"lazy\" decoding=\"async\" width=\"1024\" height=\"683\" src=\"https:\/\/insideamateurfussball-ffm.de\/wp-content\/uploads\/2025\/05\/SGBII-Kosova_250504-260-1024x683.jpg\" alt=\"\" class=\"wp-image-25377\" srcset=\"https:\/\/insideamateurfussball-ffm.de\/wp-content\/uploads\/2025\/05\/SGBII-Kosova_250504-260-1024x683.jpg 1024w, https:\/\/insideamateurfussball-ffm.de\/wp-content\/uploads\/2025\/05\/SGBII-Kosova_250504-260-300x200.jpg 300w, https:\/\/insideamateurfussball-ffm.de\/wp-content\/uploads\/2025\/05\/SGBII-Kosova_250504-260-768x512.jpg 768w, https:\/\/insideamateurfussball-ffm.de\/wp-content\/uploads\/2025\/05\/SGBII-Kosova_250504-260-1536x1024.jpg 1536w, https:\/\/insideamateurfussball-ffm.de\/wp-content\/uploads\/2025\/05\/SGBII-Kosova_250504-260-2048x1365.jpg 2048w\" sizes=\"auto, (max-width: 1024px) 100vw, 1024px\" \/><\/figure>\n\n\n\n<figure class=\"wp-block-image size-large\"><img loading=\"lazy\" decoding=\"async\" width=\"1024\" height=\"683\" src=\"https:\/\/insideamateurfussball-ffm.de\/wp-content\/uploads\/2025\/05\/SGBII-Kosova_250504-13-1024x683.jpg\" alt=\"\" class=\"wp-image-25378\" srcset=\"https:\/\/insideamateurfussball-ffm.de\/wp-content\/uploads\/2025\/05\/SGBII-Kosova_250504-13-1024x683.jpg 1024w, https:\/\/insideamateurfussball-ffm.de\/wp-content\/uploads\/2025\/05\/SGBII-Kosova_250504-13-300x200.jpg 300w, https:\/\/insideamateurfussball-ffm.de\/wp-content\/uploads\/2025\/05\/SGBII-Kosova_250504-13-768x512.jpg 768w, https:\/\/insideamateurfussball-ffm.de\/wp-content\/uploads\/2025\/05\/SGBII-Kosova_250504-13-1536x1024.jpg 1536w, https:\/\/insideamateurfussball-ffm.de\/wp-content\/uploads\/2025\/05\/SGBII-Kosova_250504-13-2048x1365.jpg 2048w\" sizes=\"auto, (max-width: 1024px) 100vw, 1024px\" \/><\/figure>\n\n\n\n<figure class=\"wp-block-image size-large\"><img loading=\"lazy\" decoding=\"async\" width=\"1024\" height=\"683\" src=\"https:\/\/insideamateurfussball-ffm.de\/wp-content\/uploads\/2025\/05\/SGBII-Kosova_250504-74-1024x683.jpg\" alt=\"\" class=\"wp-image-25379\" srcset=\"https:\/\/insideamateurfussball-ffm.de\/wp-content\/uploads\/2025\/05\/SGBII-Kosova_250504-74-1024x683.jpg 1024w, https:\/\/insideamateurfussball-ffm.de\/wp-content\/uploads\/2025\/05\/SGBII-Kosova_250504-74-300x200.jpg 300w, https:\/\/insideamateurfussball-ffm.de\/wp-content\/uploads\/2025\/05\/SGBII-Kosova_250504-74-768x512.jpg 768w, https:\/\/insideamateurfussball-ffm.de\/wp-content\/uploads\/2025\/05\/SGBII-Kosova_250504-74-1536x1024.jpg 1536w, https:\/\/insideamateurfussball-ffm.de\/wp-content\/uploads\/2025\/05\/SGBII-Kosova_250504-74-2048x1365.jpg 2048w\" sizes=\"auto, (max-width: 1024px) 100vw, 1024px\" \/><\/figure>\n\n\n\n<figure class=\"wp-block-image size-large\"><img loading=\"lazy\" decoding=\"async\" width=\"1024\" height=\"683\" src=\"https:\/\/insideamateurfussball-ffm.de\/wp-content\/uploads\/2025\/05\/SGBII-Kosova_250504-200-1024x683.jpg\" alt=\"\" class=\"wp-image-25380\" srcset=\"https:\/\/insideamateurfussball-ffm.de\/wp-content\/uploads\/2025\/05\/SGBII-Kosova_250504-200-1024x683.jpg 1024w, https:\/\/insideamateurfussball-ffm.de\/wp-content\/uploads\/2025\/05\/SGBII-Kosova_250504-200-300x200.jpg 300w, https:\/\/insideamateurfussball-ffm.de\/wp-content\/uploads\/2025\/05\/SGBII-Kosova_250504-200-768x512.jpg 768w, https:\/\/insideamateurfussball-ffm.de\/wp-content\/uploads\/2025\/05\/SGBII-Kosova_250504-200-1536x1024.jpg 1536w, https:\/\/insideamateurfussball-ffm.de\/wp-content\/uploads\/2025\/05\/SGBII-Kosova_250504-200-2048x1365.jpg 2048w\" sizes=\"auto, (max-width: 1024px) 100vw, 1024px\" \/><\/figure>\n\n\n\n<figure class=\"wp-block-image size-large\"><img loading=\"lazy\" decoding=\"async\" width=\"1024\" height=\"683\" src=\"https:\/\/insideamateurfussball-ffm.de\/wp-content\/uploads\/2025\/05\/SGBII-Kosova_250504-340-1024x683.jpg\" alt=\"\" class=\"wp-image-25381\" srcset=\"https:\/\/insideamateurfussball-ffm.de\/wp-content\/uploads\/2025\/05\/SGBII-Kosova_250504-340-1024x683.jpg 1024w, https:\/\/insideamateurfussball-ffm.de\/wp-content\/uploads\/2025\/05\/SGBII-Kosova_250504-340-300x200.jpg 300w, https:\/\/insideamateurfussball-ffm.de\/wp-content\/uploads\/2025\/05\/SGBII-Kosova_250504-340-768x512.jpg 768w, https:\/\/insideamateurfussball-ffm.de\/wp-content\/uploads\/2025\/05\/SGBII-Kosova_250504-340-1536x1024.jpg 1536w, https:\/\/insideamateurfussball-ffm.de\/wp-content\/uploads\/2025\/05\/SGBII-Kosova_250504-340-2048x1365.jpg 2048w\" sizes=\"auto, (max-width: 1024px) 100vw, 1024px\" \/><\/figure>\n\n\n\n<figure class=\"wp-block-image size-large\"><img loading=\"lazy\" decoding=\"async\" width=\"1024\" height=\"683\" src=\"https:\/\/insideamateurfussball-ffm.de\/wp-content\/uploads\/2025\/05\/SGBII-Kosova_250504-46-1024x683.jpg\" alt=\"\" class=\"wp-image-25382\" srcset=\"https:\/\/insideamateurfussball-ffm.de\/wp-content\/uploads\/2025\/05\/SGBII-Kosova_250504-46-1024x683.jpg 1024w, https:\/\/insideamateurfussball-ffm.de\/wp-content\/uploads\/2025\/05\/SGBII-Kosova_250504-46-300x200.jpg 300w, https:\/\/insideamateurfussball-ffm.de\/wp-content\/uploads\/2025\/05\/SGBII-Kosova_250504-46-768x512.jpg 768w, https:\/\/insideamateurfussball-ffm.de\/wp-content\/uploads\/2025\/05\/SGBII-Kosova_250504-46-1536x1024.jpg 1536w, https:\/\/insideamateurfussball-ffm.de\/wp-content\/uploads\/2025\/05\/SGBII-Kosova_250504-46-2048x1365.jpg 2048w\" sizes=\"auto, (max-width: 1024px) 100vw, 1024px\" \/><\/figure>\n\n\n\n<figure class=\"wp-block-image size-large\"><img loading=\"lazy\" decoding=\"async\" width=\"1024\" height=\"683\" src=\"https:\/\/insideamateurfussball-ffm.de\/wp-content\/uploads\/2025\/05\/SGBII-Kosova_250504-159-1024x683.jpg\" alt=\"\" class=\"wp-image-25383\" srcset=\"https:\/\/insideamateurfussball-ffm.de\/wp-content\/uploads\/2025\/05\/SGBII-Kosova_250504-159-1024x683.jpg 1024w, https:\/\/insideamateurfussball-ffm.de\/wp-content\/uploads\/2025\/05\/SGBII-Kosova_250504-159-300x200.jpg 300w, https:\/\/insideamateurfussball-ffm.de\/wp-content\/uploads\/2025\/05\/SGBII-Kosova_250504-159-768x512.jpg 768w, https:\/\/insideamateurfussball-ffm.de\/wp-content\/uploads\/2025\/05\/SGBII-Kosova_250504-159-1536x1024.jpg 1536w, https:\/\/insideamateurfussball-ffm.de\/wp-content\/uploads\/2025\/05\/SGBII-Kosova_250504-159-2048x1365.jpg 2048w\" sizes=\"auto, (max-width: 1024px) 100vw, 1024px\" \/><\/figure>\n\n\n\n<figure class=\"wp-block-image size-large\"><img loading=\"lazy\" decoding=\"async\" width=\"1024\" height=\"683\" src=\"https:\/\/insideamateurfussball-ffm.de\/wp-content\/uploads\/2025\/05\/SGBII-Kosova_250504-310-1-1024x683.jpg\" alt=\"\" class=\"wp-image-25384\" srcset=\"https:\/\/insideamateurfussball-ffm.de\/wp-content\/uploads\/2025\/05\/SGBII-Kosova_250504-310-1-1024x683.jpg 1024w, https:\/\/insideamateurfussball-ffm.de\/wp-content\/uploads\/2025\/05\/SGBII-Kosova_250504-310-1-300x200.jpg 300w, https:\/\/insideamateurfussball-ffm.de\/wp-content\/uploads\/2025\/05\/SGBII-Kosova_250504-310-1-768x512.jpg 768w, https:\/\/insideamateurfussball-ffm.de\/wp-content\/uploads\/2025\/05\/SGBII-Kosova_250504-310-1-1536x1024.jpg 1536w, https:\/\/insideamateurfussball-ffm.de\/wp-content\/uploads\/2025\/05\/SGBII-Kosova_250504-310-1-2048x1365.jpg 2048w\" sizes=\"auto, (max-width: 1024px) 100vw, 1024px\" \/><\/figure>\n\n\n\n<figure class=\"wp-block-image size-large\"><img loading=\"lazy\" decoding=\"async\" width=\"1024\" height=\"683\" src=\"https:\/\/insideamateurfussball-ffm.de\/wp-content\/uploads\/2025\/05\/SGBII-Kosova_250504-21-1024x683.jpg\" alt=\"\" class=\"wp-image-25385\" srcset=\"https:\/\/insideamateurfussball-ffm.de\/wp-content\/uploads\/2025\/05\/SGBII-Kosova_250504-21-1024x683.jpg 1024w, https:\/\/insideamateurfussball-ffm.de\/wp-content\/uploads\/2025\/05\/SGBII-Kosova_250504-21-300x200.jpg 300w, https:\/\/insideamateurfussball-ffm.de\/wp-content\/uploads\/2025\/05\/SGBII-Kosova_250504-21-768x512.jpg 768w, https:\/\/insideamateurfussball-ffm.de\/wp-content\/uploads\/2025\/05\/SGBII-Kosova_250504-21-1536x1024.jpg 1536w, https:\/\/insideamateurfussball-ffm.de\/wp-content\/uploads\/2025\/05\/SGBII-Kosova_250504-21-2048x1365.jpg 2048w\" sizes=\"auto, (max-width: 1024px) 100vw, 1024px\" \/><\/figure>\n\n\n\n<figure class=\"wp-block-image size-large\"><img loading=\"lazy\" decoding=\"async\" width=\"1024\" height=\"650\" src=\"https:\/\/insideamateurfussball-ffm.de\/wp-content\/uploads\/2025\/05\/SGBII-Kosova_250504-86-1024x650.jpg\" alt=\"\" class=\"wp-image-25386\" srcset=\"https:\/\/insideamateurfussball-ffm.de\/wp-content\/uploads\/2025\/05\/SGBII-Kosova_250504-86-1024x650.jpg 1024w, https:\/\/insideamateurfussball-ffm.de\/wp-content\/uploads\/2025\/05\/SGBII-Kosova_250504-86-300x190.jpg 300w, https:\/\/insideamateurfussball-ffm.de\/wp-content\/uploads\/2025\/05\/SGBII-Kosova_250504-86-768x488.jpg 768w, https:\/\/insideamateurfussball-ffm.de\/wp-content\/uploads\/2025\/05\/SGBII-Kosova_250504-86-1536x975.jpg 1536w, https:\/\/insideamateurfussball-ffm.de\/wp-content\/uploads\/2025\/05\/SGBII-Kosova_250504-86-2048x1300.jpg 2048w\" sizes=\"auto, (max-width: 1024px) 100vw, 1024px\" \/><\/figure>\n\n\n\n<figure class=\"wp-block-image size-large\"><img loading=\"lazy\" decoding=\"async\" width=\"1024\" height=\"683\" src=\"https:\/\/insideamateurfussball-ffm.de\/wp-content\/uploads\/2025\/05\/SGBII-Kosova_250504-204-1024x683.jpg\" alt=\"\" class=\"wp-image-25387\" srcset=\"https:\/\/insideamateurfussball-ffm.de\/wp-content\/uploads\/2025\/05\/SGBII-Kosova_250504-204-1024x683.jpg 1024w, https:\/\/insideamateurfussball-ffm.de\/wp-content\/uploads\/2025\/05\/SGBII-Kosova_250504-204-300x200.jpg 300w, https:\/\/insideamateurfussball-ffm.de\/wp-content\/uploads\/2025\/05\/SGBII-Kosova_250504-204-768x512.jpg 768w, https:\/\/insideamateurfussball-ffm.de\/wp-content\/uploads\/2025\/05\/SGBII-Kosova_250504-204-1536x1024.jpg 1536w, https:\/\/insideamateurfussball-ffm.de\/wp-content\/uploads\/2025\/05\/SGBII-Kosova_250504-204-2048x1365.jpg 2048w\" sizes=\"auto, (max-width: 1024px) 100vw, 1024px\" \/><\/figure>\n\n\n\n<figure class=\"wp-block-image size-large\"><img loading=\"lazy\" decoding=\"async\" width=\"1024\" height=\"683\" src=\"https:\/\/insideamateurfussball-ffm.de\/wp-content\/uploads\/2025\/05\/SGBII-Kosova_250504-3-1024x683.jpg\" alt=\"\" class=\"wp-image-25388\" srcset=\"https:\/\/insideamateurfussball-ffm.de\/wp-content\/uploads\/2025\/05\/SGBII-Kosova_250504-3-1024x683.jpg 1024w, https:\/\/insideamateurfussball-ffm.de\/wp-content\/uploads\/2025\/05\/SGBII-Kosova_250504-3-300x200.jpg 300w, https:\/\/insideamateurfussball-ffm.de\/wp-content\/uploads\/2025\/05\/SGBII-Kosova_250504-3-768x512.jpg 768w, https:\/\/insideamateurfussball-ffm.de\/wp-content\/uploads\/2025\/05\/SGBII-Kosova_250504-3-1536x1024.jpg 1536w, https:\/\/insideamateurfussball-ffm.de\/wp-content\/uploads\/2025\/05\/SGBII-Kosova_250504-3-2048x1365.jpg 2048w\" sizes=\"auto, (max-width: 1024px) 100vw, 1024px\" \/><\/figure>\n\n\n\n<figure class=\"wp-block-image size-large\"><img loading=\"lazy\" decoding=\"async\" width=\"1024\" height=\"683\" src=\"https:\/\/insideamateurfussball-ffm.de\/wp-content\/uploads\/2025\/05\/SGBII-Kosova_250504-68-1024x683.jpg\" alt=\"\" class=\"wp-image-25389\" srcset=\"https:\/\/insideamateurfussball-ffm.de\/wp-content\/uploads\/2025\/05\/SGBII-Kosova_250504-68-1024x683.jpg 1024w, https:\/\/insideamateurfussball-ffm.de\/wp-content\/uploads\/2025\/05\/SGBII-Kosova_250504-68-300x200.jpg 300w, https:\/\/insideamateurfussball-ffm.de\/wp-content\/uploads\/2025\/05\/SGBII-Kosova_250504-68-768x512.jpg 768w, https:\/\/insideamateurfussball-ffm.de\/wp-content\/uploads\/2025\/05\/SGBII-Kosova_250504-68-1536x1024.jpg 1536w, https:\/\/insideamateurfussball-ffm.de\/wp-content\/uploads\/2025\/05\/SGBII-Kosova_250504-68-2048x1365.jpg 2048w\" sizes=\"auto, (max-width: 1024px) 100vw, 1024px\" \/><\/figure>\n\n\n\n<figure class=\"wp-block-image size-large\"><img loading=\"lazy\" decoding=\"async\" width=\"1024\" height=\"683\" src=\"https:\/\/insideamateurfussball-ffm.de\/wp-content\/uploads\/2025\/05\/SGBII-Kosova_250504-177-1024x683.jpg\" alt=\"\" class=\"wp-image-25390\" srcset=\"https:\/\/insideamateurfussball-ffm.de\/wp-content\/uploads\/2025\/05\/SGBII-Kosova_250504-177-1024x683.jpg 1024w, https:\/\/insideamateurfussball-ffm.de\/wp-content\/uploads\/2025\/05\/SGBII-Kosova_250504-177-300x200.jpg 300w, https:\/\/insideamateurfussball-ffm.de\/wp-content\/uploads\/2025\/05\/SGBII-Kosova_250504-177-768x512.jpg 768w, https:\/\/insideamateurfussball-ffm.de\/wp-content\/uploads\/2025\/05\/SGBII-Kosova_250504-177-1536x1024.jpg 1536w, https:\/\/insideamateurfussball-ffm.de\/wp-content\/uploads\/2025\/05\/SGBII-Kosova_250504-177-2048x1365.jpg 2048w\" sizes=\"auto, (max-width: 1024px) 100vw, 1024px\" \/><\/figure>\n\n\n\n<figure class=\"wp-block-image size-large\"><img loading=\"lazy\" decoding=\"async\" width=\"1024\" height=\"683\" src=\"https:\/\/insideamateurfussball-ffm.de\/wp-content\/uploads\/2025\/05\/SGBII-Kosova_250504-324-1024x683.jpg\" alt=\"\" class=\"wp-image-25391\" srcset=\"https:\/\/insideamateurfussball-ffm.de\/wp-content\/uploads\/2025\/05\/SGBII-Kosova_250504-324-1024x683.jpg 1024w, https:\/\/insideamateurfussball-ffm.de\/wp-content\/uploads\/2025\/05\/SGBII-Kosova_250504-324-300x200.jpg 300w, https:\/\/insideamateurfussball-ffm.de\/wp-content\/uploads\/2025\/05\/SGBII-Kosova_250504-324-768x512.jpg 768w, https:\/\/insideamateurfussball-ffm.de\/wp-content\/uploads\/2025\/05\/SGBII-Kosova_250504-324-1536x1024.jpg 1536w, https:\/\/insideamateurfussball-ffm.de\/wp-content\/uploads\/2025\/05\/SGBII-Kosova_250504-324-2048x1365.jpg 2048w\" sizes=\"auto, (max-width: 1024px) 100vw, 1024px\" \/><\/figure>\n\n\n\n<figure class=\"wp-block-image size-large\"><img loading=\"lazy\" decoding=\"async\" width=\"1024\" height=\"683\" src=\"https:\/\/insideamateurfussball-ffm.de\/wp-content\/uploads\/2025\/05\/SGBII-Kosova_250504-29-1024x683.jpg\" alt=\"\" class=\"wp-image-25392\" srcset=\"https:\/\/insideamateurfussball-ffm.de\/wp-content\/uploads\/2025\/05\/SGBII-Kosova_250504-29-1024x683.jpg 1024w, https:\/\/insideamateurfussball-ffm.de\/wp-content\/uploads\/2025\/05\/SGBII-Kosova_250504-29-300x200.jpg 300w, https:\/\/insideamateurfussball-ffm.de\/wp-content\/uploads\/2025\/05\/SGBII-Kosova_250504-29-768x512.jpg 768w, https:\/\/insideamateurfussball-ffm.de\/wp-content\/uploads\/2025\/05\/SGBII-Kosova_250504-29-1536x1024.jpg 1536w, https:\/\/insideamateurfussball-ffm.de\/wp-content\/uploads\/2025\/05\/SGBII-Kosova_250504-29-2048x1365.jpg 2048w\" sizes=\"auto, (max-width: 1024px) 100vw, 1024px\" \/><\/figure>\n\n\n\n<figure class=\"wp-block-image size-large\"><img loading=\"lazy\" decoding=\"async\" width=\"1024\" height=\"683\" src=\"https:\/\/insideamateurfussball-ffm.de\/wp-content\/uploads\/2025\/05\/SGBII-Kosova_250504-100-1024x683.jpg\" alt=\"\" class=\"wp-image-25393\" srcset=\"https:\/\/insideamateurfussball-ffm.de\/wp-content\/uploads\/2025\/05\/SGBII-Kosova_250504-100-1024x683.jpg 1024w, https:\/\/insideamateurfussball-ffm.de\/wp-content\/uploads\/2025\/05\/SGBII-Kosova_250504-100-300x200.jpg 300w, https:\/\/insideamateurfussball-ffm.de\/wp-content\/uploads\/2025\/05\/SGBII-Kosova_250504-100-768x512.jpg 768w, https:\/\/insideamateurfussball-ffm.de\/wp-content\/uploads\/2025\/05\/SGBII-Kosova_250504-100-1536x1024.jpg 1536w, https:\/\/insideamateurfussball-ffm.de\/wp-content\/uploads\/2025\/05\/SGBII-Kosova_250504-100-2048x1365.jpg 2048w\" sizes=\"auto, (max-width: 1024px) 100vw, 1024px\" \/><\/figure>\n\n\n\n<figure class=\"wp-block-image size-large\"><img loading=\"lazy\" decoding=\"async\" width=\"1024\" height=\"683\" src=\"https:\/\/insideamateurfussball-ffm.de\/wp-content\/uploads\/2025\/05\/SGBII-Kosova_250504-206-1024x683.jpg\" alt=\"\" class=\"wp-image-25394\" srcset=\"https:\/\/insideamateurfussball-ffm.de\/wp-content\/uploads\/2025\/05\/SGBII-Kosova_250504-206-1024x683.jpg 1024w, https:\/\/insideamateurfussball-ffm.de\/wp-content\/uploads\/2025\/05\/SGBII-Kosova_250504-206-300x200.jpg 300w, https:\/\/insideamateurfussball-ffm.de\/wp-content\/uploads\/2025\/05\/SGBII-Kosova_250504-206-768x512.jpg 768w, https:\/\/insideamateurfussball-ffm.de\/wp-content\/uploads\/2025\/05\/SGBII-Kosova_250504-206-1536x1024.jpg 1536w, https:\/\/insideamateurfussball-ffm.de\/wp-content\/uploads\/2025\/05\/SGBII-Kosova_250504-206-2048x1365.jpg 2048w\" sizes=\"auto, (max-width: 1024px) 100vw, 1024px\" \/><\/figure>\n\n\n\n<figure class=\"wp-block-image size-large\"><img loading=\"lazy\" decoding=\"async\" width=\"1024\" height=\"683\" src=\"https:\/\/insideamateurfussball-ffm.de\/wp-content\/uploads\/2025\/05\/SGBII-Kosova_250504-8-1024x683.jpg\" alt=\"\" class=\"wp-image-25395\" srcset=\"https:\/\/insideamateurfussball-ffm.de\/wp-content\/uploads\/2025\/05\/SGBII-Kosova_250504-8-1024x683.jpg 1024w, https:\/\/insideamateurfussball-ffm.de\/wp-content\/uploads\/2025\/05\/SGBII-Kosova_250504-8-300x200.jpg 300w, https:\/\/insideamateurfussball-ffm.de\/wp-content\/uploads\/2025\/05\/SGBII-Kosova_250504-8-768x512.jpg 768w, https:\/\/insideamateurfussball-ffm.de\/wp-content\/uploads\/2025\/05\/SGBII-Kosova_250504-8-1536x1024.jpg 1536w, https:\/\/insideamateurfussball-ffm.de\/wp-content\/uploads\/2025\/05\/SGBII-Kosova_250504-8-2048x1365.jpg 2048w\" sizes=\"auto, (max-width: 1024px) 100vw, 1024px\" \/><\/figure>\n\n\n\n<p><\/p>\n","protected":false},"excerpt":{"rendered":"<p>Vorbehaltlich der zu erwartenden 3:0-Wertung aufgrund des Nichtantritts von Griesheim Tarik machte der FC Kosova mit dem 2:0-Sieg bei der SG Bornheim\/Gr\u00fcn-Wei\u00df II sein Meisterst\u00fcck in der Kreisoberliga Frankfurt und steigt 33 Jahre nach der Vereinsgr\u00fcndung als FC Jeta e Re erstmals in die Gruppenliga Frankfurt West auf.\u00a0 SG Bornheim\/Gr\u00fcn-Wei\u00df II &#8211; FC Kosova 0:2 [&hellip;]<\/p>\n","protected":false},"author":1,"featured_media":25371,"comment_status":"closed","ping_status":"closed","sticky":true,"template":"","format":"standard","meta":{"footnotes":""},"categories":[2],"tags":[],"class_list":["post-25370","post","type-post","status-publish","format-standard","has-post-thumbnail","hentry","category-kreisoberliga-frankfurt"],"_links":{"self":[{"href":"https:\/\/insideamateurfussball-ffm.de\/index.php?rest_route=\/wp\/v2\/posts\/25370","targetHints":{"allow":["GET"]}}],"collection":[{"href":"https:\/\/insideamateurfussball-ffm.de\/index.php?rest_route=\/wp\/v2\/posts"}],"about":[{"href":"https:\/\/insideamateurfussball-ffm.de\/index.php?rest_route=\/wp\/v2\/types\/post"}],"author":[{"embeddable":true,"href":"https:\/\/insideamateurfussball-ffm.de\/index.php?rest_route=\/wp\/v2\/users\/1"}],"replies":[{"embeddable":true,"href":"https:\/\/insideamateurfussball-ffm.de\/index.php?rest_route=%2Fwp%2Fv2%2Fcomments&post=25370"}],"version-history":[{"count":4,"href":"https:\/\/insideamateurfussball-ffm.de\/index.php?rest_route=\/wp\/v2\/posts\/25370\/revisions"}],"predecessor-version":[{"id":25397,"href":"https:\/\/insideamateurfussball-ffm.de\/index.php?rest_route=\/wp\/v2\/posts\/25370\/revisions\/25397"}],"wp:featuredmedia":[{"embeddable":true,"href":"https:\/\/insideamateurfussball-ffm.de\/index.php?rest_route=\/wp\/v2\/media\/25371"}],"wp:attachment":[{"href":"https:\/\/insideamateurfussball-ffm.de\/index.php?rest_route=%2Fwp%2Fv2%2Fmedia&parent=25370"}],"wp:term":[{"taxonomy":"category","embeddable":true,"href":"https:\/\/insideamateurfussball-ffm.de\/index.php?rest_route=%2Fwp%2Fv2%2Fcategories&post=25370"},{"taxonomy":"post_tag","embeddable":true,"href":"https:\/\/insideamateurfussball-ffm.de\/index.php?rest_route=%2Fwp%2Fv2%2Ftags&post=25370"}],"curies":[{"name":"wp","href":"https:\/\/api.w.org\/{rel}","templated":true}]}}