{"id":25343,"date":"2025-05-05T21:20:08","date_gmt":"2025-05-05T20:20:08","guid":{"rendered":"https:\/\/insideamateurfussball-ffm.de\/?p=25343"},"modified":"2025-05-05T21:20:08","modified_gmt":"2025-05-05T20:20:08","slug":"bad-vilbel-schielt-auf-relegation-speuzer-abgestiegen","status":"publish","type":"post","link":"https:\/\/insideamateurfussball-ffm.de\/?p=25343","title":{"rendered":"Bad Vilbel schielt auf Relegation &#8211; Speuzer abgestiegen"},"content":{"rendered":"<h6><span style=\"font-size: 20px;\">W\u00e4hrend der FV Bad Vilbel durch den 5:2-Ausw\u00e4rtssieg beim FFV Sportfreunde 04 wieder wie im Vorjahr auf die Relegation schielt und die direkte Abstiegszone verlassen konnte, steht der zweite Abstieg der &#8222;Speuzer&#8220; rechnerisch fest. Der Verein aus dem Gallus wird in der kommenden Saison in der Kreisoberliga Frankfurt im Fokus stehen.\u00a0<\/span><\/h6>\n<figure id=\"attachment_25344\" aria-describedby=\"caption-attachment-25344\" style=\"width: 300px\" class=\"wp-caption aligncenter\"><img loading=\"lazy\" decoding=\"async\" class=\"wp-image-25344 size-medium\" src=\"http:\/\/insideamateurfussball-ffm.de\/wp-content\/uploads\/2025\/05\/speuse-badwil1-300x212.jpg\" alt=\"\" width=\"300\" height=\"212\" srcset=\"https:\/\/insideamateurfussball-ffm.de\/wp-content\/uploads\/2025\/05\/speuse-badwil1-300x212.jpg 300w, https:\/\/insideamateurfussball-ffm.de\/wp-content\/uploads\/2025\/05\/speuse-badwil1-768x543.jpg 768w, https:\/\/insideamateurfussball-ffm.de\/wp-content\/uploads\/2025\/05\/speuse-badwil1.jpg 886w\" sizes=\"auto, (max-width: 300px) 100vw, 300px\" \/><figcaption id=\"caption-attachment-25344\" class=\"wp-caption-text\">Die Wege beider Vereine trennen sich nach der Saison auf jeden Fall. Foto: Mithat G\u00fcrser.<\/figcaption><\/figure>\n<h6><span style=\"font-size: 20px;\">FFV Sportfreunde 04 &#8211; FV Bad Vilbel 2:5 (2:3)<\/span><\/h6>\n<p><img loading=\"lazy\" decoding=\"async\" class=\"alignnone size-full wp-image-141\" src=\"http:\/\/insideamateurfussball-ffm.de\/wp-content\/uploads\/2022\/05\/Speuzer.jpg\" alt=\"\" width=\"80\" height=\"80\" \/><img loading=\"lazy\" decoding=\"async\" class=\"alignnone size-full wp-image-146\" src=\"http:\/\/insideamateurfussball-ffm.de\/wp-content\/uploads\/2022\/05\/FV-Bad-Vilbel.jpg\" alt=\"\" width=\"80\" height=\"80\" \/><\/p>\n<p>Acht Jahre nach der KOL-Meisterschaft kehren die Sportfreunde nach zwei Saisons in der Gruppenliga und sechs Spielzeiten in der Verbandsliga auf die Kreisebene zur\u00fcck. Magere zw\u00f6lf Punkte mit nur einem Ligasieg stehen saison\u00fcbergreifend von 2023 bis 2025 bisher zu Buche. Auf dem Ausweichplatz an der Griesheimer L\u00e4rchenstra\u00dfe sprangen die G\u00e4ste vom Niddasportfeld unter der Regie des neuen Trainers Bilal Banour auf den Abstiegsrelegationsplatz. Zwei fr\u00fche Tore durch Adrian Pervan (12.) und Baris Samadi (17.) legten den Grundstein zum Sieg.<\/p>\n<p>Samadi (30.\/89.) und Jaime Gonzalez Gomez (75.) erzielten die restlichen Tore f\u00fcr die Wetterauer. F\u00fcr die &#8222;Speuzer&#8220;, die in der kommenden Saison in der Kreisoberliga von Melih Yilmaz (SGK Bad Homburg) trainiert werden, verk\u00fcrzten Justin Yotmadee (25.) und Millon Mehari (42.). F\u00fcr den nicht verf\u00fcgbaren und am Saisonende scheidenden Trainer Lamine Kaiser betreute Reservecoach Erc\u00fcment Sahin (letzte Saison noch bei der Spvgg. 02 Griesheim) erst die Zweite Mannschaft beim 1:3 in der B-Klasse gegen Aufstiegsaspirant SV Eritrea und dann im Anschluss die Erste Mannschaft gegen den vormaligen Hessenligisten.<\/p>\n<h6><strong><span style=\"font-size: 20px;\">Bad Vilbel Freitagabend gegen K\u00f6nigstein\u00a0<\/span><\/strong><\/h6>\n<p>&#8222;Die Jungs haben entschlossen gespielt, aber viele haben auch den jugendlichen Leichtsinn. In der Gruppenliga muss schnell und vororientiert agiert werden, daran fehlt es&#8220;, analysierte Sahin. Der Coach bleibt dem Verein auch in der neuen Saison als Reservetrainer erhalten und kooperiert wie bisher eng mit dem Jugendbereich.<\/p>\n<p>&#8222;Der Verein m\u00f6chte Step by Step eine Struktur schaffen, die dem Club wieder Stabilit\u00e4t verleiht, um in der Kreisoberliga Fu\u00df zu fassen&#8220;, sieht Sahin eine Perspektive. N\u00e4chsten Sonntag geht die Abschiedstournee mit dem Gastspiel beim FC Tempo (15.30 Uhr) weiter. Bad Vilbel will am Freitagabend gegen den Vorletzten 1. FC-TSG K\u00f6nigstein (20 Uhr) nachlegen.\u00a0<\/p>\n<h6><strong><span style=\"font-size: 20px;\">Schiedsrichter: Jan-Luca Komorowski (FSG S\u00fcdkreis Marburg). Zuschauer: 80. <\/span><\/strong><\/h6>\n<h6><strong><span style=\"font-size: 20px;\">Tore: 0:1 Adrian Pervan (12.), 0:2 Baris Samadi (17.), 1:2 Justin Yotmadee (25.), 1:3 Baris Samadi (30.), 2:3 Millon Mehari (42.), 2:4 Jaime Gonzalez Gomez (75.), 2:5 Baris Samadi (89.).<\/span><\/strong><\/h6>\n<h6><strong><span style=\"font-size: 20px;\"> Bildergalerie: Gleich zwei Fotografen knipsten f\u00fcr uns an der L\u00e4rchenstra\u00dfe. Neben Mithat G\u00fcrser auch Jan Werner vom FV Bad Vilbel!\u00a0 \u00a0<\/span><\/strong><\/h6>\n\n\n<figure class=\"wp-block-image size-full\"><img loading=\"lazy\" decoding=\"async\" width=\"886\" height=\"590\" src=\"https:\/\/insideamateurfussball-ffm.de\/wp-content\/uploads\/2025\/05\/traine-bad-wilbel.jpg\" alt=\"\" class=\"wp-image-25345\" srcset=\"https:\/\/insideamateurfussball-ffm.de\/wp-content\/uploads\/2025\/05\/traine-bad-wilbel.jpg 886w, https:\/\/insideamateurfussball-ffm.de\/wp-content\/uploads\/2025\/05\/traine-bad-wilbel-300x200.jpg 300w, https:\/\/insideamateurfussball-ffm.de\/wp-content\/uploads\/2025\/05\/traine-bad-wilbel-768x511.jpg 768w\" sizes=\"auto, (max-width: 886px) 100vw, 886px\" \/><\/figure>\n\n\n\n<figure class=\"wp-block-gallery has-nested-images columns-default is-cropped wp-block-gallery-1 is-layout-flex wp-block-gallery-is-layout-flex\">\n<figure class=\"wp-block-image size-large\"><img loading=\"lazy\" decoding=\"async\" width=\"886\" height=\"604\" data-id=\"25346\" src=\"https:\/\/insideamateurfussball-ffm.de\/wp-content\/uploads\/2025\/05\/speuse-badwil5.jpg\" alt=\"\" class=\"wp-image-25346\" srcset=\"https:\/\/insideamateurfussball-ffm.de\/wp-content\/uploads\/2025\/05\/speuse-badwil5.jpg 886w, https:\/\/insideamateurfussball-ffm.de\/wp-content\/uploads\/2025\/05\/speuse-badwil5-300x205.jpg 300w, https:\/\/insideamateurfussball-ffm.de\/wp-content\/uploads\/2025\/05\/speuse-badwil5-768x524.jpg 768w\" sizes=\"auto, (max-width: 886px) 100vw, 886px\" \/><\/figure>\n<\/figure>\n\n\n\n<figure class=\"wp-block-gallery has-nested-images columns-default is-cropped wp-block-gallery-2 is-layout-flex wp-block-gallery-is-layout-flex\">\n<figure class=\"wp-block-image size-large\"><img loading=\"lazy\" decoding=\"async\" width=\"886\" height=\"590\" data-id=\"25347\" src=\"https:\/\/insideamateurfussball-ffm.de\/wp-content\/uploads\/2025\/05\/badwilbel-neue-trainer.jpg\" alt=\"\" class=\"wp-image-25347\" srcset=\"https:\/\/insideamateurfussball-ffm.de\/wp-content\/uploads\/2025\/05\/badwilbel-neue-trainer.jpg 886w, https:\/\/insideamateurfussball-ffm.de\/wp-content\/uploads\/2025\/05\/badwilbel-neue-trainer-300x200.jpg 300w, https:\/\/insideamateurfussball-ffm.de\/wp-content\/uploads\/2025\/05\/badwilbel-neue-trainer-768x511.jpg 768w\" sizes=\"auto, (max-width: 886px) 100vw, 886px\" \/><\/figure>\n<\/figure>\n\n\n\n<figure class=\"wp-block-gallery has-nested-images columns-default is-cropped wp-block-gallery-3 is-layout-flex wp-block-gallery-is-layout-flex\">\n<figure class=\"wp-block-image size-large\"><img loading=\"lazy\" decoding=\"async\" width=\"886\" height=\"590\" data-id=\"25348\" src=\"https:\/\/insideamateurfussball-ffm.de\/wp-content\/uploads\/2025\/05\/speuser-badwil7.jpg\" alt=\"\" class=\"wp-image-25348\" srcset=\"https:\/\/insideamateurfussball-ffm.de\/wp-content\/uploads\/2025\/05\/speuser-badwil7.jpg 886w, https:\/\/insideamateurfussball-ffm.de\/wp-content\/uploads\/2025\/05\/speuser-badwil7-300x200.jpg 300w, https:\/\/insideamateurfussball-ffm.de\/wp-content\/uploads\/2025\/05\/speuser-badwil7-768x511.jpg 768w\" sizes=\"auto, (max-width: 886px) 100vw, 886px\" \/><\/figure>\n<\/figure>\n\n\n\n<figure class=\"wp-block-gallery has-nested-images columns-default is-cropped wp-block-gallery-4 is-layout-flex wp-block-gallery-is-layout-flex\">\n<figure class=\"wp-block-image size-large\"><img loading=\"lazy\" decoding=\"async\" width=\"886\" height=\"547\" data-id=\"25349\" src=\"https:\/\/insideamateurfussball-ffm.de\/wp-content\/uploads\/2025\/05\/speuse-badw2.jpg\" alt=\"\" class=\"wp-image-25349\" srcset=\"https:\/\/insideamateurfussball-ffm.de\/wp-content\/uploads\/2025\/05\/speuse-badw2.jpg 886w, https:\/\/insideamateurfussball-ffm.de\/wp-content\/uploads\/2025\/05\/speuse-badw2-300x185.jpg 300w, https:\/\/insideamateurfussball-ffm.de\/wp-content\/uploads\/2025\/05\/speuse-badw2-768x474.jpg 768w\" sizes=\"auto, (max-width: 886px) 100vw, 886px\" \/><\/figure>\n<\/figure>\n\n\n\n<figure class=\"wp-block-gallery has-nested-images columns-default is-cropped wp-block-gallery-5 is-layout-flex wp-block-gallery-is-layout-flex\">\n<figure class=\"wp-block-image size-large\"><img loading=\"lazy\" decoding=\"async\" width=\"886\" height=\"630\" data-id=\"25350\" src=\"https:\/\/insideamateurfussball-ffm.de\/wp-content\/uploads\/2025\/05\/speuser-badwil9.jpg\" alt=\"\" class=\"wp-image-25350\" srcset=\"https:\/\/insideamateurfussball-ffm.de\/wp-content\/uploads\/2025\/05\/speuser-badwil9.jpg 886w, https:\/\/insideamateurfussball-ffm.de\/wp-content\/uploads\/2025\/05\/speuser-badwil9-300x213.jpg 300w, https:\/\/insideamateurfussball-ffm.de\/wp-content\/uploads\/2025\/05\/speuser-badwil9-768x546.jpg 768w\" sizes=\"auto, (max-width: 886px) 100vw, 886px\" \/><\/figure>\n<\/figure>\n\n\n\n<figure class=\"wp-block-gallery has-nested-images columns-default is-cropped wp-block-gallery-6 is-layout-flex wp-block-gallery-is-layout-flex\">\n<figure class=\"wp-block-image size-large\"><img loading=\"lazy\" decoding=\"async\" width=\"886\" height=\"598\" data-id=\"25351\" src=\"https:\/\/insideamateurfussball-ffm.de\/wp-content\/uploads\/2025\/05\/speuse-badw3.jpg\" alt=\"\" class=\"wp-image-25351\" srcset=\"https:\/\/insideamateurfussball-ffm.de\/wp-content\/uploads\/2025\/05\/speuse-badw3.jpg 886w, https:\/\/insideamateurfussball-ffm.de\/wp-content\/uploads\/2025\/05\/speuse-badw3-300x202.jpg 300w, https:\/\/insideamateurfussball-ffm.de\/wp-content\/uploads\/2025\/05\/speuse-badw3-768x518.jpg 768w\" sizes=\"auto, (max-width: 886px) 100vw, 886px\" \/><\/figure>\n<\/figure>\n\n\n\n<figure class=\"wp-block-gallery has-nested-images columns-default is-cropped wp-block-gallery-7 is-layout-flex wp-block-gallery-is-layout-flex\">\n<figure class=\"wp-block-image size-large\"><img loading=\"lazy\" decoding=\"async\" width=\"886\" height=\"633\" data-id=\"25352\" src=\"https:\/\/insideamateurfussball-ffm.de\/wp-content\/uploads\/2025\/05\/speuser-badwil11.jpg\" alt=\"\" class=\"wp-image-25352\" srcset=\"https:\/\/insideamateurfussball-ffm.de\/wp-content\/uploads\/2025\/05\/speuser-badwil11.jpg 886w, https:\/\/insideamateurfussball-ffm.de\/wp-content\/uploads\/2025\/05\/speuser-badwil11-300x214.jpg 300w, https:\/\/insideamateurfussball-ffm.de\/wp-content\/uploads\/2025\/05\/speuser-badwil11-768x549.jpg 768w\" sizes=\"auto, (max-width: 886px) 100vw, 886px\" \/><\/figure>\n<\/figure>\n\n\n\n<figure class=\"wp-block-gallery has-nested-images columns-default is-cropped wp-block-gallery-8 is-layout-flex wp-block-gallery-is-layout-flex\">\n<figure class=\"wp-block-image size-large\"><img loading=\"lazy\" decoding=\"async\" width=\"886\" height=\"633\" data-id=\"25353\" src=\"https:\/\/insideamateurfussball-ffm.de\/wp-content\/uploads\/2025\/05\/speuse-badw4.jpg\" alt=\"\" class=\"wp-image-25353\" srcset=\"https:\/\/insideamateurfussball-ffm.de\/wp-content\/uploads\/2025\/05\/speuse-badw4.jpg 886w, https:\/\/insideamateurfussball-ffm.de\/wp-content\/uploads\/2025\/05\/speuse-badw4-300x214.jpg 300w, https:\/\/insideamateurfussball-ffm.de\/wp-content\/uploads\/2025\/05\/speuse-badw4-768x549.jpg 768w\" sizes=\"auto, (max-width: 886px) 100vw, 886px\" \/><\/figure>\n<\/figure>\n\n\n\n<figure class=\"wp-block-image size-full\"><img loading=\"lazy\" decoding=\"async\" width=\"886\" height=\"680\" src=\"https:\/\/insideamateurfussball-ffm.de\/wp-content\/uploads\/2025\/05\/speuser-badwilb12.jpg\" alt=\"\" class=\"wp-image-25354\" srcset=\"https:\/\/insideamateurfussball-ffm.de\/wp-content\/uploads\/2025\/05\/speuser-badwilb12.jpg 886w, https:\/\/insideamateurfussball-ffm.de\/wp-content\/uploads\/2025\/05\/speuser-badwilb12-300x230.jpg 300w, https:\/\/insideamateurfussball-ffm.de\/wp-content\/uploads\/2025\/05\/speuser-badwilb12-768x589.jpg 768w\" sizes=\"auto, (max-width: 886px) 100vw, 886px\" \/><\/figure>\n\n\n\n<figure class=\"wp-block-gallery has-nested-images columns-default is-cropped wp-block-gallery-9 is-layout-flex wp-block-gallery-is-layout-flex\">\n<figure class=\"wp-block-image size-large\"><img loading=\"lazy\" decoding=\"async\" width=\"886\" height=\"590\" data-id=\"25355\" src=\"https:\/\/insideamateurfussball-ffm.de\/wp-content\/uploads\/2025\/05\/speuse-badw6.jpg\" alt=\"\" class=\"wp-image-25355\" srcset=\"https:\/\/insideamateurfussball-ffm.de\/wp-content\/uploads\/2025\/05\/speuse-badw6.jpg 886w, https:\/\/insideamateurfussball-ffm.de\/wp-content\/uploads\/2025\/05\/speuse-badw6-300x200.jpg 300w, https:\/\/insideamateurfussball-ffm.de\/wp-content\/uploads\/2025\/05\/speuse-badw6-768x511.jpg 768w\" sizes=\"auto, (max-width: 886px) 100vw, 886px\" \/><\/figure>\n<\/figure>\n\n\n\n<figure class=\"wp-block-image size-large\"><img loading=\"lazy\" decoding=\"async\" width=\"1024\" height=\"683\" src=\"http:\/\/insideamateurfussball-ffm.de\/wp-content\/uploads\/2025\/05\/250504-Speuzer-FFM-A_023-1024x683.jpg\" alt=\"\" class=\"wp-image-25304\" srcset=\"https:\/\/insideamateurfussball-ffm.de\/wp-content\/uploads\/2025\/05\/250504-Speuzer-FFM-A_023-1024x683.jpg 1024w, https:\/\/insideamateurfussball-ffm.de\/wp-content\/uploads\/2025\/05\/250504-Speuzer-FFM-A_023-300x200.jpg 300w, https:\/\/insideamateurfussball-ffm.de\/wp-content\/uploads\/2025\/05\/250504-Speuzer-FFM-A_023-768x512.jpg 768w, https:\/\/insideamateurfussball-ffm.de\/wp-content\/uploads\/2025\/05\/250504-Speuzer-FFM-A_023-1536x1024.jpg 1536w, https:\/\/insideamateurfussball-ffm.de\/wp-content\/uploads\/2025\/05\/250504-Speuzer-FFM-A_023-2048x1365.jpg 2048w\" sizes=\"auto, (max-width: 1024px) 100vw, 1024px\" \/><\/figure>\n\n\n\n<figure class=\"wp-block-image size-large\"><img loading=\"lazy\" decoding=\"async\" width=\"1024\" height=\"683\" src=\"http:\/\/insideamateurfussball-ffm.de\/wp-content\/uploads\/2025\/05\/250504-Speuzer-FFM-A_003-1024x683.jpg\" alt=\"\" class=\"wp-image-25298\" srcset=\"https:\/\/insideamateurfussball-ffm.de\/wp-content\/uploads\/2025\/05\/250504-Speuzer-FFM-A_003-1024x683.jpg 1024w, https:\/\/insideamateurfussball-ffm.de\/wp-content\/uploads\/2025\/05\/250504-Speuzer-FFM-A_003-300x200.jpg 300w, https:\/\/insideamateurfussball-ffm.de\/wp-content\/uploads\/2025\/05\/250504-Speuzer-FFM-A_003-768x512.jpg 768w, https:\/\/insideamateurfussball-ffm.de\/wp-content\/uploads\/2025\/05\/250504-Speuzer-FFM-A_003-1536x1024.jpg 1536w, https:\/\/insideamateurfussball-ffm.de\/wp-content\/uploads\/2025\/05\/250504-Speuzer-FFM-A_003-2048x1365.jpg 2048w\" sizes=\"auto, (max-width: 1024px) 100vw, 1024px\" \/><\/figure>\n\n\n\n<figure class=\"wp-block-image size-large\"><img loading=\"lazy\" decoding=\"async\" width=\"1024\" height=\"683\" src=\"http:\/\/insideamateurfussball-ffm.de\/wp-content\/uploads\/2025\/05\/250504-Speuzer-FFM-A_025-1024x683.jpg\" alt=\"\" class=\"wp-image-25305\" srcset=\"https:\/\/insideamateurfussball-ffm.de\/wp-content\/uploads\/2025\/05\/250504-Speuzer-FFM-A_025-1024x683.jpg 1024w, https:\/\/insideamateurfussball-ffm.de\/wp-content\/uploads\/2025\/05\/250504-Speuzer-FFM-A_025-300x200.jpg 300w, https:\/\/insideamateurfussball-ffm.de\/wp-content\/uploads\/2025\/05\/250504-Speuzer-FFM-A_025-768x512.jpg 768w, https:\/\/insideamateurfussball-ffm.de\/wp-content\/uploads\/2025\/05\/250504-Speuzer-FFM-A_025-1536x1024.jpg 1536w, https:\/\/insideamateurfussball-ffm.de\/wp-content\/uploads\/2025\/05\/250504-Speuzer-FFM-A_025-2048x1365.jpg 2048w\" sizes=\"auto, (max-width: 1024px) 100vw, 1024px\" \/><\/figure>\n\n\n\n<figure class=\"wp-block-gallery has-nested-images columns-default is-cropped wp-block-gallery-10 is-layout-flex wp-block-gallery-is-layout-flex\">\n<figure class=\"wp-block-image size-large\"><img loading=\"lazy\" decoding=\"async\" width=\"1024\" height=\"683\" data-id=\"25299\" src=\"https:\/\/insideamateurfussball-ffm.de\/wp-content\/uploads\/2025\/05\/250504-Speuzer-FFM-A_005-1024x683.jpg\" alt=\"\" class=\"wp-image-25299\" srcset=\"https:\/\/insideamateurfussball-ffm.de\/wp-content\/uploads\/2025\/05\/250504-Speuzer-FFM-A_005-1024x683.jpg 1024w, https:\/\/insideamateurfussball-ffm.de\/wp-content\/uploads\/2025\/05\/250504-Speuzer-FFM-A_005-300x200.jpg 300w, https:\/\/insideamateurfussball-ffm.de\/wp-content\/uploads\/2025\/05\/250504-Speuzer-FFM-A_005-768x512.jpg 768w, https:\/\/insideamateurfussball-ffm.de\/wp-content\/uploads\/2025\/05\/250504-Speuzer-FFM-A_005-1536x1024.jpg 1536w, https:\/\/insideamateurfussball-ffm.de\/wp-content\/uploads\/2025\/05\/250504-Speuzer-FFM-A_005-2048x1365.jpg 2048w\" sizes=\"auto, (max-width: 1024px) 100vw, 1024px\" \/><\/figure>\n<\/figure>\n\n\n\n<figure class=\"wp-block-image size-large\"><img loading=\"lazy\" decoding=\"async\" width=\"1024\" height=\"683\" src=\"http:\/\/insideamateurfussball-ffm.de\/wp-content\/uploads\/2025\/05\/250504-Speuzer-FFM-A_030-1024x683.jpg\" alt=\"\" class=\"wp-image-25306\" srcset=\"https:\/\/insideamateurfussball-ffm.de\/wp-content\/uploads\/2025\/05\/250504-Speuzer-FFM-A_030-1024x683.jpg 1024w, https:\/\/insideamateurfussball-ffm.de\/wp-content\/uploads\/2025\/05\/250504-Speuzer-FFM-A_030-300x200.jpg 300w, https:\/\/insideamateurfussball-ffm.de\/wp-content\/uploads\/2025\/05\/250504-Speuzer-FFM-A_030-768x512.jpg 768w, https:\/\/insideamateurfussball-ffm.de\/wp-content\/uploads\/2025\/05\/250504-Speuzer-FFM-A_030-1536x1024.jpg 1536w, https:\/\/insideamateurfussball-ffm.de\/wp-content\/uploads\/2025\/05\/250504-Speuzer-FFM-A_030-2048x1365.jpg 2048w\" sizes=\"auto, (max-width: 1024px) 100vw, 1024px\" \/><\/figure>\n\n\n\n<figure class=\"wp-block-gallery has-nested-images columns-default is-cropped wp-block-gallery-11 is-layout-flex wp-block-gallery-is-layout-flex\">\n<figure class=\"wp-block-image size-large\"><img loading=\"lazy\" decoding=\"async\" width=\"1024\" height=\"683\" data-id=\"25300\" src=\"https:\/\/insideamateurfussball-ffm.de\/wp-content\/uploads\/2025\/05\/250504-Speuzer-FFM-A_008-1024x683.jpg\" alt=\"\" class=\"wp-image-25300\" srcset=\"https:\/\/insideamateurfussball-ffm.de\/wp-content\/uploads\/2025\/05\/250504-Speuzer-FFM-A_008-1024x683.jpg 1024w, https:\/\/insideamateurfussball-ffm.de\/wp-content\/uploads\/2025\/05\/250504-Speuzer-FFM-A_008-300x200.jpg 300w, https:\/\/insideamateurfussball-ffm.de\/wp-content\/uploads\/2025\/05\/250504-Speuzer-FFM-A_008-768x512.jpg 768w, https:\/\/insideamateurfussball-ffm.de\/wp-content\/uploads\/2025\/05\/250504-Speuzer-FFM-A_008-1536x1024.jpg 1536w, https:\/\/insideamateurfussball-ffm.de\/wp-content\/uploads\/2025\/05\/250504-Speuzer-FFM-A_008-2048x1365.jpg 2048w\" sizes=\"auto, (max-width: 1024px) 100vw, 1024px\" \/><\/figure>\n<\/figure>\n","protected":false},"excerpt":{"rendered":"<p>W\u00e4hrend der FV Bad Vilbel durch den 5:2-Ausw\u00e4rtssieg beim FFV Sportfreunde 04 wieder wie im Vorjahr auf die Relegation schielt und die direkte Abstiegszone verlassen konnte, steht der zweite Abstieg der &#8222;Speuzer&#8220; rechnerisch fest. Der Verein aus dem Gallus wird in der kommenden Saison in der Kreisoberliga Frankfurt im Fokus stehen.\u00a0 FFV Sportfreunde 04 &#8211; [&hellip;]<\/p>\n","protected":false},"author":1,"featured_media":25344,"comment_status":"closed","ping_status":"closed","sticky":true,"template":"","format":"standard","meta":{"footnotes":""},"categories":[13],"tags":[],"class_list":["post-25343","post","type-post","status-publish","format-standard","has-post-thumbnail","hentry","category-gruppenliga-frankfurt-west"],"_links":{"self":[{"href":"https:\/\/insideamateurfussball-ffm.de\/index.php?rest_route=\/wp\/v2\/posts\/25343","targetHints":{"allow":["GET"]}}],"collection":[{"href":"https:\/\/insideamateurfussball-ffm.de\/index.php?rest_route=\/wp\/v2\/posts"}],"about":[{"href":"https:\/\/insideamateurfussball-ffm.de\/index.php?rest_route=\/wp\/v2\/types\/post"}],"author":[{"embeddable":true,"href":"https:\/\/insideamateurfussball-ffm.de\/index.php?rest_route=\/wp\/v2\/users\/1"}],"replies":[{"embeddable":true,"href":"https:\/\/insideamateurfussball-ffm.de\/index.php?rest_route=%2Fwp%2Fv2%2Fcomments&post=25343"}],"version-history":[{"count":1,"href":"https:\/\/insideamateurfussball-ffm.de\/index.php?rest_route=\/wp\/v2\/posts\/25343\/revisions"}],"predecessor-version":[{"id":25356,"href":"https:\/\/insideamateurfussball-ffm.de\/index.php?rest_route=\/wp\/v2\/posts\/25343\/revisions\/25356"}],"wp:featuredmedia":[{"embeddable":true,"href":"https:\/\/insideamateurfussball-ffm.de\/index.php?rest_route=\/wp\/v2\/media\/25344"}],"wp:attachment":[{"href":"https:\/\/insideamateurfussball-ffm.de\/index.php?rest_route=%2Fwp%2Fv2%2Fmedia&parent=25343"}],"wp:term":[{"taxonomy":"category","embeddable":true,"href":"https:\/\/insideamateurfussball-ffm.de\/index.php?rest_route=%2Fwp%2Fv2%2Fcategories&post=25343"},{"taxonomy":"post_tag","embeddable":true,"href":"https:\/\/insideamateurfussball-ffm.de\/index.php?rest_route=%2Fwp%2Fv2%2Ftags&post=25343"}],"curies":[{"name":"wp","href":"https:\/\/api.w.org\/{rel}","templated":true}]}}