{"id":25340,"date":"2025-05-05T20:40:55","date_gmt":"2025-05-05T19:40:55","guid":{"rendered":"https:\/\/insideamateurfussball-ffm.de\/?p=25340"},"modified":"2025-05-05T20:40:55","modified_gmt":"2025-05-05T19:40:55","slug":"bad-nauheim-profitiert-von-zwei-tempo-platzverweisen","status":"publish","type":"post","link":"https:\/\/insideamateurfussball-ffm.de\/?p=25340","title":{"rendered":"Bad Nauheim profitiert von zwei Tempo-Platzverweisen"},"content":{"rendered":"<h6><span style=\"font-size: 20px;\">70 Minuten lang mit zwei Mann mehr spielend, profitierte der T\u00fcrkische SV Bad Nauheim beim 5:1-Heimsieg gegen den FC Tempo von zwei fr\u00fchen Roten Karten gegen die G\u00e4ste in der 20. Minute.\u00a0<\/span><\/h6>\n<figure id=\"attachment_25341\" aria-describedby=\"caption-attachment-25341\" style=\"width: 300px\" class=\"wp-caption aligncenter\"><img loading=\"lazy\" decoding=\"async\" class=\"wp-image-25341 size-medium\" src=\"http:\/\/insideamateurfussball-ffm.de\/wp-content\/uploads\/2025\/05\/tguecue100-300x220.jpg\" alt=\"\" width=\"300\" height=\"220\" srcset=\"https:\/\/insideamateurfussball-ffm.de\/wp-content\/uploads\/2025\/05\/tguecue100-300x220.jpg 300w, https:\/\/insideamateurfussball-ffm.de\/wp-content\/uploads\/2025\/05\/tguecue100-768x563.jpg 768w, https:\/\/insideamateurfussball-ffm.de\/wp-content\/uploads\/2025\/05\/tguecue100.jpg 886w\" sizes=\"auto, (max-width: 300px) 100vw, 300px\" \/><figcaption id=\"caption-attachment-25341\" class=\"wp-caption-text\">Die Vereinsh\u00fctte der Bad Nauheimer in R\u00f6dgen. Foto: Archiv Mithat G\u00fcrser.\u00a0\u00a0<\/figcaption><\/figure>\n<h6><span style=\"font-size: 20px;\">T\u00fcrkischer SV Bad Nauheim &#8211; FC Tempo 5:1 (3:1)<\/span><\/h6>\n<p><img loading=\"lazy\" decoding=\"async\" class=\"alignnone size-full wp-image-2300\" src=\"http:\/\/insideamateurfussball-ffm.de\/wp-content\/uploads\/2022\/08\/TSVBN.jpg\" alt=\"\" width=\"80\" height=\"80\" \/><img loading=\"lazy\" decoding=\"async\" class=\"alignnone size-full wp-image-31\" src=\"http:\/\/insideamateurfussball-ffm.de\/wp-content\/uploads\/2021\/11\/Tempo.jpg\" alt=\"\" width=\"80\" height=\"80\" \/><\/p>\n<p><span style=\"font-size: 20px;\">Die G\u00e4ste kassierten schon nach 20 Minuten zwei Platzverweise. Nikola Radakovic erhielt nach einer T\u00e4tlichkeit die Rote Karte. Teamkollege Filip Sucic best\u00fcrmte den Linienrichter und sah ebenfalls &#8222;Rot&#8220;. Dennoch hielt sich Tempo mit neun Spielern wacker, glich die Bad Nauheimer F\u00fchrung von Ali \u00dczer (28.) mit Tomislav Stekovic aus (31.). Vor der Pause zogen die Gastgeber aber mit Christopher Skoczny (44.) und Noah P\u00f6litz (45.+10) auf 3:1 davon. <\/span><\/p>\n<p><span style=\"font-size: 20px;\">Nach der Pause konnten Ozan Keskin (51.) und Mohamad Mouma (86.) f\u00fcr klare Verh\u00e4ltnisse sorgen. &#8222;Wir haben uns trotz der Unterzahl gut aus der Aff\u00e4re gezogen&#8220;, meinte Tempo-Sportchef Zoran Marcetic. N\u00e4chsten Sonntag erwartet Tempo den als ersten Absteiger feststehenden sieglosen Tabellenletzten FFV Sportfreunde 04 (15.30 Uhr).\u00a0<\/span><\/p>\n<h6><strong><span style=\"font-size: 20px;\">Schiedsrichter: Benjamin Hanna (TSV Gro\u00dfen-Linden). Zuschauer: 90. <\/span><\/strong><\/h6>\n<h6><strong><span style=\"font-size: 20px;\">Tore: 1:0 Ali \u00dczer (28.), 1:1 Tomislav Stekovic (31.), 2:1 Christopher Skoczny (44.), 3:1 Noah P\u00f6litz (45.\/+10), 4:1 Ozan Keskin (51.), 5:1 Mohamad Mouma (86.).\u00a0\u00a0<\/span><\/strong><\/h6>\n","protected":false},"excerpt":{"rendered":"<p>70 Minuten lang mit zwei Mann mehr spielend, profitierte der T\u00fcrkische SV Bad Nauheim beim 5:1-Heimsieg gegen den FC Tempo von zwei fr\u00fchen Roten Karten gegen die G\u00e4ste in der 20. Minute.\u00a0 T\u00fcrkischer SV Bad Nauheim &#8211; FC Tempo 5:1 (3:1) Die G\u00e4ste kassierten schon nach 20 Minuten zwei Platzverweise. Nikola Radakovic erhielt nach einer [&hellip;]<\/p>\n","protected":false},"author":1,"featured_media":25341,"comment_status":"closed","ping_status":"closed","sticky":true,"template":"","format":"standard","meta":{"footnotes":""},"categories":[13],"tags":[],"class_list":["post-25340","post","type-post","status-publish","format-standard","has-post-thumbnail","hentry","category-gruppenliga-frankfurt-west"],"_links":{"self":[{"href":"https:\/\/insideamateurfussball-ffm.de\/index.php?rest_route=\/wp\/v2\/posts\/25340","targetHints":{"allow":["GET"]}}],"collection":[{"href":"https:\/\/insideamateurfussball-ffm.de\/index.php?rest_route=\/wp\/v2\/posts"}],"about":[{"href":"https:\/\/insideamateurfussball-ffm.de\/index.php?rest_route=\/wp\/v2\/types\/post"}],"author":[{"embeddable":true,"href":"https:\/\/insideamateurfussball-ffm.de\/index.php?rest_route=\/wp\/v2\/users\/1"}],"replies":[{"embeddable":true,"href":"https:\/\/insideamateurfussball-ffm.de\/index.php?rest_route=%2Fwp%2Fv2%2Fcomments&post=25340"}],"version-history":[{"count":1,"href":"https:\/\/insideamateurfussball-ffm.de\/index.php?rest_route=\/wp\/v2\/posts\/25340\/revisions"}],"predecessor-version":[{"id":25342,"href":"https:\/\/insideamateurfussball-ffm.de\/index.php?rest_route=\/wp\/v2\/posts\/25340\/revisions\/25342"}],"wp:featuredmedia":[{"embeddable":true,"href":"https:\/\/insideamateurfussball-ffm.de\/index.php?rest_route=\/wp\/v2\/media\/25341"}],"wp:attachment":[{"href":"https:\/\/insideamateurfussball-ffm.de\/index.php?rest_route=%2Fwp%2Fv2%2Fmedia&parent=25340"}],"wp:term":[{"taxonomy":"category","embeddable":true,"href":"https:\/\/insideamateurfussball-ffm.de\/index.php?rest_route=%2Fwp%2Fv2%2Fcategories&post=25340"},{"taxonomy":"post_tag","embeddable":true,"href":"https:\/\/insideamateurfussball-ffm.de\/index.php?rest_route=%2Fwp%2Fv2%2Ftags&post=25340"}],"curies":[{"name":"wp","href":"https:\/\/api.w.org\/{rel}","templated":true}]}}