{"id":25337,"date":"2025-05-05T20:06:39","date_gmt":"2025-05-05T19:06:39","guid":{"rendered":"https:\/\/insideamateurfussball-ffm.de\/?p=25337"},"modified":"2025-05-05T20:09:32","modified_gmt":"2025-05-05T19:09:32","slug":"seckbach-mit-81-kantersieg-gegen-bomber-bad-homburg","status":"publish","type":"post","link":"https:\/\/insideamateurfussball-ffm.de\/?p=25337","title":{"rendered":"Seckbach mit 8:1-Kantersieg gegen Bomber Bad Homburg"},"content":{"rendered":"<h6><span style=\"font-size: 20px;\">Pokalfinalist FG Seckbach landete gegen Aufsteiger und Abstiegskandidat Spvgg. 05\/99 Bomber Bad Homburg einen 8:1-Kantersieg und verbesserte sich mit 49 Punkten auf Rang sieben.\u00a0<\/span><\/h6>\n<figure id=\"attachment_25338\" aria-describedby=\"caption-attachment-25338\" style=\"width: 300px\" class=\"wp-caption aligncenter\"><img loading=\"lazy\" decoding=\"async\" class=\"wp-image-25338 size-medium\" src=\"http:\/\/insideamateurfussball-ffm.de\/wp-content\/uploads\/2025\/05\/pok20-3-300x211.jpg\" alt=\"\" width=\"300\" height=\"211\" srcset=\"https:\/\/insideamateurfussball-ffm.de\/wp-content\/uploads\/2025\/05\/pok20-3-300x211.jpg 300w, https:\/\/insideamateurfussball-ffm.de\/wp-content\/uploads\/2025\/05\/pok20-3-768x540.jpg 768w, https:\/\/insideamateurfussball-ffm.de\/wp-content\/uploads\/2025\/05\/pok20-3.jpg 945w\" sizes=\"auto, (max-width: 300px) 100vw, 300px\" \/><figcaption id=\"caption-attachment-25338\" class=\"wp-caption-text\">Die FG Seckbach nach einem Pokalspiel im Herbst im Spielerkreis. Foto: Archiv Mithat G\u00fcrser.<\/figcaption><\/figure>\n<h6><span style=\"font-size: 20px;\">FG Seckbach &#8211; Spvgg. 05\/99 Bomber Bad Homburg 8:1 (2:1)<\/span><\/h6>\n<p><img loading=\"lazy\" decoding=\"async\" class=\"alignnone size-full wp-image-544\" src=\"http:\/\/insideamateurfussball-ffm.de\/wp-content\/uploads\/2022\/06\/Seckbach.jpg\" alt=\"\" width=\"80\" height=\"80\" \/><img loading=\"lazy\" decoding=\"async\" class=\"alignnone size-full wp-image-1287\" src=\"http:\/\/insideamateurfussball-ffm.de\/wp-content\/uploads\/2022\/07\/HeaderLogoSpvgg1-80x80-1.png\" alt=\"\" width=\"80\" height=\"80\" \/><\/p>\n<p>Die G\u00e4ste aus Bad Homburg fielen durch die hohe Niederlage auf den ersten Abstiegsplatz zur\u00fcck. Nach der F\u00fchrung durch El Mard Zouhir (25.) gelang dem Hochtaunus-Club nichts mehr. Seckbachs Kapit\u00e4n Milad Wardak erzielte den Ausgleich (29.), noch vor der Pause brachte Raphael Sahl den Pokalfinalisten nach vorne (39.). Nach dem Seitenwechsel brachen bei Bad Homburg alle D\u00e4mme. Shuya Harada (49.), Wardak (54.), Sahl (55.), Florian Schuberth (62.) und Adnan Allali (73.\/87.) trafen nach Belieben. &#8222;In der ersten Halbzeit war Bad Homburg noch gut, danach hatten sie keine Chance mehr&#8220;, befand Seckbachs Spielausschuss-Chef Jo Nareike. N\u00e4chsten Sonntag erwarten die Seckbacher dann vor heimischer Kulisse den T\u00fcrkischen SV Bad Nauheim (15.30 Uhr).<\/p>\n<h6><strong><span style=\"font-size: 20px;\">Schiedsrichter: Felix Krauser (FC Eddersheim). Zuschauer: 180. <\/span><\/strong><\/h6>\n<h6><strong><span style=\"font-size: 20px;\">Tore: 0:1 El Mard Zouhir (25.), 1:1 Milad Wardak (29.), 2:1 Raphael Sahl (39.), 3:1 Shuya Harada (49.), 4:1 Milad Wardak (54.), 5:1 Raphael Sahl (55.), 6:1 Florian Schuberth (62.), 7:1, 8:1 Adnan Allali (73.\/87.).\u00a0<\/span><\/strong><\/h6>\n","protected":false},"excerpt":{"rendered":"<p>Pokalfinalist FG Seckbach landete gegen Aufsteiger und Abstiegskandidat Spvgg. 05\/99 Bomber Bad Homburg einen 8:1-Kantersieg und verbesserte sich mit 49 Punkten auf Rang sieben.\u00a0 FG Seckbach &#8211; Spvgg. 05\/99 Bomber Bad Homburg 8:1 (2:1) Die G\u00e4ste aus Bad Homburg fielen durch die hohe Niederlage auf den ersten Abstiegsplatz zur\u00fcck. Nach der F\u00fchrung durch El Mard [&hellip;]<\/p>\n","protected":false},"author":1,"featured_media":25338,"comment_status":"open","ping_status":"open","sticky":true,"template":"","format":"standard","meta":{"footnotes":""},"categories":[13],"tags":[],"class_list":["post-25337","post","type-post","status-publish","format-standard","has-post-thumbnail","hentry","category-gruppenliga-frankfurt-west"],"_links":{"self":[{"href":"https:\/\/insideamateurfussball-ffm.de\/index.php?rest_route=\/wp\/v2\/posts\/25337","targetHints":{"allow":["GET"]}}],"collection":[{"href":"https:\/\/insideamateurfussball-ffm.de\/index.php?rest_route=\/wp\/v2\/posts"}],"about":[{"href":"https:\/\/insideamateurfussball-ffm.de\/index.php?rest_route=\/wp\/v2\/types\/post"}],"author":[{"embeddable":true,"href":"https:\/\/insideamateurfussball-ffm.de\/index.php?rest_route=\/wp\/v2\/users\/1"}],"replies":[{"embeddable":true,"href":"https:\/\/insideamateurfussball-ffm.de\/index.php?rest_route=%2Fwp%2Fv2%2Fcomments&post=25337"}],"version-history":[{"count":1,"href":"https:\/\/insideamateurfussball-ffm.de\/index.php?rest_route=\/wp\/v2\/posts\/25337\/revisions"}],"predecessor-version":[{"id":25339,"href":"https:\/\/insideamateurfussball-ffm.de\/index.php?rest_route=\/wp\/v2\/posts\/25337\/revisions\/25339"}],"wp:featuredmedia":[{"embeddable":true,"href":"https:\/\/insideamateurfussball-ffm.de\/index.php?rest_route=\/wp\/v2\/media\/25338"}],"wp:attachment":[{"href":"https:\/\/insideamateurfussball-ffm.de\/index.php?rest_route=%2Fwp%2Fv2%2Fmedia&parent=25337"}],"wp:term":[{"taxonomy":"category","embeddable":true,"href":"https:\/\/insideamateurfussball-ffm.de\/index.php?rest_route=%2Fwp%2Fv2%2Fcategories&post=25337"},{"taxonomy":"post_tag","embeddable":true,"href":"https:\/\/insideamateurfussball-ffm.de\/index.php?rest_route=%2Fwp%2Fv2%2Ftags&post=25337"}],"curies":[{"name":"wp","href":"https:\/\/api.w.org\/{rel}","templated":true}]}}