{"id":25314,"date":"2025-05-05T18:40:33","date_gmt":"2025-05-05T17:40:33","guid":{"rendered":"https:\/\/insideamateurfussball-ffm.de\/?p=25314"},"modified":"2025-05-05T18:52:37","modified_gmt":"2025-05-05T17:52:37","slug":"bornheim-erzwingt-das-glueck-mit-weitschuessen","status":"publish","type":"post","link":"https:\/\/insideamateurfussball-ffm.de\/?p=25314","title":{"rendered":"Bornheim erzwingt das Gl\u00fcck mit Weitsch\u00fcssen"},"content":{"rendered":"<h6><span style=\"font-size: 20px;\">Die SG Bornheim\/Gr\u00fcn-Wei\u00df landete in der Verbandsliga S\u00fcd nach dem 5:3 gegen den SV Pars Neu-Isenburg den zweiten Heimsieg in Folge und bezwang den bisherigen Tabellenzweiten SC Dortelweil durch den 4:1-Sieg \u00fcberraschend deutlich.\u00a0<\/span><\/h6>\n<figure id=\"attachment_25315\" aria-describedby=\"caption-attachment-25315\" style=\"width: 150px\" class=\"wp-caption aligncenter\"><img loading=\"lazy\" decoding=\"async\" class=\"wp-image-25315 size-thumbnail\" src=\"http:\/\/insideamateurfussball-ffm.de\/wp-content\/uploads\/2025\/05\/SGB-SCDortelweil_250504-139-150x150.jpg\" alt=\"\" width=\"150\" height=\"150\" \/><figcaption id=\"caption-attachment-25315\" class=\"wp-caption-text\">Jannis Schwarz (Bornheim) und Dominik Steffen (Dortelweil) in Erwartung des Anpfiffs. Foto: Andre Sturmeit.<\/figcaption><\/figure>\n<h6><span style=\"font-size: 20px;\">SG Bornheim\/Gr\u00fcn-Wei\u00df &#8211; SC Dortelweil 4:1 (1:1)<\/span><\/h6>\n<p><img loading=\"lazy\" decoding=\"async\" class=\"alignnone size-full wp-image-119\" src=\"http:\/\/insideamateurfussball-ffm.de\/wp-content\/uploads\/2022\/05\/Bornheim.jpg\" alt=\"\" width=\"80\" height=\"80\" \/><img loading=\"lazy\" decoding=\"async\" class=\"alignnone size-full wp-image-435\" src=\"http:\/\/insideamateurfussball-ffm.de\/wp-content\/uploads\/2022\/05\/Dortelweil.jpg\" alt=\"\" width=\"80\" height=\"80\" \/><\/p>\n<p>235 Zuschauer sahen eine starke Leistung der Bornheimer, die am Ende mit zwei Distanzsch\u00fcssen auch das n\u00f6tige Qu\u00e4ntchen Gl\u00fcck hatten. Per Freisto\u00df brachte Joel Tewelde die Gastgeber in F\u00fchrung (16.), die Dortelweils Dominik Steffen auf Zuspiel von Maurice Reininger mit der Hacke egalisierte (30.). Nach dem Seitenwechsel traf Aaron Neu spektakul\u00e4r aus 40 Metern zum 2:1 (56.).<\/p>\n<p>Die G\u00e4ste verpassten mit Orkan Beslen und Dominik Steffen den m\u00f6glichen Ausgleich. In der Schlussphase erh\u00f6hte Jassine Sekkali mit einem Schuss aus 16 Metern zum 3:1 (83.). Und in der Nachspielzeit setzte der spielende Co-Trainer Tim Flie\u00df in der eigenen H\u00e4lfte zu einem Befreiungsschlag an. Der Ball flog im hohen Bogen aus 60 Metern \u00fcber SCD-Torh\u00fcter Yannick R\u00fchl hinweg ins Tor (90.+5).<\/p>\n<h6><strong><span style=\"font-size: 20px;\">&#8222;Wir h\u00e4tten das Ding mit einem Unentschieden nach Hause schaukeln m\u00fcssen&#8220; (Dortelweils Trainer G\u00fcltekin Cagritekin)<\/span><\/strong><\/h6>\n<p>Bornheims Trainer Maik Rudolf fasste zusammen: &#8222;Wir hatten das Gl\u00fcck, das wir die letzten Wochen nicht hatten. Dann schie\u00dft du halt so zwei Schlitzohr-Tore. Das letzte von Tim Flie\u00df war auch nicht so gewollt, aber trotzdem wundersch\u00f6n. Wir haben wenig zugelassen gegen eine Spitzenmannschaft.&#8220; Dortelweils Trainer G\u00fcltekin Cagritekin sagte: &#8222;Wir h\u00e4tten das Ding mit einem Unentschieden nach Hause schaukeln m\u00fcssen, bekommen aber drei der vier Tore aus Zufallsaktionen und gehen mit einer Viererpackung nach Hause.&#8220;<\/p>\n<p>Die Bornheimer fahren n\u00e4chsten Sonntag zur DJK Sportfreunde Bad Homburg (15 Uhr). Zeitgleich erwarten die Dortelweiler im Wetterauer Derby das abgeschlagene Schlusslicht SKV Beienheim.<\/p>\n<h6><strong><span style=\"font-size: 20px;\">Schiedsrichter: Dominik Br\u00e4unche (TSV Bicken). Zuschauer: 235. <\/span><\/strong><\/h6>\n<h6><strong><span style=\"font-size: 20px;\">Tore: 1:0 Joel Tewelde (16.), 1:1 Dominik Steffen (30.), 2:1 Aaron Neu (56.), 3:1 Jassine Sekkali (83.), 4:1 Tim Flie\u00df (90.\/+5). <\/span><\/strong><\/h6>\n<h6><strong><span style=\"font-size: 20px;\">Bildergalerie: Unser SGB-Fotograf Andre Sturmeit hat uns eine Auswahl an Bildern geschickt! Vielen Dank.\u00a0\u00a0<\/span><\/strong><\/h6>\n\n\n<figure class=\"wp-block-image size-large\"><img loading=\"lazy\" decoding=\"async\" width=\"1024\" height=\"683\" src=\"https:\/\/insideamateurfussball-ffm.de\/wp-content\/uploads\/2025\/05\/SGB-SCDortelweil_250504-215-1024x683.jpg\" alt=\"\" class=\"wp-image-25320\" srcset=\"https:\/\/insideamateurfussball-ffm.de\/wp-content\/uploads\/2025\/05\/SGB-SCDortelweil_250504-215-1024x683.jpg 1024w, https:\/\/insideamateurfussball-ffm.de\/wp-content\/uploads\/2025\/05\/SGB-SCDortelweil_250504-215-300x200.jpg 300w, https:\/\/insideamateurfussball-ffm.de\/wp-content\/uploads\/2025\/05\/SGB-SCDortelweil_250504-215-768x512.jpg 768w, https:\/\/insideamateurfussball-ffm.de\/wp-content\/uploads\/2025\/05\/SGB-SCDortelweil_250504-215-1536x1024.jpg 1536w, https:\/\/insideamateurfussball-ffm.de\/wp-content\/uploads\/2025\/05\/SGB-SCDortelweil_250504-215-2048x1365.jpg 2048w\" sizes=\"auto, (max-width: 1024px) 100vw, 1024px\" \/><\/figure>\n\n\n\n<figure class=\"wp-block-gallery has-nested-images columns-default is-cropped wp-block-gallery-1 is-layout-flex wp-block-gallery-is-layout-flex\">\n<figure class=\"wp-block-image size-large\"><img loading=\"lazy\" decoding=\"async\" width=\"1024\" height=\"683\" data-id=\"25321\" src=\"https:\/\/insideamateurfussball-ffm.de\/wp-content\/uploads\/2025\/05\/SGB-SCDortelweil_250504-320-1024x683.jpg\" alt=\"\" class=\"wp-image-25321\" srcset=\"https:\/\/insideamateurfussball-ffm.de\/wp-content\/uploads\/2025\/05\/SGB-SCDortelweil_250504-320-1024x683.jpg 1024w, https:\/\/insideamateurfussball-ffm.de\/wp-content\/uploads\/2025\/05\/SGB-SCDortelweil_250504-320-300x200.jpg 300w, https:\/\/insideamateurfussball-ffm.de\/wp-content\/uploads\/2025\/05\/SGB-SCDortelweil_250504-320-768x512.jpg 768w, https:\/\/insideamateurfussball-ffm.de\/wp-content\/uploads\/2025\/05\/SGB-SCDortelweil_250504-320-1536x1024.jpg 1536w, https:\/\/insideamateurfussball-ffm.de\/wp-content\/uploads\/2025\/05\/SGB-SCDortelweil_250504-320-2048x1365.jpg 2048w\" sizes=\"auto, (max-width: 1024px) 100vw, 1024px\" \/><\/figure>\n<\/figure>\n\n\n\n<figure class=\"wp-block-image size-large\"><img loading=\"lazy\" decoding=\"async\" width=\"1024\" height=\"685\" src=\"https:\/\/insideamateurfussball-ffm.de\/wp-content\/uploads\/2025\/05\/SGB-SCDortelweil_250504-339-1024x685.jpg\" alt=\"\" class=\"wp-image-25322\" srcset=\"https:\/\/insideamateurfussball-ffm.de\/wp-content\/uploads\/2025\/05\/SGB-SCDortelweil_250504-339-1024x685.jpg 1024w, https:\/\/insideamateurfussball-ffm.de\/wp-content\/uploads\/2025\/05\/SGB-SCDortelweil_250504-339-300x201.jpg 300w, https:\/\/insideamateurfussball-ffm.de\/wp-content\/uploads\/2025\/05\/SGB-SCDortelweil_250504-339-768x514.jpg 768w, https:\/\/insideamateurfussball-ffm.de\/wp-content\/uploads\/2025\/05\/SGB-SCDortelweil_250504-339-1536x1028.jpg 1536w, https:\/\/insideamateurfussball-ffm.de\/wp-content\/uploads\/2025\/05\/SGB-SCDortelweil_250504-339-2048x1371.jpg 2048w\" sizes=\"auto, (max-width: 1024px) 100vw, 1024px\" \/><\/figure>\n\n\n\n<figure class=\"wp-block-image size-large\"><img loading=\"lazy\" decoding=\"async\" width=\"1024\" height=\"683\" src=\"https:\/\/insideamateurfussball-ffm.de\/wp-content\/uploads\/2025\/05\/SGB-SCDortelweil_250504-479-1024x683.jpg\" alt=\"\" class=\"wp-image-25323\" srcset=\"https:\/\/insideamateurfussball-ffm.de\/wp-content\/uploads\/2025\/05\/SGB-SCDortelweil_250504-479-1024x683.jpg 1024w, https:\/\/insideamateurfussball-ffm.de\/wp-content\/uploads\/2025\/05\/SGB-SCDortelweil_250504-479-300x200.jpg 300w, https:\/\/insideamateurfussball-ffm.de\/wp-content\/uploads\/2025\/05\/SGB-SCDortelweil_250504-479-768x512.jpg 768w, https:\/\/insideamateurfussball-ffm.de\/wp-content\/uploads\/2025\/05\/SGB-SCDortelweil_250504-479-1536x1024.jpg 1536w, https:\/\/insideamateurfussball-ffm.de\/wp-content\/uploads\/2025\/05\/SGB-SCDortelweil_250504-479-2048x1365.jpg 2048w\" sizes=\"auto, (max-width: 1024px) 100vw, 1024px\" \/><\/figure>\n\n\n\n<figure class=\"wp-block-image size-large\"><img loading=\"lazy\" decoding=\"async\" width=\"1024\" height=\"683\" src=\"https:\/\/insideamateurfussball-ffm.de\/wp-content\/uploads\/2025\/05\/SGB-SCDortelweil_250504-607-1024x683.jpg\" alt=\"\" class=\"wp-image-25324\" srcset=\"https:\/\/insideamateurfussball-ffm.de\/wp-content\/uploads\/2025\/05\/SGB-SCDortelweil_250504-607-1024x683.jpg 1024w, https:\/\/insideamateurfussball-ffm.de\/wp-content\/uploads\/2025\/05\/SGB-SCDortelweil_250504-607-300x200.jpg 300w, https:\/\/insideamateurfussball-ffm.de\/wp-content\/uploads\/2025\/05\/SGB-SCDortelweil_250504-607-768x512.jpg 768w, https:\/\/insideamateurfussball-ffm.de\/wp-content\/uploads\/2025\/05\/SGB-SCDortelweil_250504-607-1536x1024.jpg 1536w, https:\/\/insideamateurfussball-ffm.de\/wp-content\/uploads\/2025\/05\/SGB-SCDortelweil_250504-607-2048x1365.jpg 2048w\" sizes=\"auto, (max-width: 1024px) 100vw, 1024px\" \/><\/figure>\n\n\n\n<figure class=\"wp-block-image size-large\"><img loading=\"lazy\" decoding=\"async\" width=\"1024\" height=\"683\" src=\"https:\/\/insideamateurfussball-ffm.de\/wp-content\/uploads\/2025\/05\/SGB-SCDortelweil_250504-736-1024x683.jpg\" alt=\"\" class=\"wp-image-25325\" srcset=\"https:\/\/insideamateurfussball-ffm.de\/wp-content\/uploads\/2025\/05\/SGB-SCDortelweil_250504-736-1024x683.jpg 1024w, https:\/\/insideamateurfussball-ffm.de\/wp-content\/uploads\/2025\/05\/SGB-SCDortelweil_250504-736-300x200.jpg 300w, https:\/\/insideamateurfussball-ffm.de\/wp-content\/uploads\/2025\/05\/SGB-SCDortelweil_250504-736-768x512.jpg 768w, https:\/\/insideamateurfussball-ffm.de\/wp-content\/uploads\/2025\/05\/SGB-SCDortelweil_250504-736-1536x1024.jpg 1536w, https:\/\/insideamateurfussball-ffm.de\/wp-content\/uploads\/2025\/05\/SGB-SCDortelweil_250504-736-2048x1365.jpg 2048w\" sizes=\"auto, (max-width: 1024px) 100vw, 1024px\" \/><\/figure>\n\n\n\n<figure class=\"wp-block-gallery has-nested-images columns-default is-cropped wp-block-gallery-2 is-layout-flex wp-block-gallery-is-layout-flex\">\n<figure class=\"wp-block-image size-large\"><img loading=\"lazy\" decoding=\"async\" width=\"1024\" height=\"683\" data-id=\"25326\" src=\"https:\/\/insideamateurfussball-ffm.de\/wp-content\/uploads\/2025\/05\/SGB-SCDortelweil_250504-846-1024x683.jpg\" alt=\"\" class=\"wp-image-25326\" srcset=\"https:\/\/insideamateurfussball-ffm.de\/wp-content\/uploads\/2025\/05\/SGB-SCDortelweil_250504-846-1024x683.jpg 1024w, https:\/\/insideamateurfussball-ffm.de\/wp-content\/uploads\/2025\/05\/SGB-SCDortelweil_250504-846-300x200.jpg 300w, https:\/\/insideamateurfussball-ffm.de\/wp-content\/uploads\/2025\/05\/SGB-SCDortelweil_250504-846-768x512.jpg 768w, https:\/\/insideamateurfussball-ffm.de\/wp-content\/uploads\/2025\/05\/SGB-SCDortelweil_250504-846-1536x1024.jpg 1536w, https:\/\/insideamateurfussball-ffm.de\/wp-content\/uploads\/2025\/05\/SGB-SCDortelweil_250504-846-2048x1365.jpg 2048w\" sizes=\"auto, (max-width: 1024px) 100vw, 1024px\" \/><\/figure>\n<\/figure>\n\n\n\n<figure class=\"wp-block-image size-large\"><img loading=\"lazy\" decoding=\"async\" width=\"1024\" height=\"683\" src=\"https:\/\/insideamateurfussball-ffm.de\/wp-content\/uploads\/2025\/05\/SGB-SCDortelweil_250504-944-1024x683.jpg\" alt=\"\" class=\"wp-image-25327\" srcset=\"https:\/\/insideamateurfussball-ffm.de\/wp-content\/uploads\/2025\/05\/SGB-SCDortelweil_250504-944-1024x683.jpg 1024w, https:\/\/insideamateurfussball-ffm.de\/wp-content\/uploads\/2025\/05\/SGB-SCDortelweil_250504-944-300x200.jpg 300w, https:\/\/insideamateurfussball-ffm.de\/wp-content\/uploads\/2025\/05\/SGB-SCDortelweil_250504-944-768x512.jpg 768w, https:\/\/insideamateurfussball-ffm.de\/wp-content\/uploads\/2025\/05\/SGB-SCDortelweil_250504-944-1536x1024.jpg 1536w, https:\/\/insideamateurfussball-ffm.de\/wp-content\/uploads\/2025\/05\/SGB-SCDortelweil_250504-944-2048x1366.jpg 2048w\" sizes=\"auto, (max-width: 1024px) 100vw, 1024px\" \/><\/figure>\n\n\n\n<figure class=\"wp-block-image size-large\"><img loading=\"lazy\" decoding=\"async\" width=\"1024\" height=\"683\" src=\"https:\/\/insideamateurfussball-ffm.de\/wp-content\/uploads\/2025\/05\/SGB-SCDortelweil_250504-1047-1024x683.jpg\" alt=\"\" class=\"wp-image-25328\" srcset=\"https:\/\/insideamateurfussball-ffm.de\/wp-content\/uploads\/2025\/05\/SGB-SCDortelweil_250504-1047-1024x683.jpg 1024w, https:\/\/insideamateurfussball-ffm.de\/wp-content\/uploads\/2025\/05\/SGB-SCDortelweil_250504-1047-300x200.jpg 300w, https:\/\/insideamateurfussball-ffm.de\/wp-content\/uploads\/2025\/05\/SGB-SCDortelweil_250504-1047-768x512.jpg 768w, https:\/\/insideamateurfussball-ffm.de\/wp-content\/uploads\/2025\/05\/SGB-SCDortelweil_250504-1047-1536x1024.jpg 1536w, https:\/\/insideamateurfussball-ffm.de\/wp-content\/uploads\/2025\/05\/SGB-SCDortelweil_250504-1047-2048x1365.jpg 2048w\" sizes=\"auto, (max-width: 1024px) 100vw, 1024px\" \/><\/figure>\n\n\n\n<figure class=\"wp-block-gallery has-nested-images columns-default is-cropped wp-block-gallery-3 is-layout-flex wp-block-gallery-is-layout-flex\">\n<figure class=\"wp-block-image size-large\"><img loading=\"lazy\" decoding=\"async\" width=\"1024\" height=\"683\" data-id=\"25329\" src=\"https:\/\/insideamateurfussball-ffm.de\/wp-content\/uploads\/2025\/05\/SGB-SCDortelweil_250504-1199-1024x683.jpg\" alt=\"\" class=\"wp-image-25329\" srcset=\"https:\/\/insideamateurfussball-ffm.de\/wp-content\/uploads\/2025\/05\/SGB-SCDortelweil_250504-1199-1024x683.jpg 1024w, https:\/\/insideamateurfussball-ffm.de\/wp-content\/uploads\/2025\/05\/SGB-SCDortelweil_250504-1199-300x200.jpg 300w, https:\/\/insideamateurfussball-ffm.de\/wp-content\/uploads\/2025\/05\/SGB-SCDortelweil_250504-1199-768x512.jpg 768w, https:\/\/insideamateurfussball-ffm.de\/wp-content\/uploads\/2025\/05\/SGB-SCDortelweil_250504-1199-1536x1024.jpg 1536w, https:\/\/insideamateurfussball-ffm.de\/wp-content\/uploads\/2025\/05\/SGB-SCDortelweil_250504-1199-2048x1365.jpg 2048w\" sizes=\"auto, (max-width: 1024px) 100vw, 1024px\" \/><\/figure>\n<\/figure>\n","protected":false},"excerpt":{"rendered":"<p>Die SG Bornheim\/Gr\u00fcn-Wei\u00df landete in der Verbandsliga S\u00fcd nach dem 5:3 gegen den SV Pars Neu-Isenburg den zweiten Heimsieg in Folge und bezwang den bisherigen Tabellenzweiten SC Dortelweil durch den 4:1-Sieg \u00fcberraschend deutlich.\u00a0 SG Bornheim\/Gr\u00fcn-Wei\u00df &#8211; SC Dortelweil 4:1 (1:1) 235 Zuschauer sahen eine starke Leistung der Bornheimer, die am Ende mit zwei Distanzsch\u00fcssen auch [&hellip;]<\/p>\n","protected":false},"author":1,"featured_media":25315,"comment_status":"closed","ping_status":"closed","sticky":true,"template":"","format":"standard","meta":{"footnotes":""},"categories":[10],"tags":[],"class_list":["post-25314","post","type-post","status-publish","format-standard","has-post-thumbnail","hentry","category-verbandsliga-sued"],"_links":{"self":[{"href":"https:\/\/insideamateurfussball-ffm.de\/index.php?rest_route=\/wp\/v2\/posts\/25314","targetHints":{"allow":["GET"]}}],"collection":[{"href":"https:\/\/insideamateurfussball-ffm.de\/index.php?rest_route=\/wp\/v2\/posts"}],"about":[{"href":"https:\/\/insideamateurfussball-ffm.de\/index.php?rest_route=\/wp\/v2\/types\/post"}],"author":[{"embeddable":true,"href":"https:\/\/insideamateurfussball-ffm.de\/index.php?rest_route=\/wp\/v2\/users\/1"}],"replies":[{"embeddable":true,"href":"https:\/\/insideamateurfussball-ffm.de\/index.php?rest_route=%2Fwp%2Fv2%2Fcomments&post=25314"}],"version-history":[{"count":5,"href":"https:\/\/insideamateurfussball-ffm.de\/index.php?rest_route=\/wp\/v2\/posts\/25314\/revisions"}],"predecessor-version":[{"id":25330,"href":"https:\/\/insideamateurfussball-ffm.de\/index.php?rest_route=\/wp\/v2\/posts\/25314\/revisions\/25330"}],"wp:featuredmedia":[{"embeddable":true,"href":"https:\/\/insideamateurfussball-ffm.de\/index.php?rest_route=\/wp\/v2\/media\/25315"}],"wp:attachment":[{"href":"https:\/\/insideamateurfussball-ffm.de\/index.php?rest_route=%2Fwp%2Fv2%2Fmedia&parent=25314"}],"wp:term":[{"taxonomy":"category","embeddable":true,"href":"https:\/\/insideamateurfussball-ffm.de\/index.php?rest_route=%2Fwp%2Fv2%2Fcategories&post=25314"},{"taxonomy":"post_tag","embeddable":true,"href":"https:\/\/insideamateurfussball-ffm.de\/index.php?rest_route=%2Fwp%2Fv2%2Ftags&post=25314"}],"curies":[{"name":"wp","href":"https:\/\/api.w.org\/{rel}","templated":true}]}}