{"id":25279,"date":"2025-05-04T11:04:59","date_gmt":"2025-05-04T10:04:59","guid":{"rendered":"https:\/\/insideamateurfussball-ffm.de\/?p=25279"},"modified":"2025-05-04T19:01:52","modified_gmt":"2025-05-04T18:01:52","slug":"hakan-tekin-nach-niederlage-in-koenigstein-zurueckgetreten","status":"publish","type":"post","link":"https:\/\/insideamateurfussball-ffm.de\/?p=25279","title":{"rendered":"Hakan Tekin nach Niederlage in K\u00f6nigstein zur\u00fcckgetreten"},"content":{"rendered":"<h6><span style=\"font-size: 20px;\">Beim fast abgestiegenen Vorletzten 1. FC-TSG K\u00f6nigstein musste der TSKV T\u00fcrkg\u00fcc\u00fc Frankfurt am Freitagabend eine Niederlage einstecken. Der Hochtaunus-Club gewann durch ein Tor in der Nachspielzeit mit 4:3 (3:1). Der Vorsprung von T\u00fcrkg\u00fcc\u00fc auf den wahrscheinlichen Relegationsplatz 14 betr\u00e4gt weiter vier Punkte, k\u00f6nnte sich aber nach den Sonntagspielen weiter verringern. Trainer Hakan Tekin zog nach dem Spiel die Konsequenzen und trat nach der Partie von seinem Amt zur\u00fcck.<\/span><\/h6>\n<figure id=\"attachment_25280\" aria-describedby=\"caption-attachment-25280\" style=\"width: 300px\" class=\"wp-caption aligncenter\"><img loading=\"lazy\" decoding=\"async\" class=\"wp-image-25280 size-medium\" src=\"http:\/\/insideamateurfussball-ffm.de\/wp-content\/uploads\/2025\/05\/tguecue-koenig6-300x226.jpg\" alt=\"\" width=\"300\" height=\"226\" srcset=\"https:\/\/insideamateurfussball-ffm.de\/wp-content\/uploads\/2025\/05\/tguecue-koenig6-300x226.jpg 300w, https:\/\/insideamateurfussball-ffm.de\/wp-content\/uploads\/2025\/05\/tguecue-koenig6-768x579.jpg 768w, https:\/\/insideamateurfussball-ffm.de\/wp-content\/uploads\/2025\/05\/tguecue-koenig6.jpg 886w\" sizes=\"auto, (max-width: 300px) 100vw, 300px\" \/><figcaption id=\"caption-attachment-25280\" class=\"wp-caption-text\">T\u00fcrkg\u00fcc\u00fc vor dem Spiel in K\u00f6nigstein. Foto: Mithat G\u00fcrser.<\/figcaption><\/figure>\n<h6><span style=\"font-size: 20px;\">1. FC-TSG K\u00f6nigstein &#8211; TSKV T\u00fcrkg\u00fcc\u00fc Frankfurt 4:3 (3:1)<\/span><\/h6>\n<p><img loading=\"lazy\" decoding=\"async\" class=\"alignnone size-full wp-image-1396\" src=\"http:\/\/insideamateurfussball-ffm.de\/wp-content\/uploads\/2022\/07\/koenigstein.png\" alt=\"\" width=\"80\" height=\"72\" \/><img loading=\"lazy\" decoding=\"async\" class=\"alignnone size-full wp-image-17\" src=\"http:\/\/insideamateurfussball-ffm.de\/wp-content\/uploads\/2021\/11\/Tuerkguecue.jpg\" alt=\"\" width=\"72\" height=\"80\" \/><\/p>\n<p>Nach der Begegnung versammelte sich eine Gruppe von Anh\u00e4ngern von T\u00fcrkg\u00fcc\u00fc auf dem Parkplatz in K\u00f6nigstein und verlangte von Trainer Hakan Tekin Erkl\u00e4rungen f\u00fcr diese Niederlage. Es kam zu unsch\u00f6nen Diskussionen zwischen den aufgebrachten Fans und dem Coach, der von eigenen Spielern verteidigt wurde. &#8222;Diese Situation war sehr unangenehm und die Art und Weise geht so nicht. Ich habe mich danach dazu entschlossen, mein Amt niederzulegen&#8220;, teilte Tekin mit.<\/p>\n<p>Zuvor waren die G\u00e4ste im ersten Abschnitt laut Tekin gut im Spiel gewesen: &#8222;Wir hatten eigentlich nur 15 bis 20 schlechte Minuten. Nach dem ersten Gegentor kam wie so oft der maximale Bruch.&#8220; Routinier Masih Saighani brachte die K\u00f6nigsteiner in F\u00fchrung (17.). Tim Hilgers erh\u00f6hte f\u00fcr den Hochtaunus-Club (37.), dann verk\u00fcrzte T\u00fcrkg\u00fcc\u00fc-Kapit\u00e4n Emre Kadimli per Freisto\u00df (39.), aber in der Nachspielzeit der ersten Halbzeit stellte Hilgers den alten Abstand wieder her (45.\/+2).<\/p>\n<h6><strong><span style=\"font-size: 20px;\">&#8222;Ich bedanke mich beim Verein f\u00fcr die Zusammenarbeit&#8220; (T\u00fcrkg\u00fcc\u00fcs zur\u00fcckgetretener Trainer Hakan Tekin)<\/span><\/strong><\/h6>\n<p>Im zweiten Abschnitt machten die G\u00e4ste viel Druck, erzielten den Anschluss durch Mete Nakipoglu (54.), der in der Schlussphase auch ausglich (82.). Danach dr\u00e4ngten die G\u00e4ste sogar auf den vierten Treffer. Die beste Chance vergab Kadimli, der den besser postierten Murat Tiryaki \u00fcbersah. Im Gegenzug markierte Zidane Saighani (90.\/+4) den Treffer zum 4:3, der das Fass bei den T\u00fcrkg\u00fcc\u00fc-Anh\u00e4ngern zum \u00dcberlaufen brachte.<\/p>\n<p>&#8222;Der Vorstand stand bis zuletzt hinter mir, leider wurde viel Unruhe von au\u00dfen gesch\u00fcrt. Ich bedanke mich beim Verein f\u00fcr die Zusammenarbeit&#8220;, sagte Tekin. In den letzten vier Partien soll Murat Tiryaki T\u00fcrkg\u00fcc\u00fc als Interimstrainer zum Klassenerhalt f\u00fchren.<\/p>\n<h6><strong><span style=\"font-size: 20px;\">Schiedsrichter: Tobias K\u00f6hler (Spvgg. Dietesheim). Zuschauer: 80. <\/span><\/strong><\/h6>\n<h6><strong><span style=\"font-size: 20px;\">Tore: 1:0 Masih Saighani (17.), 2:0 Tim Hilgers (37.), 2:1 Emre Kadimli (39.), 3:1 Tim Hilgers (45.\/+2), 3:2, 3:3 Mete Nakipoglu (54.\/82.), 4:3 Zidane Saighani (90.\/+4). <\/span><\/strong><\/h6>\n<h6><strong><span style=\"font-size: 20px;\">Bildergalerie: Wir danken Mithat G\u00fcrser f\u00fcr die Fotos!\u00a0<\/span><\/strong><\/h6>\n<h6><strong><span style=\"font-size: 20px;\"> \u00a0<\/span><\/strong>\u00a0<\/h6>\n<h6>\u00a0<\/h6>\n\n\n<figure class=\"wp-block-image size-full\"><img loading=\"lazy\" decoding=\"async\" width=\"886\" height=\"590\" src=\"https:\/\/insideamateurfussball-ffm.de\/wp-content\/uploads\/2025\/05\/tguecue-koenig13.jpg\" alt=\"\" class=\"wp-image-25282\" srcset=\"https:\/\/insideamateurfussball-ffm.de\/wp-content\/uploads\/2025\/05\/tguecue-koenig13.jpg 886w, https:\/\/insideamateurfussball-ffm.de\/wp-content\/uploads\/2025\/05\/tguecue-koenig13-300x200.jpg 300w, https:\/\/insideamateurfussball-ffm.de\/wp-content\/uploads\/2025\/05\/tguecue-koenig13-768x511.jpg 768w\" sizes=\"auto, (max-width: 886px) 100vw, 886px\" \/><\/figure>\n\n\n\n<figure class=\"wp-block-gallery has-nested-images columns-default is-cropped wp-block-gallery-1 is-layout-flex wp-block-gallery-is-layout-flex\">\n<figure class=\"wp-block-image size-large\"><img loading=\"lazy\" decoding=\"async\" width=\"886\" height=\"634\" data-id=\"25283\" src=\"https:\/\/insideamateurfussball-ffm.de\/wp-content\/uploads\/2025\/05\/tguecue-koenig5.jpg\" alt=\"\" class=\"wp-image-25283\" srcset=\"https:\/\/insideamateurfussball-ffm.de\/wp-content\/uploads\/2025\/05\/tguecue-koenig5.jpg 886w, https:\/\/insideamateurfussball-ffm.de\/wp-content\/uploads\/2025\/05\/tguecue-koenig5-300x215.jpg 300w, https:\/\/insideamateurfussball-ffm.de\/wp-content\/uploads\/2025\/05\/tguecue-koenig5-768x550.jpg 768w\" sizes=\"auto, (max-width: 886px) 100vw, 886px\" \/><\/figure>\n<\/figure>\n\n\n\n<figure class=\"wp-block-image size-full\"><img loading=\"lazy\" decoding=\"async\" width=\"886\" height=\"604\" src=\"https:\/\/insideamateurfussball-ffm.de\/wp-content\/uploads\/2025\/05\/tguecue-koenig12.jpg\" alt=\"\" class=\"wp-image-25284\" srcset=\"https:\/\/insideamateurfussball-ffm.de\/wp-content\/uploads\/2025\/05\/tguecue-koenig12.jpg 886w, https:\/\/insideamateurfussball-ffm.de\/wp-content\/uploads\/2025\/05\/tguecue-koenig12-300x205.jpg 300w, https:\/\/insideamateurfussball-ffm.de\/wp-content\/uploads\/2025\/05\/tguecue-koenig12-768x524.jpg 768w\" sizes=\"auto, (max-width: 886px) 100vw, 886px\" \/><\/figure>\n\n\n\n<figure class=\"wp-block-gallery has-nested-images columns-default is-cropped wp-block-gallery-2 is-layout-flex wp-block-gallery-is-layout-flex\">\n<figure class=\"wp-block-image size-large\"><img loading=\"lazy\" decoding=\"async\" width=\"886\" height=\"557\" data-id=\"25285\" src=\"https:\/\/insideamateurfussball-ffm.de\/wp-content\/uploads\/2025\/05\/tguec-koenig4.jpg\" alt=\"\" class=\"wp-image-25285\" srcset=\"https:\/\/insideamateurfussball-ffm.de\/wp-content\/uploads\/2025\/05\/tguec-koenig4.jpg 886w, https:\/\/insideamateurfussball-ffm.de\/wp-content\/uploads\/2025\/05\/tguec-koenig4-300x189.jpg 300w, https:\/\/insideamateurfussball-ffm.de\/wp-content\/uploads\/2025\/05\/tguec-koenig4-768x483.jpg 768w\" sizes=\"auto, (max-width: 886px) 100vw, 886px\" \/><\/figure>\n<\/figure>\n\n\n\n<figure class=\"wp-block-gallery has-nested-images columns-default is-cropped wp-block-gallery-3 is-layout-flex wp-block-gallery-is-layout-flex\">\n<figure class=\"wp-block-image size-large\"><img loading=\"lazy\" decoding=\"async\" width=\"886\" height=\"637\" data-id=\"25286\" src=\"https:\/\/insideamateurfussball-ffm.de\/wp-content\/uploads\/2025\/05\/tguecue-koenig11.jpg\" alt=\"\" class=\"wp-image-25286\" srcset=\"https:\/\/insideamateurfussball-ffm.de\/wp-content\/uploads\/2025\/05\/tguecue-koenig11.jpg 886w, https:\/\/insideamateurfussball-ffm.de\/wp-content\/uploads\/2025\/05\/tguecue-koenig11-300x216.jpg 300w, https:\/\/insideamateurfussball-ffm.de\/wp-content\/uploads\/2025\/05\/tguecue-koenig11-768x552.jpg 768w\" sizes=\"auto, (max-width: 886px) 100vw, 886px\" \/><\/figure>\n<\/figure>\n\n\n\n<figure class=\"wp-block-gallery has-nested-images columns-default is-cropped wp-block-gallery-4 is-layout-flex wp-block-gallery-is-layout-flex\">\n<figure class=\"wp-block-image size-large\"><img loading=\"lazy\" decoding=\"async\" width=\"886\" height=\"623\" data-id=\"25287\" src=\"https:\/\/insideamateurfussball-ffm.de\/wp-content\/uploads\/2025\/05\/tguec-koenig3.jpg\" alt=\"\" class=\"wp-image-25287\" srcset=\"https:\/\/insideamateurfussball-ffm.de\/wp-content\/uploads\/2025\/05\/tguec-koenig3.jpg 886w, https:\/\/insideamateurfussball-ffm.de\/wp-content\/uploads\/2025\/05\/tguec-koenig3-300x211.jpg 300w, https:\/\/insideamateurfussball-ffm.de\/wp-content\/uploads\/2025\/05\/tguec-koenig3-768x540.jpg 768w\" sizes=\"auto, (max-width: 886px) 100vw, 886px\" \/><\/figure>\n<\/figure>\n\n\n\n<figure class=\"wp-block-gallery has-nested-images columns-default is-cropped wp-block-gallery-5 is-layout-flex wp-block-gallery-is-layout-flex\">\n<figure class=\"wp-block-image size-large\"><img loading=\"lazy\" decoding=\"async\" width=\"886\" height=\"627\" data-id=\"25288\" src=\"https:\/\/insideamateurfussball-ffm.de\/wp-content\/uploads\/2025\/05\/tguecue-koenig10.jpg\" alt=\"\" class=\"wp-image-25288\" srcset=\"https:\/\/insideamateurfussball-ffm.de\/wp-content\/uploads\/2025\/05\/tguecue-koenig10.jpg 886w, https:\/\/insideamateurfussball-ffm.de\/wp-content\/uploads\/2025\/05\/tguecue-koenig10-300x212.jpg 300w, https:\/\/insideamateurfussball-ffm.de\/wp-content\/uploads\/2025\/05\/tguecue-koenig10-768x543.jpg 768w\" sizes=\"auto, (max-width: 886px) 100vw, 886px\" \/><\/figure>\n<\/figure>\n\n\n\n<figure class=\"wp-block-gallery has-nested-images columns-default is-cropped wp-block-gallery-6 is-layout-flex wp-block-gallery-is-layout-flex\">\n<figure class=\"wp-block-image size-large\"><img loading=\"lazy\" decoding=\"async\" width=\"886\" height=\"616\" data-id=\"25289\" src=\"https:\/\/insideamateurfussball-ffm.de\/wp-content\/uploads\/2025\/05\/tguec-koenig2.jpg\" alt=\"\" class=\"wp-image-25289\" srcset=\"https:\/\/insideamateurfussball-ffm.de\/wp-content\/uploads\/2025\/05\/tguec-koenig2.jpg 886w, https:\/\/insideamateurfussball-ffm.de\/wp-content\/uploads\/2025\/05\/tguec-koenig2-300x209.jpg 300w, https:\/\/insideamateurfussball-ffm.de\/wp-content\/uploads\/2025\/05\/tguec-koenig2-768x534.jpg 768w\" sizes=\"auto, (max-width: 886px) 100vw, 886px\" \/><\/figure>\n<\/figure>\n\n\n\n<figure class=\"wp-block-gallery has-nested-images columns-default is-cropped wp-block-gallery-7 is-layout-flex wp-block-gallery-is-layout-flex\">\n<figure class=\"wp-block-image size-large\"><img loading=\"lazy\" decoding=\"async\" width=\"886\" height=\"654\" data-id=\"25290\" src=\"https:\/\/insideamateurfussball-ffm.de\/wp-content\/uploads\/2025\/05\/tguecue-koenig9.jpg\" alt=\"\" class=\"wp-image-25290\" srcset=\"https:\/\/insideamateurfussball-ffm.de\/wp-content\/uploads\/2025\/05\/tguecue-koenig9.jpg 886w, https:\/\/insideamateurfussball-ffm.de\/wp-content\/uploads\/2025\/05\/tguecue-koenig9-300x221.jpg 300w, https:\/\/insideamateurfussball-ffm.de\/wp-content\/uploads\/2025\/05\/tguecue-koenig9-768x567.jpg 768w\" sizes=\"auto, (max-width: 886px) 100vw, 886px\" \/><\/figure>\n<\/figure>\n\n\n\n<figure class=\"wp-block-gallery has-nested-images columns-default is-cropped wp-block-gallery-8 is-layout-flex wp-block-gallery-is-layout-flex\">\n<figure class=\"wp-block-image size-large\"><img loading=\"lazy\" decoding=\"async\" width=\"886\" height=\"615\" data-id=\"25291\" src=\"https:\/\/insideamateurfussball-ffm.de\/wp-content\/uploads\/2025\/05\/tguec-koenig1.jpg\" alt=\"\" class=\"wp-image-25291\" srcset=\"https:\/\/insideamateurfussball-ffm.de\/wp-content\/uploads\/2025\/05\/tguec-koenig1.jpg 886w, https:\/\/insideamateurfussball-ffm.de\/wp-content\/uploads\/2025\/05\/tguec-koenig1-300x208.jpg 300w, https:\/\/insideamateurfussball-ffm.de\/wp-content\/uploads\/2025\/05\/tguec-koenig1-768x533.jpg 768w\" sizes=\"auto, (max-width: 886px) 100vw, 886px\" \/><\/figure>\n<\/figure>\n\n\n\n<figure class=\"wp-block-gallery has-nested-images columns-default is-cropped wp-block-gallery-9 is-layout-flex wp-block-gallery-is-layout-flex\">\n<figure class=\"wp-block-image size-large\"><img loading=\"lazy\" decoding=\"async\" width=\"886\" height=\"629\" data-id=\"25292\" src=\"https:\/\/insideamateurfussball-ffm.de\/wp-content\/uploads\/2025\/05\/tguecue-koenig7.jpg\" alt=\"\" class=\"wp-image-25292\" srcset=\"https:\/\/insideamateurfussball-ffm.de\/wp-content\/uploads\/2025\/05\/tguecue-koenig7.jpg 886w, https:\/\/insideamateurfussball-ffm.de\/wp-content\/uploads\/2025\/05\/tguecue-koenig7-300x213.jpg 300w, https:\/\/insideamateurfussball-ffm.de\/wp-content\/uploads\/2025\/05\/tguecue-koenig7-768x545.jpg 768w\" sizes=\"auto, (max-width: 886px) 100vw, 886px\" \/><\/figure>\n<\/figure>\n\n\n\n<figure class=\"wp-block-gallery has-nested-images columns-default is-cropped wp-block-gallery-10 is-layout-flex wp-block-gallery-is-layout-flex\">\n<figure class=\"wp-block-image size-large\"><img loading=\"lazy\" decoding=\"async\" width=\"886\" height=\"591\" data-id=\"25293\" src=\"https:\/\/insideamateurfussball-ffm.de\/wp-content\/uploads\/2025\/05\/tguecue-koenig15.jpg\" alt=\"\" class=\"wp-image-25293\" srcset=\"https:\/\/insideamateurfussball-ffm.de\/wp-content\/uploads\/2025\/05\/tguecue-koenig15.jpg 886w, https:\/\/insideamateurfussball-ffm.de\/wp-content\/uploads\/2025\/05\/tguecue-koenig15-300x200.jpg 300w, https:\/\/insideamateurfussball-ffm.de\/wp-content\/uploads\/2025\/05\/tguecue-koenig15-768x512.jpg 768w\" sizes=\"auto, (max-width: 886px) 100vw, 886px\" \/><\/figure>\n<\/figure>\n","protected":false},"excerpt":{"rendered":"<p>Beim fast abgestiegenen Vorletzten 1. FC-TSG K\u00f6nigstein musste der TSKV T\u00fcrkg\u00fcc\u00fc Frankfurt am Freitagabend eine Niederlage einstecken. Der Hochtaunus-Club gewann durch ein Tor in der Nachspielzeit mit 4:3 (3:1). Der Vorsprung von T\u00fcrkg\u00fcc\u00fc auf den wahrscheinlichen Relegationsplatz 14 betr\u00e4gt weiter vier Punkte, k\u00f6nnte sich aber nach den Sonntagspielen weiter verringern. Trainer Hakan Tekin zog nach [&hellip;]<\/p>\n","protected":false},"author":1,"featured_media":25280,"comment_status":"closed","ping_status":"closed","sticky":true,"template":"","format":"standard","meta":{"footnotes":""},"categories":[13],"tags":[],"class_list":["post-25279","post","type-post","status-publish","format-standard","has-post-thumbnail","hentry","category-gruppenliga-frankfurt-west"],"_links":{"self":[{"href":"https:\/\/insideamateurfussball-ffm.de\/index.php?rest_route=\/wp\/v2\/posts\/25279","targetHints":{"allow":["GET"]}}],"collection":[{"href":"https:\/\/insideamateurfussball-ffm.de\/index.php?rest_route=\/wp\/v2\/posts"}],"about":[{"href":"https:\/\/insideamateurfussball-ffm.de\/index.php?rest_route=\/wp\/v2\/types\/post"}],"author":[{"embeddable":true,"href":"https:\/\/insideamateurfussball-ffm.de\/index.php?rest_route=\/wp\/v2\/users\/1"}],"replies":[{"embeddable":true,"href":"https:\/\/insideamateurfussball-ffm.de\/index.php?rest_route=%2Fwp%2Fv2%2Fcomments&post=25279"}],"version-history":[{"count":3,"href":"https:\/\/insideamateurfussball-ffm.de\/index.php?rest_route=\/wp\/v2\/posts\/25279\/revisions"}],"predecessor-version":[{"id":25295,"href":"https:\/\/insideamateurfussball-ffm.de\/index.php?rest_route=\/wp\/v2\/posts\/25279\/revisions\/25295"}],"wp:featuredmedia":[{"embeddable":true,"href":"https:\/\/insideamateurfussball-ffm.de\/index.php?rest_route=\/wp\/v2\/media\/25280"}],"wp:attachment":[{"href":"https:\/\/insideamateurfussball-ffm.de\/index.php?rest_route=%2Fwp%2Fv2%2Fmedia&parent=25279"}],"wp:term":[{"taxonomy":"category","embeddable":true,"href":"https:\/\/insideamateurfussball-ffm.de\/index.php?rest_route=%2Fwp%2Fv2%2Fcategories&post=25279"},{"taxonomy":"post_tag","embeddable":true,"href":"https:\/\/insideamateurfussball-ffm.de\/index.php?rest_route=%2Fwp%2Fv2%2Ftags&post=25279"}],"curies":[{"name":"wp","href":"https:\/\/api.w.org\/{rel}","templated":true}]}}