{"id":25273,"date":"2025-05-02T21:17:43","date_gmt":"2025-05-02T20:17:43","guid":{"rendered":"https:\/\/insideamateurfussball-ffm.de\/?p=25273"},"modified":"2025-05-02T21:17:43","modified_gmt":"2025-05-02T20:17:43","slug":"tarik-kommt-nicht-kosova-feiert-islami","status":"publish","type":"post","link":"https:\/\/insideamateurfussball-ffm.de\/?p=25273","title":{"rendered":"Tarik kommt nicht, Kosova feiert Islami"},"content":{"rendered":"<h6><span style=\"font-size: 20px;\">Da der SV Griesheim Tarik das Ausw\u00e4rtsspiel beim FC Kosova aus Personalmangel mittags absagte, feierten die Kosovaren auf dem Sportgel\u00e4nde des SV Niederursel den Geburtstag von Perparim Islami. Beinahe h\u00e4tten sie auch die vorzeitige Meisterschaft gefeiert, doch die Hoffnung, dass neben Makkabi auch Germania 94 patzen w\u00fcrde, erf\u00fcllte sich durch den Siegtreffer in der 89. Minute nicht.\u00a0<\/span><\/h6>\n<figure id=\"attachment_25274\" aria-describedby=\"caption-attachment-25274\" style=\"width: 150px\" class=\"wp-caption aligncenter\"><img loading=\"lazy\" decoding=\"async\" class=\"wp-image-25274 size-thumbnail\" src=\"http:\/\/insideamateurfussball-ffm.de\/wp-content\/uploads\/2025\/05\/kosova-fei-150x150.jpg\" alt=\"\" width=\"150\" height=\"150\" \/><figcaption id=\"caption-attachment-25274\" class=\"wp-caption-text\">Geburtstagsfeier f\u00fcr Perparim Islami. Foto: Verein.<\/figcaption><\/figure>\n<h6><span style=\"font-size: 20px;\">FC Kosova &#8211; SV Griesheim Tarik abgesetzt\u00a0<\/span><\/h6>\n<h6><span style=\"font-size: 20px;\"><img loading=\"lazy\" decoding=\"async\" class=\"alignnone size-full wp-image-9\" src=\"http:\/\/insideamateurfussball-ffm.de\/wp-content\/uploads\/2021\/11\/Kosova.jpg\" alt=\"\" width=\"65\" height=\"80\" \/><img loading=\"lazy\" decoding=\"async\" class=\"alignnone size-full wp-image-34\" src=\"http:\/\/insideamateurfussball-ffm.de\/wp-content\/uploads\/2021\/11\/Tarik.jpg\" alt=\"\" width=\"80\" height=\"80\" \/><\/span><\/h6>\n<p><span style=\"font-size: 20px;\">Nun fehlt dem Klassenprimus rechnerisch nur noch ein Punkt, um die Meisterschaft und den erstmaligen Aufstieg in die Gruppenliga Frankfurt West einzufahren. Am Sonntag (13 Uhr) bei der SG Bornheim\/Gr\u00fcn-Wei\u00df II kann es schon so weit sein. Griesheim Tarik bleiben noch f\u00fcnf Spiele, um den drohenden Abstieg in die A-Klasse abzuwenden. Der R\u00fcckstand zum Relegationsplatz betr\u00e4gt nur ein Punkt, zum rettenden Ufer sind es zwei. Am Sonntag gastiert der Vorletzte beim BSC Schwarz-Wei\u00df 19.\u00a0\u00a0<\/span><\/p>\n","protected":false},"excerpt":{"rendered":"<p>Da der SV Griesheim Tarik das Ausw\u00e4rtsspiel beim FC Kosova aus Personalmangel mittags absagte, feierten die Kosovaren auf dem Sportgel\u00e4nde des SV Niederursel den Geburtstag von Perparim Islami. Beinahe h\u00e4tten sie auch die vorzeitige Meisterschaft gefeiert, doch die Hoffnung, dass neben Makkabi auch Germania 94 patzen w\u00fcrde, erf\u00fcllte sich durch den Siegtreffer in der 89. [&hellip;]<\/p>\n","protected":false},"author":1,"featured_media":25274,"comment_status":"closed","ping_status":"closed","sticky":true,"template":"","format":"standard","meta":{"footnotes":""},"categories":[2],"tags":[],"class_list":["post-25273","post","type-post","status-publish","format-standard","has-post-thumbnail","hentry","category-kreisoberliga-frankfurt"],"_links":{"self":[{"href":"https:\/\/insideamateurfussball-ffm.de\/index.php?rest_route=\/wp\/v2\/posts\/25273","targetHints":{"allow":["GET"]}}],"collection":[{"href":"https:\/\/insideamateurfussball-ffm.de\/index.php?rest_route=\/wp\/v2\/posts"}],"about":[{"href":"https:\/\/insideamateurfussball-ffm.de\/index.php?rest_route=\/wp\/v2\/types\/post"}],"author":[{"embeddable":true,"href":"https:\/\/insideamateurfussball-ffm.de\/index.php?rest_route=\/wp\/v2\/users\/1"}],"replies":[{"embeddable":true,"href":"https:\/\/insideamateurfussball-ffm.de\/index.php?rest_route=%2Fwp%2Fv2%2Fcomments&post=25273"}],"version-history":[{"count":1,"href":"https:\/\/insideamateurfussball-ffm.de\/index.php?rest_route=\/wp\/v2\/posts\/25273\/revisions"}],"predecessor-version":[{"id":25275,"href":"https:\/\/insideamateurfussball-ffm.de\/index.php?rest_route=\/wp\/v2\/posts\/25273\/revisions\/25275"}],"wp:featuredmedia":[{"embeddable":true,"href":"https:\/\/insideamateurfussball-ffm.de\/index.php?rest_route=\/wp\/v2\/media\/25274"}],"wp:attachment":[{"href":"https:\/\/insideamateurfussball-ffm.de\/index.php?rest_route=%2Fwp%2Fv2%2Fmedia&parent=25273"}],"wp:term":[{"taxonomy":"category","embeddable":true,"href":"https:\/\/insideamateurfussball-ffm.de\/index.php?rest_route=%2Fwp%2Fv2%2Fcategories&post=25273"},{"taxonomy":"post_tag","embeddable":true,"href":"https:\/\/insideamateurfussball-ffm.de\/index.php?rest_route=%2Fwp%2Fv2%2Ftags&post=25273"}],"curies":[{"name":"wp","href":"https:\/\/api.w.org\/{rel}","templated":true}]}}