{"id":25268,"date":"2025-05-02T21:01:23","date_gmt":"2025-05-02T20:01:23","guid":{"rendered":"https:\/\/insideamateurfussball-ffm.de\/?p=25268"},"modified":"2025-05-02T21:01:23","modified_gmt":"2025-05-02T20:01:23","slug":"germania-bezwingt-roedelheim-erst-in-der-89-minute","status":"publish","type":"post","link":"https:\/\/insideamateurfussball-ffm.de\/?p=25268","title":{"rendered":"Germania bezwingt R\u00f6delheim erst in der 89. Minute"},"content":{"rendered":"<h6><span style=\"font-size: 20px;\">Der VfL Germania 94 konnte den Patzer von Makkabi nutzen und sich mit dem 3:2-Sieg \u00fcber den R\u00f6delheimer FC auf Rang zwei mit f\u00fcnf Punkten Vorsprung absetzen. Die G\u00e4ste aus R\u00f6delheim lagen aber zur Pause in F\u00fchrung und h\u00e4tten beinahe einen Punkt vom Mainwasen entf\u00fchrt.\u00a0<\/span><\/h6>\n<figure id=\"attachment_25269\" aria-describedby=\"caption-attachment-25269\" style=\"width: 300px\" class=\"wp-caption aligncenter\"><img loading=\"lazy\" decoding=\"async\" class=\"wp-image-25269 size-medium\" src=\"http:\/\/insideamateurfussball-ffm.de\/wp-content\/uploads\/2025\/05\/germ94203-1-300x229.jpg\" alt=\"\" width=\"300\" height=\"229\" srcset=\"https:\/\/insideamateurfussball-ffm.de\/wp-content\/uploads\/2025\/05\/germ94203-1-300x229.jpg 300w, https:\/\/insideamateurfussball-ffm.de\/wp-content\/uploads\/2025\/05\/germ94203-1-768x587.jpg 768w, https:\/\/insideamateurfussball-ffm.de\/wp-content\/uploads\/2025\/05\/germ94203-1.jpg 886w\" sizes=\"auto, (max-width: 300px) 100vw, 300px\" \/><figcaption id=\"caption-attachment-25269\" class=\"wp-caption-text\">Germania-Trainer Siar Daudi mit seinem &#8222;Ziehsohn&#8220; Moussa Zie Quattara. Foto: Archiv Mithat G\u00fcrser.<\/figcaption><\/figure>\n<h6><span style=\"font-size: 20px;\">VfL Germania 94 &#8211; 1. R\u00f6delheimer FC 3:2 (1:2)<\/span><\/h6>\n<p><img loading=\"lazy\" decoding=\"async\" class=\"alignnone size-full wp-image-508\" src=\"http:\/\/insideamateurfussball-ffm.de\/wp-content\/uploads\/2022\/05\/Germania-94.jpg\" alt=\"\" width=\"80\" height=\"80\" \/><img loading=\"lazy\" decoding=\"async\" class=\"alignnone size-full wp-image-333\" src=\"http:\/\/insideamateurfussball-ffm.de\/wp-content\/uploads\/2022\/05\/Roedelheim.jpg\" alt=\"\" width=\"80\" height=\"73\" \/><\/p>\n<p><span style=\"font-size: 20px;\">Germania-Trainer Siar Daudi sprach von einem Spiel &#8222;in drei Phasen&#8220;. Die ersten 25 Minuten habe sein Team alles unter Kontrolle gehabt, R\u00f6delheim sei kaum raus gekommen, &#8222;die haben nur lange B\u00e4lle gespielt und waren gar nicht im Spiel. Wir haben nichts zugelassen und nach vorne ein, zwei Chancen gehabt. Wir hatten gef\u00fchlt 80 bis 90 % Ballbesitz.&#8220;\u00a0<\/span><span style=\"font-size: 20px;\">Bei hochsommerlichen Temperaturen wollte sich keine der beiden Mannschafteneine Bl\u00f6\u00dfe geben, das Spielgeschehen fand weitgehend im Mittelfeld statt, Torchancen waren auf beiden Seiten Mangelware. <\/span><\/p>\n<p><span style=\"font-size: 20px;\">Nach einem Eckball verlor die RFC-Abwehr Germania-Kapit\u00e4n Sunny Sallan aus den Augen, dieser k\u00f6pfte unbedr\u00e4ngt ein (34.) Der Club drehte die Partie schnell und ging nach Toren von Finn Nord (40.) und Benedikt Herbert (44.) mit einer durchaus verdienten F\u00fchrung in die Pause.<\/span><\/p>\n<h6><strong><span style=\"font-size: 20px;\">&#8222;Die Jungs haben Moral gezeigt und kamen \u00fcber den Kampf zur\u00fcck&#8220; (Germania 94-Trainer Siar Daudi)<\/span><\/strong><\/h6>\n<p><span style=\"font-size: 20px;\">Die Germania operierte nun fast nur noch mit langen B\u00e4llen, der jetzt in Mittelst\u00fcrmerposition spielende Sallan war hierbei ein st\u00e4ndiger Unruheherd. Er erzielte folglich auch den Ausgleich (75.), als er erneut str\u00e4flich allein gelassen wurde. Nachdem der RFC gegen die entbl\u00f6\u00dfte Germania-Abwehr mehrere klare Konterchancen schlecht ausgespielt hatte verlor man gegen Ende Mut und Konzentration und musste schlie\u00dflich noch den dritten Gegentreffer durch Asmir Hajdarovic zulassen, erneut nach einer schwach abgewehrten lange Flanke. <\/span><\/p>\n<p><span style=\"font-size: 20px;\">Zuvor war ein R\u00f6delheimer Akteur mit einer Zeitstrafe des Feldes verwiesen worden (87.). <\/span><span style=\"font-size: 20px;\">&#8222;Das war gl\u00fccklich, aber auch nicht komplett unverdient. Die Jungs haben Moral gezeigt und kamen \u00fcber den Kampf zur\u00fcck&#8220;, fand Daudi. Am Sonntag will die Germania auf dem Weg in die Relegation zur Gruppenliga gegen Concordia Eschersheim nachlegen (15.30 Uhr). Um 15 Uhr braucht der R\u00f6delheimer FC Punkte f\u00fcr den Klassenerhalt gegen die Spvgg. 02 Griesheim.\u00a0<\/span><\/p>\n<h6><strong><span style=\"font-size: 20px;\">Schiedsrichter: Keine Angaben. Zuschauer: 100. <\/span><\/strong><\/h6>\n<h6><strong><span style=\"font-size: 20px;\">Tore: 1:0 Sunny Sallan (34.), 1:1 Finn Nord (40.), 1:2 Benedikt Herbert (44.), 2:2 Sunny Sallan (75.), 3:2 Asmir Hajdarovic (89.).\u00a0<\/span><\/strong><\/h6>\n","protected":false},"excerpt":{"rendered":"<p>Der VfL Germania 94 konnte den Patzer von Makkabi nutzen und sich mit dem 3:2-Sieg \u00fcber den R\u00f6delheimer FC auf Rang zwei mit f\u00fcnf Punkten Vorsprung absetzen. Die G\u00e4ste aus R\u00f6delheim lagen aber zur Pause in F\u00fchrung und h\u00e4tten beinahe einen Punkt vom Mainwasen entf\u00fchrt.\u00a0 VfL Germania 94 &#8211; 1. R\u00f6delheimer FC 3:2 (1:2) Germania-Trainer [&hellip;]<\/p>\n","protected":false},"author":1,"featured_media":25269,"comment_status":"closed","ping_status":"closed","sticky":true,"template":"","format":"standard","meta":{"footnotes":""},"categories":[2],"tags":[],"class_list":["post-25268","post","type-post","status-publish","format-standard","has-post-thumbnail","hentry","category-kreisoberliga-frankfurt"],"_links":{"self":[{"href":"https:\/\/insideamateurfussball-ffm.de\/index.php?rest_route=\/wp\/v2\/posts\/25268","targetHints":{"allow":["GET"]}}],"collection":[{"href":"https:\/\/insideamateurfussball-ffm.de\/index.php?rest_route=\/wp\/v2\/posts"}],"about":[{"href":"https:\/\/insideamateurfussball-ffm.de\/index.php?rest_route=\/wp\/v2\/types\/post"}],"author":[{"embeddable":true,"href":"https:\/\/insideamateurfussball-ffm.de\/index.php?rest_route=\/wp\/v2\/users\/1"}],"replies":[{"embeddable":true,"href":"https:\/\/insideamateurfussball-ffm.de\/index.php?rest_route=%2Fwp%2Fv2%2Fcomments&post=25268"}],"version-history":[{"count":1,"href":"https:\/\/insideamateurfussball-ffm.de\/index.php?rest_route=\/wp\/v2\/posts\/25268\/revisions"}],"predecessor-version":[{"id":25270,"href":"https:\/\/insideamateurfussball-ffm.de\/index.php?rest_route=\/wp\/v2\/posts\/25268\/revisions\/25270"}],"wp:featuredmedia":[{"embeddable":true,"href":"https:\/\/insideamateurfussball-ffm.de\/index.php?rest_route=\/wp\/v2\/media\/25269"}],"wp:attachment":[{"href":"https:\/\/insideamateurfussball-ffm.de\/index.php?rest_route=%2Fwp%2Fv2%2Fmedia&parent=25268"}],"wp:term":[{"taxonomy":"category","embeddable":true,"href":"https:\/\/insideamateurfussball-ffm.de\/index.php?rest_route=%2Fwp%2Fv2%2Fcategories&post=25268"},{"taxonomy":"post_tag","embeddable":true,"href":"https:\/\/insideamateurfussball-ffm.de\/index.php?rest_route=%2Fwp%2Fv2%2Ftags&post=25268"}],"curies":[{"name":"wp","href":"https:\/\/api.w.org\/{rel}","templated":true}]}}