{"id":25254,"date":"2025-05-02T20:27:11","date_gmt":"2025-05-02T19:27:11","guid":{"rendered":"https:\/\/insideamateurfussball-ffm.de\/?p=25254"},"modified":"2025-05-02T20:27:11","modified_gmt":"2025-05-02T19:27:11","slug":"croatia-macht-sich-wieder-berechtigte-hoffnung","status":"publish","type":"post","link":"https:\/\/insideamateurfussball-ffm.de\/?p=25254","title":{"rendered":"Croatia macht sich wieder berechtigte Hoffnung"},"content":{"rendered":"<h6><span style=\"font-size: 20px;\">Der Klassenerhalt von Schlusslicht FC Croatia ist nach dem 2:1-Sieg gegen den SV Viktoria Preu\u00dfen pl\u00f6tzlich gar nicht mehr so unrealistisch. Der R\u00fcckstand zum Relegationsplatz betr\u00e4gt nur noch drei Punkte, selbst zum rettenden Ufer sind es vier Z\u00e4hler. Und das Restprogramm bietet drei Duelle gegen direkte Konkurrenten. Die G\u00e4ste von der H\u00fcgelstra\u00dfe stehen zwar weiter auf dem ersten Nichtabstiegsplatz, doch nach dieser Niederlage wird es eng.\u00a0<\/span><\/h6>\n<figure id=\"attachment_25255\" aria-describedby=\"caption-attachment-25255\" style=\"width: 300px\" class=\"wp-caption aligncenter\"><img loading=\"lazy\" decoding=\"async\" class=\"wp-image-25255 size-medium\" src=\"http:\/\/insideamateurfussball-ffm.de\/wp-content\/uploads\/2025\/05\/croa-preus6-300x229.jpg\" alt=\"\" width=\"300\" height=\"229\" srcset=\"https:\/\/insideamateurfussball-ffm.de\/wp-content\/uploads\/2025\/05\/croa-preus6-300x229.jpg 300w, https:\/\/insideamateurfussball-ffm.de\/wp-content\/uploads\/2025\/05\/croa-preus6-768x585.jpg 768w, https:\/\/insideamateurfussball-ffm.de\/wp-content\/uploads\/2025\/05\/croa-preus6.jpg 886w\" sizes=\"auto, (max-width: 300px) 100vw, 300px\" \/><figcaption id=\"caption-attachment-25255\" class=\"wp-caption-text\">Croatias Ante Coric liegt schr\u00e4g in der Luft gegen seinen &#8222;preu\u00dfischen&#8220; Gegenspieler. Foto: Mithat G\u00fcrser.<\/figcaption><\/figure>\n<h6><span style=\"font-size: 20px;\">FC Croatia &#8211; SV Viktoria Preu\u00dfen 2:1 (2:1)<\/span><\/h6>\n<p><img loading=\"lazy\" decoding=\"async\" class=\"alignnone size-full wp-image-29\" src=\"http:\/\/insideamateurfussball-ffm.de\/wp-content\/uploads\/2021\/11\/croatia.jpg\" alt=\"\" width=\"63\" height=\"80\" \/><img loading=\"lazy\" decoding=\"async\" class=\"alignnone size-full wp-image-12\" src=\"http:\/\/insideamateurfussball-ffm.de\/wp-content\/uploads\/2021\/11\/preussen.jpg\" alt=\"\" width=\"72\" height=\"80\" \/><\/p>\n<p><span style=\"font-size: 20px;\">Die G\u00e4ste, die schon in der Anfangsphase zwei Auswechslungen vornehmen mussten, gingen durch Jalil Shirendel in F\u00fchrung (14.). St\u00fcrmer Stefano Amore gelang der Ausgleich (30.) und Ante Coric markierte in der Nachspielzeit der ersten Halbzeit das 2:1 (45.\/+2). Im zweiten Abschnitt mussten die Kroaten in zwei Perioden mit einem Mann weniger auskommen. Ivan Puljic (ab 57.) und Kian Bonanno (ab 77.) erhielten Zeitstrafen, aber Croatia \u00fcberstand auch die Unterzahl schadlos. <\/span><\/p>\n<p><span style=\"font-size: 20px;\">&#8222;Wir waren heute nicht mit der kompletten Mannschaft da, aber die Jungs die da waren haben alles gegeben und das war ein Kampfsieg und ein Lebenszeichen der Mannschaft. Die Preu\u00dfen hatten aber auch zwei Lattensch\u00fcsse&#8220;, berichtete Croatias Sportlicher Leiter Stanislav Konta.<\/span><\/p>\n<h6><strong><span style=\"font-size: 20px;\">Croatia Sonntag bei Gudesding &#8211; Preu\u00dfen bei Union\u00a0<\/span><\/strong><\/h6>\n<p><span style=\"font-size: 20px;\">Preu\u00dfen-Trainer Cem Caput bedauerte &#8222;eine verdiente Niederlage. Wir haben nichts f\u00fcr das Spiel gemacht. Das war viel zu wenig, zu viele Fehlp\u00e4sse, kein Zweikampfverhalten. Die Einstellung der Mannschaft hat nicht gepasst. Croatia hat gut verteidigt, mehr kann man dazu nicht sagen.&#8220; <\/span><\/p>\n<p><span style=\"font-size: 20px;\">W\u00e4hrend Croatia am Sonntag im Ostpark beim FC Gudesding antritt (15.30 Uhr) geht es f\u00fcr Viktoria Preu\u00dfen um 15 Uhr bei Union Niederrad los.\u00a0\u00a0<\/span><\/p>\n<h6><strong><span style=\"font-size: 20px;\">Schiedsrichter: Keine Angaben. Zuschauer: 130. <\/span><\/strong><\/h6>\n<h6><strong><span style=\"font-size: 20px;\">Tore: 0:1 Jalil Shirendel (14.), 1:1 Stefano Amore (30.), 2:1 Ante Coric (45.\/+2). <\/span><\/strong><\/h6>\n<h6><strong><span style=\"font-size: 20px;\">Bildergalerie: Mithat G\u00fcrser war am 1. Mai bei diesem Spiel f\u00fcr uns im Einsatz!\u00a0 \u00a0<\/span><\/strong><\/h6>\n<h6>\u00a0<\/h6>\n\n\n<figure class=\"wp-block-image size-full\"><img loading=\"lazy\" decoding=\"async\" width=\"886\" height=\"631\" src=\"https:\/\/insideamateurfussball-ffm.de\/wp-content\/uploads\/2025\/05\/croa-preus2.jpg\" alt=\"\" class=\"wp-image-25258\" srcset=\"https:\/\/insideamateurfussball-ffm.de\/wp-content\/uploads\/2025\/05\/croa-preus2.jpg 886w, https:\/\/insideamateurfussball-ffm.de\/wp-content\/uploads\/2025\/05\/croa-preus2-300x214.jpg 300w, https:\/\/insideamateurfussball-ffm.de\/wp-content\/uploads\/2025\/05\/croa-preus2-768x547.jpg 768w\" sizes=\"auto, (max-width: 886px) 100vw, 886px\" \/><\/figure>\n\n\n\n<figure class=\"wp-block-gallery has-nested-images columns-default is-cropped wp-block-gallery-1 is-layout-flex wp-block-gallery-is-layout-flex\">\n<figure class=\"wp-block-image size-large\"><img loading=\"lazy\" decoding=\"async\" width=\"886\" height=\"637\" data-id=\"25259\" src=\"https:\/\/insideamateurfussball-ffm.de\/wp-content\/uploads\/2025\/05\/croa-preus8.jpg\" alt=\"\" class=\"wp-image-25259\" srcset=\"https:\/\/insideamateurfussball-ffm.de\/wp-content\/uploads\/2025\/05\/croa-preus8.jpg 886w, https:\/\/insideamateurfussball-ffm.de\/wp-content\/uploads\/2025\/05\/croa-preus8-300x216.jpg 300w, https:\/\/insideamateurfussball-ffm.de\/wp-content\/uploads\/2025\/05\/croa-preus8-768x552.jpg 768w\" sizes=\"auto, (max-width: 886px) 100vw, 886px\" \/><\/figure>\n<\/figure>\n\n\n\n<figure class=\"wp-block-gallery has-nested-images columns-default is-cropped wp-block-gallery-2 is-layout-flex wp-block-gallery-is-layout-flex\">\n<figure class=\"wp-block-image size-large\"><img loading=\"lazy\" decoding=\"async\" width=\"886\" height=\"648\" data-id=\"25260\" src=\"https:\/\/insideamateurfussball-ffm.de\/wp-content\/uploads\/2025\/05\/croa-preus4.jpg\" alt=\"\" class=\"wp-image-25260\" srcset=\"https:\/\/insideamateurfussball-ffm.de\/wp-content\/uploads\/2025\/05\/croa-preus4.jpg 886w, https:\/\/insideamateurfussball-ffm.de\/wp-content\/uploads\/2025\/05\/croa-preus4-300x219.jpg 300w, https:\/\/insideamateurfussball-ffm.de\/wp-content\/uploads\/2025\/05\/croa-preus4-768x562.jpg 768w\" sizes=\"auto, (max-width: 886px) 100vw, 886px\" \/><\/figure>\n<\/figure>\n\n\n\n<figure class=\"wp-block-gallery has-nested-images columns-default is-cropped wp-block-gallery-3 is-layout-flex wp-block-gallery-is-layout-flex\">\n<figure class=\"wp-block-image size-large\"><img loading=\"lazy\" decoding=\"async\" width=\"942\" height=\"748\" data-id=\"25261\" src=\"https:\/\/insideamateurfussball-ffm.de\/wp-content\/uploads\/2025\/05\/croa-preus10.jpg\" alt=\"\" class=\"wp-image-25261\" srcset=\"https:\/\/insideamateurfussball-ffm.de\/wp-content\/uploads\/2025\/05\/croa-preus10.jpg 942w, https:\/\/insideamateurfussball-ffm.de\/wp-content\/uploads\/2025\/05\/croa-preus10-300x238.jpg 300w, https:\/\/insideamateurfussball-ffm.de\/wp-content\/uploads\/2025\/05\/croa-preus10-768x610.jpg 768w\" sizes=\"auto, (max-width: 942px) 100vw, 942px\" \/><\/figure>\n<\/figure>\n\n\n\n<figure class=\"wp-block-gallery has-nested-images columns-default is-cropped wp-block-gallery-4 is-layout-flex wp-block-gallery-is-layout-flex\">\n<figure class=\"wp-block-image size-large\"><img loading=\"lazy\" decoding=\"async\" width=\"886\" height=\"600\" data-id=\"25262\" src=\"https:\/\/insideamateurfussball-ffm.de\/wp-content\/uploads\/2025\/05\/croa-preus7.jpg\" alt=\"\" class=\"wp-image-25262\" srcset=\"https:\/\/insideamateurfussball-ffm.de\/wp-content\/uploads\/2025\/05\/croa-preus7.jpg 886w, https:\/\/insideamateurfussball-ffm.de\/wp-content\/uploads\/2025\/05\/croa-preus7-300x203.jpg 300w, https:\/\/insideamateurfussball-ffm.de\/wp-content\/uploads\/2025\/05\/croa-preus7-768x520.jpg 768w\" sizes=\"auto, (max-width: 886px) 100vw, 886px\" \/><\/figure>\n<\/figure>\n\n\n\n<figure class=\"wp-block-gallery has-nested-images columns-default is-cropped wp-block-gallery-5 is-layout-flex wp-block-gallery-is-layout-flex\">\n<figure class=\"wp-block-image size-large\"><img loading=\"lazy\" decoding=\"async\" width=\"886\" height=\"641\" data-id=\"25263\" src=\"https:\/\/insideamateurfussball-ffm.de\/wp-content\/uploads\/2025\/05\/croa-preus3.jpg\" alt=\"\" class=\"wp-image-25263\" srcset=\"https:\/\/insideamateurfussball-ffm.de\/wp-content\/uploads\/2025\/05\/croa-preus3.jpg 886w, https:\/\/insideamateurfussball-ffm.de\/wp-content\/uploads\/2025\/05\/croa-preus3-300x217.jpg 300w, https:\/\/insideamateurfussball-ffm.de\/wp-content\/uploads\/2025\/05\/croa-preus3-768x556.jpg 768w\" sizes=\"auto, (max-width: 886px) 100vw, 886px\" \/><\/figure>\n<\/figure>\n\n\n\n<figure class=\"wp-block-gallery has-nested-images columns-default is-cropped wp-block-gallery-6 is-layout-flex wp-block-gallery-is-layout-flex\">\n<figure class=\"wp-block-image size-large\"><img loading=\"lazy\" decoding=\"async\" width=\"886\" height=\"640\" data-id=\"25264\" src=\"https:\/\/insideamateurfussball-ffm.de\/wp-content\/uploads\/2025\/05\/croa-preus9.jpg\" alt=\"\" class=\"wp-image-25264\" srcset=\"https:\/\/insideamateurfussball-ffm.de\/wp-content\/uploads\/2025\/05\/croa-preus9.jpg 886w, https:\/\/insideamateurfussball-ffm.de\/wp-content\/uploads\/2025\/05\/croa-preus9-300x217.jpg 300w, https:\/\/insideamateurfussball-ffm.de\/wp-content\/uploads\/2025\/05\/croa-preus9-768x555.jpg 768w\" sizes=\"auto, (max-width: 886px) 100vw, 886px\" \/><\/figure>\n<\/figure>\n\n\n\n<figure class=\"wp-block-gallery has-nested-images columns-default is-cropped wp-block-gallery-7 is-layout-flex wp-block-gallery-is-layout-flex\">\n<figure class=\"wp-block-image size-large\"><img loading=\"lazy\" decoding=\"async\" width=\"886\" height=\"657\" data-id=\"25265\" src=\"https:\/\/insideamateurfussball-ffm.de\/wp-content\/uploads\/2025\/05\/croa-preus5.jpg\" alt=\"\" class=\"wp-image-25265\" srcset=\"https:\/\/insideamateurfussball-ffm.de\/wp-content\/uploads\/2025\/05\/croa-preus5.jpg 886w, https:\/\/insideamateurfussball-ffm.de\/wp-content\/uploads\/2025\/05\/croa-preus5-300x222.jpg 300w, https:\/\/insideamateurfussball-ffm.de\/wp-content\/uploads\/2025\/05\/croa-preus5-768x569.jpg 768w\" sizes=\"auto, (max-width: 886px) 100vw, 886px\" \/><\/figure>\n<\/figure>\n\n\n\n<figure class=\"wp-block-gallery has-nested-images columns-default is-cropped wp-block-gallery-8 is-layout-flex wp-block-gallery-is-layout-flex\">\n<figure class=\"wp-block-image size-large\"><img loading=\"lazy\" decoding=\"async\" width=\"886\" height=\"590\" data-id=\"25266\" src=\"https:\/\/insideamateurfussball-ffm.de\/wp-content\/uploads\/2025\/05\/croa-preus1.jpg\" alt=\"\" class=\"wp-image-25266\" srcset=\"https:\/\/insideamateurfussball-ffm.de\/wp-content\/uploads\/2025\/05\/croa-preus1.jpg 886w, https:\/\/insideamateurfussball-ffm.de\/wp-content\/uploads\/2025\/05\/croa-preus1-300x200.jpg 300w, https:\/\/insideamateurfussball-ffm.de\/wp-content\/uploads\/2025\/05\/croa-preus1-768x511.jpg 768w\" sizes=\"auto, (max-width: 886px) 100vw, 886px\" \/><\/figure>\n<\/figure>\n","protected":false},"excerpt":{"rendered":"<p>Der Klassenerhalt von Schlusslicht FC Croatia ist nach dem 2:1-Sieg gegen den SV Viktoria Preu\u00dfen pl\u00f6tzlich gar nicht mehr so unrealistisch. Der R\u00fcckstand zum Relegationsplatz betr\u00e4gt nur noch drei Punkte, selbst zum rettenden Ufer sind es vier Z\u00e4hler. Und das Restprogramm bietet drei Duelle gegen direkte Konkurrenten. Die G\u00e4ste von der H\u00fcgelstra\u00dfe stehen zwar weiter [&hellip;]<\/p>\n","protected":false},"author":1,"featured_media":25255,"comment_status":"closed","ping_status":"closed","sticky":true,"template":"","format":"standard","meta":{"footnotes":""},"categories":[2],"tags":[],"class_list":["post-25254","post","type-post","status-publish","format-standard","has-post-thumbnail","hentry","category-kreisoberliga-frankfurt"],"_links":{"self":[{"href":"https:\/\/insideamateurfussball-ffm.de\/index.php?rest_route=\/wp\/v2\/posts\/25254","targetHints":{"allow":["GET"]}}],"collection":[{"href":"https:\/\/insideamateurfussball-ffm.de\/index.php?rest_route=\/wp\/v2\/posts"}],"about":[{"href":"https:\/\/insideamateurfussball-ffm.de\/index.php?rest_route=\/wp\/v2\/types\/post"}],"author":[{"embeddable":true,"href":"https:\/\/insideamateurfussball-ffm.de\/index.php?rest_route=\/wp\/v2\/users\/1"}],"replies":[{"embeddable":true,"href":"https:\/\/insideamateurfussball-ffm.de\/index.php?rest_route=%2Fwp%2Fv2%2Fcomments&post=25254"}],"version-history":[{"count":2,"href":"https:\/\/insideamateurfussball-ffm.de\/index.php?rest_route=\/wp\/v2\/posts\/25254\/revisions"}],"predecessor-version":[{"id":25267,"href":"https:\/\/insideamateurfussball-ffm.de\/index.php?rest_route=\/wp\/v2\/posts\/25254\/revisions\/25267"}],"wp:featuredmedia":[{"embeddable":true,"href":"https:\/\/insideamateurfussball-ffm.de\/index.php?rest_route=\/wp\/v2\/media\/25255"}],"wp:attachment":[{"href":"https:\/\/insideamateurfussball-ffm.de\/index.php?rest_route=%2Fwp%2Fv2%2Fmedia&parent=25254"}],"wp:term":[{"taxonomy":"category","embeddable":true,"href":"https:\/\/insideamateurfussball-ffm.de\/index.php?rest_route=%2Fwp%2Fv2%2Fcategories&post=25254"},{"taxonomy":"post_tag","embeddable":true,"href":"https:\/\/insideamateurfussball-ffm.de\/index.php?rest_route=%2Fwp%2Fv2%2Ftags&post=25254"}],"curies":[{"name":"wp","href":"https:\/\/api.w.org\/{rel}","templated":true}]}}