{"id":25249,"date":"2025-05-02T19:50:19","date_gmt":"2025-05-02T18:50:19","guid":{"rendered":"https:\/\/insideamateurfussball-ffm.de\/?p=25249"},"modified":"2025-05-02T20:04:46","modified_gmt":"2025-05-02T19:04:46","slug":"rosegger-derby-beim-bsc-klappte-nichts-bei-concordia-alles","status":"publish","type":"post","link":"https:\/\/insideamateurfussball-ffm.de\/?p=25249","title":{"rendered":"Rosegger-Derby: Beim BSC klappte nichts, bei Concordia alles"},"content":{"rendered":"<h6><span style=\"font-size: 20px;\">Der BSC Schwarz-Wei\u00df 19 bezog im Rosegger-Derby eine 0:6-Schlappe gegen den Platznachbarn Concordia Eschersheim. W\u00e4hrend die G\u00e4ste auf Rang sechs den Klassenerhalt schon sicher haben, d\u00fcrfte auch den Schwarz-Wei\u00dfen angesichts von neun Punkten Vorsprung zum Relegationsplatz nicht mehr viel passieren.\u00a0<\/span><\/h6>\n<figure id=\"attachment_25250\" aria-describedby=\"caption-attachment-25250\" style=\"width: 300px\" class=\"wp-caption aligncenter\"><img loading=\"lazy\" decoding=\"async\" class=\"wp-image-25250 size-medium\" src=\"http:\/\/insideamateurfussball-ffm.de\/wp-content\/uploads\/2025\/05\/concor10-1-300x200.jpg\" alt=\"\" width=\"300\" height=\"200\" srcset=\"https:\/\/insideamateurfussball-ffm.de\/wp-content\/uploads\/2025\/05\/concor10-1-300x200.jpg 300w, https:\/\/insideamateurfussball-ffm.de\/wp-content\/uploads\/2025\/05\/concor10-1-768x511.jpg 768w, https:\/\/insideamateurfussball-ffm.de\/wp-content\/uploads\/2025\/05\/concor10-1.jpg 886w\" sizes=\"auto, (max-width: 300px) 100vw, 300px\" \/><figcaption id=\"caption-attachment-25250\" class=\"wp-caption-text\">Concordia Eschersheim im internen Kreis. Foto: Archiv Mithat G\u00fcrser.<\/figcaption><\/figure>\n<h6><span style=\"font-size: 20px;\">BSC Schwarz-Wei\u00df 19 &#8211; Concordia Eschersheim 0:6 (0:5)<\/span><\/h6>\n<p><img loading=\"lazy\" decoding=\"async\" class=\"alignnone size-full wp-image-285\" src=\"http:\/\/insideamateurfussball-ffm.de\/wp-content\/uploads\/2022\/05\/BSC-19.jpg\" alt=\"\" width=\"80\" height=\"61\" \/><img loading=\"lazy\" decoding=\"async\" class=\"alignnone size-full wp-image-37\" src=\"http:\/\/insideamateurfussball-ffm.de\/wp-content\/uploads\/2021\/11\/1sv07_news2_4178_01_01_02.jpg\" alt=\"\" width=\"80\" height=\"80\" \/><\/p>\n<p><span style=\"font-size: 20px;\">&#8222;Das war ein verdienter Sieg f\u00fcr Concordia im Derby. Wir mussten auf vier Stammspieler verzichten, die verletzungsbedingt ausgefallen sind. Das konnten wir nicht kompensieren und mussten uns gegen einen starken Gegner geschlagen geben&#8220;, fasste BSC-Abteilungsleiter Christian Reinmold zusammen. <\/span><\/p>\n<p><span style=\"font-size: 20px;\">Nach 33 Minuten f\u00fchrten die &#8222;G\u00e4ste&#8220; durch Elias Zimmermann (7.), Emil Gutschmidt (8.\/31.\/33.) und Leo Burkhardt (18.) schon mit 5:0. Und das, obwohl auch die Concorden auf einige Spieler verzichten mussten.<\/span><\/p>\n<h6><strong><span style=\"font-size: 20px;\">Nach dem Seitenwechsel passierte nicht mehr viel\u00a0<\/span><\/strong><\/h6>\n<p><span style=\"font-size: 20px;\">Trainer Roland Stipp meinte deshalb: &#8222;Ich will da nicht gro\u00df drauf herumreiten. Bei uns hat alles geklappt, beim BSC gar nichts. Es gibt so Tage. Beim n\u00e4chsten Mal sind sie sicher wieder auf Augenh\u00f6he. Insgesamt spielt der BSC ja als Aufsteiger eine gute Runde.&#8220; Nach dem Seitenwechsel passierte nicht mehr viel, Burkhardt machte nach etwas mehr als einer Stunde noch das halbe Dutzend voll (61.). <\/span><\/p>\n<p><span style=\"font-size: 20px;\">Am Sonntag kann sich die Concordia beim Rangzweiten VfL Germania 94 beweisen (15.30 Uhr). Um 15 Uhr erwartet der BSC den auf dem ersten Abstiegsplatz stehenden SV Griesheim Tarik.\u00a0<\/span><\/p>\n<h6><strong><span style=\"font-size: 20px;\">Schiedsrichter: Zengin Karpuz (T\u00fcrk G\u00fcc\u00fc Friedberg). Zuschauer: 180. <\/span><\/strong><\/h6>\n<h6><strong><span style=\"font-size: 20px;\">Tore:0:1 Elias Zimmermann (7.), 0:2 Emil Gutschmidt (8.), 0:3 Leo Burkhardt (18.), 0:4, 0:5 Emil Gutschmidt (31.\/33.), 0:6 Leo Burkhardt (61.).<\/span><\/strong><\/h6>\n","protected":false},"excerpt":{"rendered":"<p>Der BSC Schwarz-Wei\u00df 19 bezog im Rosegger-Derby eine 0:6-Schlappe gegen den Platznachbarn Concordia Eschersheim. W\u00e4hrend die G\u00e4ste auf Rang sechs den Klassenerhalt schon sicher haben, d\u00fcrfte auch den Schwarz-Wei\u00dfen angesichts von neun Punkten Vorsprung zum Relegationsplatz nicht mehr viel passieren.\u00a0 BSC Schwarz-Wei\u00df 19 &#8211; Concordia Eschersheim 0:6 (0:5) &#8222;Das war ein verdienter Sieg f\u00fcr Concordia [&hellip;]<\/p>\n","protected":false},"author":1,"featured_media":25250,"comment_status":"closed","ping_status":"closed","sticky":true,"template":"","format":"standard","meta":{"footnotes":""},"categories":[2],"tags":[],"class_list":["post-25249","post","type-post","status-publish","format-standard","has-post-thumbnail","hentry","category-kreisoberliga-frankfurt"],"_links":{"self":[{"href":"https:\/\/insideamateurfussball-ffm.de\/index.php?rest_route=\/wp\/v2\/posts\/25249","targetHints":{"allow":["GET"]}}],"collection":[{"href":"https:\/\/insideamateurfussball-ffm.de\/index.php?rest_route=\/wp\/v2\/posts"}],"about":[{"href":"https:\/\/insideamateurfussball-ffm.de\/index.php?rest_route=\/wp\/v2\/types\/post"}],"author":[{"embeddable":true,"href":"https:\/\/insideamateurfussball-ffm.de\/index.php?rest_route=\/wp\/v2\/users\/1"}],"replies":[{"embeddable":true,"href":"https:\/\/insideamateurfussball-ffm.de\/index.php?rest_route=%2Fwp%2Fv2%2Fcomments&post=25249"}],"version-history":[{"count":2,"href":"https:\/\/insideamateurfussball-ffm.de\/index.php?rest_route=\/wp\/v2\/posts\/25249\/revisions"}],"predecessor-version":[{"id":25257,"href":"https:\/\/insideamateurfussball-ffm.de\/index.php?rest_route=\/wp\/v2\/posts\/25249\/revisions\/25257"}],"wp:featuredmedia":[{"embeddable":true,"href":"https:\/\/insideamateurfussball-ffm.de\/index.php?rest_route=\/wp\/v2\/media\/25250"}],"wp:attachment":[{"href":"https:\/\/insideamateurfussball-ffm.de\/index.php?rest_route=%2Fwp%2Fv2%2Fmedia&parent=25249"}],"wp:term":[{"taxonomy":"category","embeddable":true,"href":"https:\/\/insideamateurfussball-ffm.de\/index.php?rest_route=%2Fwp%2Fv2%2Fcategories&post=25249"},{"taxonomy":"post_tag","embeddable":true,"href":"https:\/\/insideamateurfussball-ffm.de\/index.php?rest_route=%2Fwp%2Fv2%2Ftags&post=25249"}],"curies":[{"name":"wp","href":"https:\/\/api.w.org\/{rel}","templated":true}]}}