{"id":25240,"date":"2025-05-02T18:41:58","date_gmt":"2025-05-02T17:41:58","guid":{"rendered":"https:\/\/insideamateurfussball-ffm.de\/?p=25240"},"modified":"2025-05-02T18:43:06","modified_gmt":"2025-05-02T17:43:06","slug":"enkheim-feiert-50-kantersieg-bei-nachbar-posavina","status":"publish","type":"post","link":"https:\/\/insideamateurfussball-ffm.de\/?p=25240","title":{"rendered":"Enkheim feiert 5:0-Kantersieg bei Nachbar Posavina"},"content":{"rendered":"<h6><span style=\"font-size: 20px;\">Aufsteiger FC Germania Enkheim feierte im Derby beim Riederw\u00e4lder Nachbarn FC Posavina einen 5:0-Kantersieg und hat damit den Klassenerhalt auch mathematisch mit jetzt 40 Punkten sicher. Posavina hingegen ist mit 31 Z\u00e4hlern noch nicht durch, die Kroaten haben aber noch sechs Punkte Luft zum Relegationsplatz 15.<\/span><\/h6>\n<figure id=\"attachment_25241\" aria-describedby=\"caption-attachment-25241\" style=\"width: 300px\" class=\"wp-caption aligncenter\"><img loading=\"lazy\" decoding=\"async\" class=\"wp-image-25241 size-medium\" src=\"http:\/\/insideamateurfussball-ffm.de\/wp-content\/uploads\/2025\/05\/concor11-1-300x225.jpg\" alt=\"\" width=\"300\" height=\"225\" srcset=\"https:\/\/insideamateurfussball-ffm.de\/wp-content\/uploads\/2025\/05\/concor11-1-300x225.jpg 300w, https:\/\/insideamateurfussball-ffm.de\/wp-content\/uploads\/2025\/05\/concor11-1-768x576.jpg 768w, https:\/\/insideamateurfussball-ffm.de\/wp-content\/uploads\/2025\/05\/concor11-1.jpg 886w\" sizes=\"auto, (max-width: 300px) 100vw, 300px\" \/><figcaption id=\"caption-attachment-25241\" class=\"wp-caption-text\">Enkheims Trainer Steffen Wittig hat den Klassenerhalt realisiert. Foto: Archiv Mithat G\u00fcrser.<\/figcaption><\/figure>\n<h6><span style=\"font-size: 20px;\">FC Posavina &#8211; FC Germania Enkheim 0:5 (0:2)<\/span><\/h6>\n<p><img loading=\"lazy\" decoding=\"async\" class=\"alignnone size-full wp-image-22\" src=\"http:\/\/insideamateurfussball-ffm.de\/wp-content\/uploads\/2021\/11\/posavina.jpg\" alt=\"\" width=\"63\" height=\"80\" \/><img loading=\"lazy\" decoding=\"async\" class=\"alignnone size-full wp-image-1537\" src=\"http:\/\/insideamateurfussball-ffm.de\/wp-content\/uploads\/2022\/07\/Enkheim.jpg\" alt=\"\" width=\"63\" height=\"80\" \/><\/p>\n<p><span style=\"font-size: 20px;\">Posavina-Pressewart Danijel Pavic, der sich in den letzten Monaten aus famili\u00e4ren Gr\u00fcnden etwas aus der Vereinsarbeit zur\u00fcckgezogen hatte, war am 1. Mai das erste Mal seit Wochen wieder auf dem Sportplatz. <\/span><\/p>\n<p><span style=\"font-size: 20px;\">&#8222;Das was ich da gesehen habe war eine desolate Vorstellung. Das hatte \u00fcberhaupt nichts mit KOL-Fu\u00dfball zu tun. Da haben einige Spieler gefehlt, aber das darf keine Entschuldigung sein&#8220;, sagte Pavic. Die G\u00e4ste aus Enkheim kombinierten fl\u00fcssig und gingen schnell durch Ouassim Mellal (13.) und Tobias Schirmer (16.) 2:0 in F\u00fchrung. <\/span><\/p>\n<p><span style=\"font-size: 20px;\">Nach dem Seitenwechsel erh\u00f6hten Christian L\u00f6rke (65.), Lars Trams (75.) und Fabian Mihm (77.). &#8222;Unser Tormann Matej Markovic war der beste Mann und hat eine h\u00f6here Niederlage verhindert&#8220;, meinte Pavic. <\/span><\/p>\n<p><span style=\"font-size: 20px;\">Beide Teams haben am Sonntag kein Spiel. Posavina ist spielfrei und die Enkheimer haben ihr Ausw\u00e4rtsspiel in Heddernheim bereits am 27. M\u00e4rz mit einem 4:1-Sieg absolviert.<\/span><\/p>\n<h6><strong><span style=\"font-size: 20px;\">Schiedsrichter: Davut Yigit (Ayyildizspor W\u00e4chtersbach). Zuschauer: 55. <\/span><\/strong><\/h6>\n<h6><strong><span style=\"font-size: 20px;\">Tore: 0:1 Ouassim Mellal (13.), 0:2 Tobias Schirmer (16.), 0:3 Christian L\u00f6rke (65.), 0:4 Lars Trams (75.), 0:5 Fabian Mihm (77.).\u00a0<\/span><\/strong><\/h6>\n","protected":false},"excerpt":{"rendered":"<p>Aufsteiger FC Germania Enkheim feierte im Derby beim Riederw\u00e4lder Nachbarn FC Posavina einen 5:0-Kantersieg und hat damit den Klassenerhalt auch mathematisch mit jetzt 40 Punkten sicher. Posavina hingegen ist mit 31 Z\u00e4hlern noch nicht durch, die Kroaten haben aber noch sechs Punkte Luft zum Relegationsplatz 15. FC Posavina &#8211; FC Germania Enkheim 0:5 (0:2) Posavina-Pressewart [&hellip;]<\/p>\n","protected":false},"author":1,"featured_media":25241,"comment_status":"closed","ping_status":"closed","sticky":true,"template":"","format":"standard","meta":{"footnotes":""},"categories":[2],"tags":[],"class_list":["post-25240","post","type-post","status-publish","format-standard","has-post-thumbnail","hentry","category-kreisoberliga-frankfurt"],"_links":{"self":[{"href":"https:\/\/insideamateurfussball-ffm.de\/index.php?rest_route=\/wp\/v2\/posts\/25240","targetHints":{"allow":["GET"]}}],"collection":[{"href":"https:\/\/insideamateurfussball-ffm.de\/index.php?rest_route=\/wp\/v2\/posts"}],"about":[{"href":"https:\/\/insideamateurfussball-ffm.de\/index.php?rest_route=\/wp\/v2\/types\/post"}],"author":[{"embeddable":true,"href":"https:\/\/insideamateurfussball-ffm.de\/index.php?rest_route=\/wp\/v2\/users\/1"}],"replies":[{"embeddable":true,"href":"https:\/\/insideamateurfussball-ffm.de\/index.php?rest_route=%2Fwp%2Fv2%2Fcomments&post=25240"}],"version-history":[{"count":2,"href":"https:\/\/insideamateurfussball-ffm.de\/index.php?rest_route=\/wp\/v2\/posts\/25240\/revisions"}],"predecessor-version":[{"id":25243,"href":"https:\/\/insideamateurfussball-ffm.de\/index.php?rest_route=\/wp\/v2\/posts\/25240\/revisions\/25243"}],"wp:featuredmedia":[{"embeddable":true,"href":"https:\/\/insideamateurfussball-ffm.de\/index.php?rest_route=\/wp\/v2\/media\/25241"}],"wp:attachment":[{"href":"https:\/\/insideamateurfussball-ffm.de\/index.php?rest_route=%2Fwp%2Fv2%2Fmedia&parent=25240"}],"wp:term":[{"taxonomy":"category","embeddable":true,"href":"https:\/\/insideamateurfussball-ffm.de\/index.php?rest_route=%2Fwp%2Fv2%2Fcategories&post=25240"},{"taxonomy":"post_tag","embeddable":true,"href":"https:\/\/insideamateurfussball-ffm.de\/index.php?rest_route=%2Fwp%2Fv2%2Ftags&post=25240"}],"curies":[{"name":"wp","href":"https:\/\/api.w.org\/{rel}","templated":true}]}}