{"id":25170,"date":"2025-04-29T20:00:27","date_gmt":"2025-04-29T19:00:27","guid":{"rendered":"https:\/\/insideamateurfussball-ffm.de\/?p=25170"},"modified":"2025-04-29T20:00:27","modified_gmt":"2025-04-29T19:00:27","slug":"posavina-entfuehrt-punkt-von-der-huegelstrasse","status":"publish","type":"post","link":"https:\/\/insideamateurfussball-ffm.de\/?p=25170","title":{"rendered":"Posavina entf\u00fchrt Punkt von der H\u00fcgelstra\u00dfe"},"content":{"rendered":"<h4>Der SV Viktoria Preu\u00dfen erreichte durch das 1:1 gegen den FC Posavina das rettende Ufer, h\u00e4tte sich aber mit einem Sieg noch weiter von der Gefahrenzone absetzen k\u00f6nnen. Durch den Ausgleich in der Nachspielzeit wahrten die G\u00e4ste vom Riederwald die f\u00fcnf Punkte Vorsprung auf den direkten Konkurrenten.<\/h4>\n<figure id=\"attachment_25171\" aria-describedby=\"caption-attachment-25171\" style=\"width: 896px\" class=\"wp-caption alignnone\"><img loading=\"lazy\" decoding=\"async\" class=\"wp-image-25171\" src=\"http:\/\/insideamateurfussball-ffm.de\/wp-content\/uploads\/2025\/04\/croa10-4.jpg\" alt=\"\" width=\"896\" height=\"630\" srcset=\"https:\/\/insideamateurfussball-ffm.de\/wp-content\/uploads\/2025\/04\/croa10-4.jpg 886w, https:\/\/insideamateurfussball-ffm.de\/wp-content\/uploads\/2025\/04\/croa10-4-300x211.jpg 300w, https:\/\/insideamateurfussball-ffm.de\/wp-content\/uploads\/2025\/04\/croa10-4-768x540.jpg 768w\" sizes=\"auto, (max-width: 896px) 100vw, 896px\" \/><figcaption id=\"caption-attachment-25171\" class=\"wp-caption-text\">Posavinas Routinier Mato Djukic. Foto: Archiv Mithat G\u00fcrser.\u00a0\u00a0<\/figcaption><\/figure>\n<h4>SV Viktoria Preu\u00dfen &#8211; FC Posavina 1:1 (0:0)<\/h4>\n<p><img loading=\"lazy\" decoding=\"async\" class=\"alignnone size-full wp-image-12\" src=\"http:\/\/insideamateurfussball-ffm.de\/wp-content\/uploads\/2021\/11\/preussen.jpg\" alt=\"\" width=\"72\" height=\"80\" \/><img loading=\"lazy\" decoding=\"async\" class=\"alignnone size-full wp-image-22\" src=\"http:\/\/insideamateurfussball-ffm.de\/wp-content\/uploads\/2021\/11\/posavina.jpg\" alt=\"\" width=\"63\" height=\"80\" \/><\/p>\n<p>Preu\u00dfen-Trainer Cem Caput monierte beim Schiedsrichter &#8222;sehr viele Fehlentscheidungen, auch der gegnerische Trainer und die Mannschaft haben nur den Kopf gesch\u00fcttelt.&#8220; Sein Team habe aber auch viel Pech gehabt, aber &#8222;eine sehr gute Mannschaftsleistung gebracht. Wir haben in diesem 50:50-Spiel mehr riskiert und wurden mit dem 1:0 belohnt&#8220;, schilderte Caput.<\/p>\n<p>In der 80. Minute traf Isaiah Adu zur F\u00fchrung der Gastgeber (80.). Ein abgef\u00e4lschter Freisto\u00df in der Nachspielzeit durch Routinier Mato Djukic trudelte aber noch zum 1:1 ins Tornetz (90.\/+4) und entriss den Preu\u00dfen zwei der drei sicher geglaubten Punkte.<\/p>\n<blockquote>\n<h4>1. Mai: Preu\u00dfen m\u00fcssen zu Schlusslicht Croatia<\/h4>\n<\/blockquote>\n<p>&#8222;Der Freisto\u00df war ganz fragw\u00fcrdig, der Ball ist ungl\u00fccklich von der Mauer abgeprallt. Das Spiel h\u00e4tten wir gewinnen sollen, das h\u00e4tten wir verdient gehabt. Mit dem einen Punkt k\u00f6nnen wir aber zufrieden sein, das ganze ist aber sehr \u00e4rgerlich&#8220;, sagte Caput.<\/p>\n<p>Am Donnerstag, 1. Mai geht es f\u00fcr die Preu\u00dfen zu Schlusslicht FC Croatia (15 Uhr). Zeitgleich erwartet Posavina im Ost-Derby den FC Germania Enkheim und ist dann am Sonntag spielfrei.<\/p>\n<blockquote>\n<h4>Schiedsrichter: Stefan Gottlieb (SV Heftrich). Zuschauer: 70.<\/h4>\n<h4>Tore: 1:0 Isaiah Adu (80.), 1:1 Mato Djukic (90.\/+4).<\/h4>\n<\/blockquote>\n","protected":false},"excerpt":{"rendered":"<p>Der SV Viktoria Preu\u00dfen erreichte durch das 1:1 gegen den FC Posavina das rettende Ufer, h\u00e4tte sich aber mit einem Sieg noch weiter von der Gefahrenzone absetzen k\u00f6nnen. Durch den Ausgleich in der Nachspielzeit wahrten die G\u00e4ste vom Riederwald die f\u00fcnf Punkte Vorsprung auf den direkten Konkurrenten. SV Viktoria Preu\u00dfen &#8211; FC Posavina 1:1 (0:0) [&hellip;]<\/p>\n","protected":false},"author":1,"featured_media":25171,"comment_status":"closed","ping_status":"closed","sticky":true,"template":"","format":"standard","meta":{"footnotes":""},"categories":[2],"tags":[],"class_list":["post-25170","post","type-post","status-publish","format-standard","has-post-thumbnail","hentry","category-kreisoberliga-frankfurt"],"_links":{"self":[{"href":"https:\/\/insideamateurfussball-ffm.de\/index.php?rest_route=\/wp\/v2\/posts\/25170","targetHints":{"allow":["GET"]}}],"collection":[{"href":"https:\/\/insideamateurfussball-ffm.de\/index.php?rest_route=\/wp\/v2\/posts"}],"about":[{"href":"https:\/\/insideamateurfussball-ffm.de\/index.php?rest_route=\/wp\/v2\/types\/post"}],"author":[{"embeddable":true,"href":"https:\/\/insideamateurfussball-ffm.de\/index.php?rest_route=\/wp\/v2\/users\/1"}],"replies":[{"embeddable":true,"href":"https:\/\/insideamateurfussball-ffm.de\/index.php?rest_route=%2Fwp%2Fv2%2Fcomments&post=25170"}],"version-history":[{"count":1,"href":"https:\/\/insideamateurfussball-ffm.de\/index.php?rest_route=\/wp\/v2\/posts\/25170\/revisions"}],"predecessor-version":[{"id":25172,"href":"https:\/\/insideamateurfussball-ffm.de\/index.php?rest_route=\/wp\/v2\/posts\/25170\/revisions\/25172"}],"wp:featuredmedia":[{"embeddable":true,"href":"https:\/\/insideamateurfussball-ffm.de\/index.php?rest_route=\/wp\/v2\/media\/25171"}],"wp:attachment":[{"href":"https:\/\/insideamateurfussball-ffm.de\/index.php?rest_route=%2Fwp%2Fv2%2Fmedia&parent=25170"}],"wp:term":[{"taxonomy":"category","embeddable":true,"href":"https:\/\/insideamateurfussball-ffm.de\/index.php?rest_route=%2Fwp%2Fv2%2Fcategories&post=25170"},{"taxonomy":"post_tag","embeddable":true,"href":"https:\/\/insideamateurfussball-ffm.de\/index.php?rest_route=%2Fwp%2Fv2%2Ftags&post=25170"}],"curies":[{"name":"wp","href":"https:\/\/api.w.org\/{rel}","templated":true}]}}