{"id":25158,"date":"2025-04-29T18:24:06","date_gmt":"2025-04-29T17:24:06","guid":{"rendered":"https:\/\/insideamateurfussball-ffm.de\/?p=25158"},"modified":"2025-04-30T17:09:43","modified_gmt":"2025-04-30T16:09:43","slug":"heddernheim-in-griesheim-defensiv-stabil","status":"publish","type":"post","link":"https:\/\/insideamateurfussball-ffm.de\/?p=25158","title":{"rendered":"Heddernheim in Griesheim defensiv stabil"},"content":{"rendered":"<h4>Die Spvgg. 02 Griesheim kam gegen einen defensiv stabil stehenden SV 07 Heddernheim nicht \u00fcber ein 1:1 hinaus und bleibt auf Rang vier f\u00fcnf Punkte hinter dem Relegationsplatz zur Gruppenliga. Die G\u00e4ste hingegen landeten aufgrund einer k\u00e4mpferisch guten Leistung einen wichtigen Punkt im Kampf um den Klassenerhalt. Der Vorsprung auf den Relegationsplatz 15 vergr\u00f6\u00dferte sich auf vier Punkte.<\/h4>\n<figure id=\"attachment_25159\" aria-describedby=\"caption-attachment-25159\" style=\"width: 2048px\" class=\"wp-caption alignnone\"><img loading=\"lazy\" decoding=\"async\" class=\"wp-image-25159 size-full\" src=\"http:\/\/insideamateurfussball-ffm.de\/wp-content\/uploads\/2025\/04\/Gries-Hed.jpg\" alt=\"\" width=\"2048\" height=\"1536\" srcset=\"https:\/\/insideamateurfussball-ffm.de\/wp-content\/uploads\/2025\/04\/Gries-Hed.jpg 2048w, https:\/\/insideamateurfussball-ffm.de\/wp-content\/uploads\/2025\/04\/Gries-Hed-300x225.jpg 300w, https:\/\/insideamateurfussball-ffm.de\/wp-content\/uploads\/2025\/04\/Gries-Hed-1024x768.jpg 1024w, https:\/\/insideamateurfussball-ffm.de\/wp-content\/uploads\/2025\/04\/Gries-Hed-768x576.jpg 768w, https:\/\/insideamateurfussball-ffm.de\/wp-content\/uploads\/2025\/04\/Gries-Hed-1536x1152.jpg 1536w\" sizes=\"auto, (max-width: 2048px) 100vw, 2048px\" \/><figcaption id=\"caption-attachment-25159\" class=\"wp-caption-text\">Einlauf bei strahlend blauem Himmel an der Eichenstra\u00dfe. Foto: PA.<\/figcaption><\/figure>\n<h4>Spvgg. 02 Griesheim &#8211; SV 07 Heddernheim 1:1 (0:1)<\/h4>\n<p><img loading=\"lazy\" decoding=\"async\" class=\"alignnone size-full wp-image-14\" src=\"http:\/\/insideamateurfussball-ffm.de\/wp-content\/uploads\/2021\/11\/SpVgg._02_Griesheim_02.jpg\" alt=\"\" width=\"100\" height=\"100\" \/><img loading=\"lazy\" decoding=\"async\" class=\"alignnone size-full wp-image-302\" src=\"http:\/\/insideamateurfussball-ffm.de\/wp-content\/uploads\/2022\/05\/1sv07_news2_4511-1.jpg\" alt=\"\" width=\"80\" height=\"80\" \/><\/p>\n<p>Griesheim wollte sein Heimspiel unbedingt gewinnen, um den Zug nach oben nicht abfahren zu lassen, traf aber auf einen leidenschaftlich verteidigenden SV 07, der die Flut an Gegentoren der letzten Wochen mit einer defensiveren Spielweise eind\u00e4mmen konnte. In die Karten spielte den Gr\u00fcn-Wei\u00dfen auch die F\u00fchrung nach einer Viertelstunde durch Yassir Achati, dessen resoluter Abschluss nach toller Vorarbeit von Josh Haas und Tomislav Cudina von der Unterkante der Latte ins Tor prallte (15.). Die Hausherren versuchten \u00fcber die Fl\u00fcgel zu kommen und hatten nach einer Ecke einen Kopfball von Kapit\u00e4n Enver Kelmendi an die Latte zu verzeichnen.<\/p>\n<p>Nach dem Seitenwechsel verst\u00e4rkte Griesheim den Druck, aber erst einmal mussten beide Teams nach einem Disput zwischen Emrah Polat und dem SV 07-Kapit\u00e4n Dogan Nazim Erbulan ab Minute 53 wegen Zeitstrafen mit einem Mann weniger auskommen. Mit zehn gegen zehn gelang den &#8222;Schleifern&#8220; der Ausgleich. Zun\u00e4chst parierte SVH-Keeper Hidayet Yapici gegen Jeffry Nimako (59.), dann egalisierte Nimako nach einer Flanke vom rechten Fl\u00fcgel (61.). Im Gegenzug Riesenchance Heddernheim: Der eingewechselte Luka Filip Brnas traf den Pfosten (64.). In der Schlussphase hatte Heddernheim auch das Gl\u00fcck des T\u00fcchtigen. Yapici parierte gl\u00e4nzend gegen Denis Memedi und Fabian Schubert kratzte den Ball von der Torlinie.<\/p>\n<blockquote>\n<h4>&#8222;Ich kann niemandem etwas vorwerfen&#8220; (Griesheims Trainer Dominic Machado)<\/h4>\n<\/blockquote>\n<p>Auch in der Nachspielzeit wurde eine ganz brenzlige Situation noch durch eine Rettungstat entsch\u00e4rft, sodass dieser Punkt f\u00fcr die G\u00e4ste in der Endabrechnung noch Gold wert sein k\u00f6nnte. Griesheims Trainer Dominic Machado hatte nach dem Seitenwechsel ein &#8222;Spiel auf ein Tor&#8220; gesehen. &#8222;Nach dem 1:1 haben wir alles versucht, drei hundertprozentige gegen den Torwart und den Mann, der auf der Linie kl\u00e4rt, vergeben. Ich kann niemandem etwas vorwerfen, aber wir lassen erneut zu Hause zwei Punkte liegen.&#8220; SVH-Trainer Andreas Berggold, der auch f\u00fcr die n\u00e4chste Saison final zugesagt hat und damit in seine zehnte Saison geht, analysierte: &#8222;Ich bin sehr zufrieden mit dem Punkt, auch mit der Einstellung der Mannschaft. Wir mussten personell improvisieren, haben alles rein gehauen, wir wussten um was es geht. Nach den hohen Niederlagen wollten wir stabil stehen und sind f\u00fcr den Einsatz belohnt worden. Der Griesheimer Druck wurde enorm, aber mit unserer Mentalit\u00e4t haben wir dagegen gehalten. Das m\u00fcssen wir in den n\u00e4chsten Spielen auch zeigen.&#8220;<\/p>\n<p>Am Maifeiertag geht es nun nach Preungesheim zum Dritten TuS Makkabi (15 Uhr). &#8222;Keiner hat damit gerechnet, dass wir in Griesheim einen Punkt holen. Warum soll uns das nicht auch gegen Makkabi gelingen?&#8220;, fragt Berggold. F\u00fcr Griesheim geht es zeitgleich zum F\u00fcnften Union Niederrad.<\/p>\n<blockquote>\n<h4>Schiedsrichter: Efthimios Sidiropoulos (Eppstein). Zuschauer: 126.<\/h4>\n<h4>Tore: 0:1 Yassir Achati (15.), 1:1 Jeffry Nimako (61.).<\/h4>\n<h6><span style=\"font-size: 20px;\">Nachtr\u00e4glich erreichte uns noch eine Bildergalerie von Mithat G\u00fcrser!\u00a0\u00a0<\/span><\/h6>\n<\/blockquote>\n\n\n<figure class=\"wp-block-image size-full\"><img loading=\"lazy\" decoding=\"async\" width=\"886\" height=\"592\" src=\"https:\/\/insideamateurfussball-ffm.de\/wp-content\/uploads\/2025\/04\/gri-hedd1.jpg\" alt=\"\" class=\"wp-image-25197\" srcset=\"https:\/\/insideamateurfussball-ffm.de\/wp-content\/uploads\/2025\/04\/gri-hedd1.jpg 886w, https:\/\/insideamateurfussball-ffm.de\/wp-content\/uploads\/2025\/04\/gri-hedd1-300x200.jpg 300w, https:\/\/insideamateurfussball-ffm.de\/wp-content\/uploads\/2025\/04\/gri-hedd1-768x513.jpg 768w\" sizes=\"auto, (max-width: 886px) 100vw, 886px\" \/><\/figure>\n\n\n\n<figure class=\"wp-block-gallery has-nested-images columns-default is-cropped wp-block-gallery-1 is-layout-flex wp-block-gallery-is-layout-flex\">\n<figure class=\"wp-block-image size-large\"><img loading=\"lazy\" decoding=\"async\" width=\"886\" height=\"614\" data-id=\"25198\" src=\"https:\/\/insideamateurfussball-ffm.de\/wp-content\/uploads\/2025\/04\/gries-hedd2.jpg\" alt=\"\" class=\"wp-image-25198\" srcset=\"https:\/\/insideamateurfussball-ffm.de\/wp-content\/uploads\/2025\/04\/gries-hedd2.jpg 886w, https:\/\/insideamateurfussball-ffm.de\/wp-content\/uploads\/2025\/04\/gries-hedd2-300x208.jpg 300w, https:\/\/insideamateurfussball-ffm.de\/wp-content\/uploads\/2025\/04\/gries-hedd2-768x532.jpg 768w\" sizes=\"auto, (max-width: 886px) 100vw, 886px\" \/><\/figure>\n<\/figure>\n\n\n\n<figure class=\"wp-block-image size-full\"><img loading=\"lazy\" decoding=\"async\" width=\"886\" height=\"634\" src=\"https:\/\/insideamateurfussball-ffm.de\/wp-content\/uploads\/2025\/04\/gries-hedd3.jpg\" alt=\"\" class=\"wp-image-25199\" srcset=\"https:\/\/insideamateurfussball-ffm.de\/wp-content\/uploads\/2025\/04\/gries-hedd3.jpg 886w, https:\/\/insideamateurfussball-ffm.de\/wp-content\/uploads\/2025\/04\/gries-hedd3-300x215.jpg 300w, https:\/\/insideamateurfussball-ffm.de\/wp-content\/uploads\/2025\/04\/gries-hedd3-768x550.jpg 768w\" sizes=\"auto, (max-width: 886px) 100vw, 886px\" \/><\/figure>\n\n\n\n<figure class=\"wp-block-gallery has-nested-images columns-default is-cropped wp-block-gallery-2 is-layout-flex wp-block-gallery-is-layout-flex\">\n<figure class=\"wp-block-image size-large\"><img loading=\"lazy\" decoding=\"async\" width=\"886\" height=\"674\" data-id=\"25200\" src=\"https:\/\/insideamateurfussball-ffm.de\/wp-content\/uploads\/2025\/04\/gries-hedd4.jpg\" alt=\"\" class=\"wp-image-25200\" srcset=\"https:\/\/insideamateurfussball-ffm.de\/wp-content\/uploads\/2025\/04\/gries-hedd4.jpg 886w, https:\/\/insideamateurfussball-ffm.de\/wp-content\/uploads\/2025\/04\/gries-hedd4-300x228.jpg 300w, https:\/\/insideamateurfussball-ffm.de\/wp-content\/uploads\/2025\/04\/gries-hedd4-768x584.jpg 768w\" sizes=\"auto, (max-width: 886px) 100vw, 886px\" \/><\/figure>\n<\/figure>\n\n\n\n<figure class=\"wp-block-image size-full\"><img loading=\"lazy\" decoding=\"async\" width=\"886\" height=\"655\" src=\"https:\/\/insideamateurfussball-ffm.de\/wp-content\/uploads\/2025\/04\/gries-hedd5.jpg\" alt=\"\" class=\"wp-image-25201\" srcset=\"https:\/\/insideamateurfussball-ffm.de\/wp-content\/uploads\/2025\/04\/gries-hedd5.jpg 886w, https:\/\/insideamateurfussball-ffm.de\/wp-content\/uploads\/2025\/04\/gries-hedd5-300x222.jpg 300w, https:\/\/insideamateurfussball-ffm.de\/wp-content\/uploads\/2025\/04\/gries-hedd5-768x568.jpg 768w\" sizes=\"auto, (max-width: 886px) 100vw, 886px\" \/><\/figure>\n\n\n\n<figure class=\"wp-block-gallery has-nested-images columns-default is-cropped wp-block-gallery-3 is-layout-flex wp-block-gallery-is-layout-flex\">\n<figure class=\"wp-block-image size-large\"><img loading=\"lazy\" decoding=\"async\" width=\"886\" height=\"679\" data-id=\"25202\" src=\"https:\/\/insideamateurfussball-ffm.de\/wp-content\/uploads\/2025\/04\/gries-hedd6.jpg\" alt=\"\" class=\"wp-image-25202\" srcset=\"https:\/\/insideamateurfussball-ffm.de\/wp-content\/uploads\/2025\/04\/gries-hedd6.jpg 886w, https:\/\/insideamateurfussball-ffm.de\/wp-content\/uploads\/2025\/04\/gries-hedd6-300x230.jpg 300w, https:\/\/insideamateurfussball-ffm.de\/wp-content\/uploads\/2025\/04\/gries-hedd6-768x589.jpg 768w\" sizes=\"auto, (max-width: 886px) 100vw, 886px\" \/><\/figure>\n<\/figure>\n","protected":false},"excerpt":{"rendered":"<p>Die Spvgg. 02 Griesheim kam gegen einen defensiv stabil stehenden SV 07 Heddernheim nicht \u00fcber ein 1:1 hinaus und bleibt auf Rang vier f\u00fcnf Punkte hinter dem Relegationsplatz zur Gruppenliga. Die G\u00e4ste hingegen landeten aufgrund einer k\u00e4mpferisch guten Leistung einen wichtigen Punkt im Kampf um den Klassenerhalt. Der Vorsprung auf den Relegationsplatz 15 vergr\u00f6\u00dferte sich [&hellip;]<\/p>\n","protected":false},"author":1,"featured_media":25159,"comment_status":"closed","ping_status":"closed","sticky":true,"template":"","format":"standard","meta":{"footnotes":""},"categories":[2],"tags":[],"class_list":["post-25158","post","type-post","status-publish","format-standard","has-post-thumbnail","hentry","category-kreisoberliga-frankfurt"],"_links":{"self":[{"href":"https:\/\/insideamateurfussball-ffm.de\/index.php?rest_route=\/wp\/v2\/posts\/25158","targetHints":{"allow":["GET"]}}],"collection":[{"href":"https:\/\/insideamateurfussball-ffm.de\/index.php?rest_route=\/wp\/v2\/posts"}],"about":[{"href":"https:\/\/insideamateurfussball-ffm.de\/index.php?rest_route=\/wp\/v2\/types\/post"}],"author":[{"embeddable":true,"href":"https:\/\/insideamateurfussball-ffm.de\/index.php?rest_route=\/wp\/v2\/users\/1"}],"replies":[{"embeddable":true,"href":"https:\/\/insideamateurfussball-ffm.de\/index.php?rest_route=%2Fwp%2Fv2%2Fcomments&post=25158"}],"version-history":[{"count":4,"href":"https:\/\/insideamateurfussball-ffm.de\/index.php?rest_route=\/wp\/v2\/posts\/25158\/revisions"}],"predecessor-version":[{"id":25203,"href":"https:\/\/insideamateurfussball-ffm.de\/index.php?rest_route=\/wp\/v2\/posts\/25158\/revisions\/25203"}],"wp:featuredmedia":[{"embeddable":true,"href":"https:\/\/insideamateurfussball-ffm.de\/index.php?rest_route=\/wp\/v2\/media\/25159"}],"wp:attachment":[{"href":"https:\/\/insideamateurfussball-ffm.de\/index.php?rest_route=%2Fwp%2Fv2%2Fmedia&parent=25158"}],"wp:term":[{"taxonomy":"category","embeddable":true,"href":"https:\/\/insideamateurfussball-ffm.de\/index.php?rest_route=%2Fwp%2Fv2%2Fcategories&post=25158"},{"taxonomy":"post_tag","embeddable":true,"href":"https:\/\/insideamateurfussball-ffm.de\/index.php?rest_route=%2Fwp%2Fv2%2Ftags&post=25158"}],"curies":[{"name":"wp","href":"https:\/\/api.w.org\/{rel}","templated":true}]}}