{"id":25144,"date":"2025-04-29T16:48:11","date_gmt":"2025-04-29T15:48:11","guid":{"rendered":"https:\/\/insideamateurfussball-ffm.de\/?p=25144"},"modified":"2025-04-29T16:48:11","modified_gmt":"2025-04-29T15:48:11","slug":"gudesding-setzt-meilenstein-zum-ligaerhalt","status":"publish","type":"post","link":"https:\/\/insideamateurfussball-ffm.de\/?p=25144","title":{"rendered":"Gudesding setzt Meilenstein zum Ligaerhalt"},"content":{"rendered":"<h4>Mit dem 2:0-Ausw\u00e4rtssieg bei der SG Bornheim\/Gr\u00fcn-Wei\u00df II setzte der FG Gudesding einen weiteren Meilenstein zum Ligaerhalt. Mit nun 34 Punkten kletterten die &#8222;Guden&#8220; in der Tabelle auf Rang acht, weisen nun neun Punkte Vorsprung auf den Relegationsplatz auf, den nun die in 2025 weiterhin sieglose Bornheimer Reserve belegt.<\/h4>\n<figure id=\"attachment_25145\" aria-describedby=\"caption-attachment-25145\" style=\"width: 2560px\" class=\"wp-caption alignnone\"><img loading=\"lazy\" decoding=\"async\" class=\"wp-image-25145 size-full\" src=\"http:\/\/insideamateurfussball-ffm.de\/wp-content\/uploads\/2025\/04\/SGBII-Gudesding_240317-70-scaled.jpg\" alt=\"\" width=\"2560\" height=\"1710\" srcset=\"https:\/\/insideamateurfussball-ffm.de\/wp-content\/uploads\/2025\/04\/SGBII-Gudesding_240317-70-scaled.jpg 2560w, https:\/\/insideamateurfussball-ffm.de\/wp-content\/uploads\/2025\/04\/SGBII-Gudesding_240317-70-300x200.jpg 300w, https:\/\/insideamateurfussball-ffm.de\/wp-content\/uploads\/2025\/04\/SGBII-Gudesding_240317-70-1024x684.jpg 1024w, https:\/\/insideamateurfussball-ffm.de\/wp-content\/uploads\/2025\/04\/SGBII-Gudesding_240317-70-768x513.jpg 768w, https:\/\/insideamateurfussball-ffm.de\/wp-content\/uploads\/2025\/04\/SGBII-Gudesding_240317-70-1536x1026.jpg 1536w, https:\/\/insideamateurfussball-ffm.de\/wp-content\/uploads\/2025\/04\/SGBII-Gudesding_240317-70-2048x1368.jpg 2048w\" sizes=\"auto, (max-width: 2560px) 100vw, 2560px\" \/><figcaption id=\"caption-attachment-25145\" class=\"wp-caption-text\">Gudesdings Hendrik Obenaus versucht den Bornheimer Angreifer Ben Oni Lafortune zu bremsen. Foto: Archiv Andre Sturmeit.<\/figcaption><\/figure>\n<h4>SG Bornheim\/Gr\u00fcn-Wei\u00df II &#8211; FC Gudesding 0:2 (0:0)<\/h4>\n<p><img loading=\"lazy\" decoding=\"async\" class=\"alignnone size-full wp-image-119\" src=\"http:\/\/insideamateurfussball-ffm.de\/wp-content\/uploads\/2022\/05\/Bornheim.jpg\" alt=\"\" width=\"80\" height=\"80\" \/><img loading=\"lazy\" decoding=\"async\" class=\"alignnone size-full wp-image-10\" src=\"http:\/\/insideamateurfussball-ffm.de\/wp-content\/uploads\/2021\/11\/Gudesding.jpg\" alt=\"\" width=\"64\" height=\"80\" \/><\/p>\n<p>Die Negativserie der Bornheimer &#8222;Zweiten&#8220; geht weiter. Es war die siebte Niederlage in Folge f\u00fcr das Team von Trainer Marco Santonastaso, das immer mehr in Bedr\u00e4ngnis ger\u00e4t und die Spielklasse zu verlieren droht. Am Donnerstag (1. Mai) sind die Bornheimer spielfrei und m\u00fcssen zuschauen, wie der Rest des Teilnehmerfeldes punkten kann, die Situation k\u00f6nnte sich also vor der Heimspiel gegen den souver\u00e4nen Spitzenreiter FC Kosova am Sonntag (13 Uhr) noch weiter verschlechtern. Danach bleiben den Bornheimern nur noch drei Spiele, um den drohenden Abstieg in die A-Klasse abzuwenden.<\/p>\n<p>Die Gastgeber waren bem\u00fcht, den F\u00fchrungstreffer zu erzielen, waren aber im Abschluss zu harmlos und hatten Pech mit einem Pfostenschuss von Yelman Kelati. 75 Minuten sei die Begegnung ausgeglichen gewesen, danach h\u00e4tten Bornheimer Spieler &#8222;Ideen eingebracht, die nicht dem entsprechen, was wir uns vornehmen und nach dem R\u00fcckstand war die Mannschaft moralisch am Boden&#8220;, wie Coach Santonastaso darlegte.<\/p>\n<blockquote>\n<h4>&#8222;Es war relativ ausgeglichen&#8220; (Gudesding-Co-Trainer Paul Weiss)<\/h4>\n<\/blockquote>\n<p>&#8222;\u00dcber ein 0:0 h\u00e4tte sich keiner beklagen k\u00f6nnen&#8220;, so der Italiener. Dass es nicht so kam, lag an Gudesdings Offensivkraft Modibo Kone, der kurz nach seiner Einwechslung die drei Ausw\u00e4rtspunkte f\u00fcr das Team aus dem Ostpark mit zwei Toren sicherstellte (76.\/82.). Gudesdings Co-Trainer Paul Weiss bewertete den Erfolg als &#8222;wichtigen Sieg im Kampf um den Klassenerhalt. Es war relativ ausgeglichen. Bornheim hatte mehr Ballbesitz, aber nur zwei Aktionen, die gef\u00e4hrlich waren. Ansonsten haben wir sehr diszipliniert gespielt, gut verteidigt und zwei sehr sch\u00f6ne Tore erzielt, die gut herausgespielt wurden. Wir waren am Ende frischer, das war ausschlaggebend.&#8220;<\/p>\n<p>Bereits am Mittwochabend wollen die &#8222;Guden&#8220; im sp\u00e4ten Abendspiel gegen die SG Harheim (20.30 Uhr) im Ostpark nachlegen. &#8222;Der SG Bornheim w\u00fcnschen wir viel Erfolg f\u00fcr die restlichen Endspiele&#8220;, f\u00fcgte Weiss hinzu.<\/p>\n<blockquote>\n<h4>Schiedsrichter: Nelio K\u00f6nig (FV 06 Sprendlingen). Zuschauer: 90.<\/h4>\n<h4>Tore: 0:1, 0:2 Modibo Kone (76.\/82.).<\/h4>\n<\/blockquote>\n","protected":false},"excerpt":{"rendered":"<p>Mit dem 2:0-Ausw\u00e4rtssieg bei der SG Bornheim\/Gr\u00fcn-Wei\u00df II setzte der FG Gudesding einen weiteren Meilenstein zum Ligaerhalt. Mit nun 34 Punkten kletterten die &#8222;Guden&#8220; in der Tabelle auf Rang acht, weisen nun neun Punkte Vorsprung auf den Relegationsplatz auf, den nun die in 2025 weiterhin sieglose Bornheimer Reserve belegt. SG Bornheim\/Gr\u00fcn-Wei\u00df II &#8211; FC Gudesding [&hellip;]<\/p>\n","protected":false},"author":1,"featured_media":25145,"comment_status":"closed","ping_status":"closed","sticky":true,"template":"","format":"standard","meta":{"footnotes":""},"categories":[2],"tags":[],"class_list":["post-25144","post","type-post","status-publish","format-standard","has-post-thumbnail","hentry","category-kreisoberliga-frankfurt"],"_links":{"self":[{"href":"https:\/\/insideamateurfussball-ffm.de\/index.php?rest_route=\/wp\/v2\/posts\/25144","targetHints":{"allow":["GET"]}}],"collection":[{"href":"https:\/\/insideamateurfussball-ffm.de\/index.php?rest_route=\/wp\/v2\/posts"}],"about":[{"href":"https:\/\/insideamateurfussball-ffm.de\/index.php?rest_route=\/wp\/v2\/types\/post"}],"author":[{"embeddable":true,"href":"https:\/\/insideamateurfussball-ffm.de\/index.php?rest_route=\/wp\/v2\/users\/1"}],"replies":[{"embeddable":true,"href":"https:\/\/insideamateurfussball-ffm.de\/index.php?rest_route=%2Fwp%2Fv2%2Fcomments&post=25144"}],"version-history":[{"count":2,"href":"https:\/\/insideamateurfussball-ffm.de\/index.php?rest_route=\/wp\/v2\/posts\/25144\/revisions"}],"predecessor-version":[{"id":25152,"href":"https:\/\/insideamateurfussball-ffm.de\/index.php?rest_route=\/wp\/v2\/posts\/25144\/revisions\/25152"}],"wp:featuredmedia":[{"embeddable":true,"href":"https:\/\/insideamateurfussball-ffm.de\/index.php?rest_route=\/wp\/v2\/media\/25145"}],"wp:attachment":[{"href":"https:\/\/insideamateurfussball-ffm.de\/index.php?rest_route=%2Fwp%2Fv2%2Fmedia&parent=25144"}],"wp:term":[{"taxonomy":"category","embeddable":true,"href":"https:\/\/insideamateurfussball-ffm.de\/index.php?rest_route=%2Fwp%2Fv2%2Fcategories&post=25144"},{"taxonomy":"post_tag","embeddable":true,"href":"https:\/\/insideamateurfussball-ffm.de\/index.php?rest_route=%2Fwp%2Fv2%2Ftags&post=25144"}],"curies":[{"name":"wp","href":"https:\/\/api.w.org\/{rel}","templated":true}]}}