{"id":25141,"date":"2025-04-28T21:39:56","date_gmt":"2025-04-28T20:39:56","guid":{"rendered":"https:\/\/insideamateurfussball-ffm.de\/?p=25141"},"modified":"2025-04-28T21:39:56","modified_gmt":"2025-04-28T20:39:56","slug":"kalbach-nach-sieg-im-topspiel-vor-verbandsliga-rueckkehr","status":"publish","type":"post","link":"https:\/\/insideamateurfussball-ffm.de\/?p=25141","title":{"rendered":"Kalbach nach Sieg im Topspiel vor Verbandsliga-R\u00fcckkehr"},"content":{"rendered":"<h4>Der FC Kalbach landete mit dem 4:2 gegen Verfolger FC Karben in der Gruppenliga Frankfurt West einen Meilenstein zur Meisterschaft, sch\u00fcttelte den Verfolger auf sieben Punkte Distanz ab, muss aber noch den neuen Tabellenzweiten FSV Friedrichsdorf im Blick haben, der nach dem 5:2 \u00fcber den 1. FC-TSG K\u00f6nigstein sechs Punkte hinter dem Spitzenreiter liegt, aber noch eine Partie mehr auszutragen hat.<\/h4>\n<figure id=\"attachment_25142\" aria-describedby=\"caption-attachment-25142\" style=\"width: 895px\" class=\"wp-caption alignnone\"><img loading=\"lazy\" decoding=\"async\" class=\"wp-image-25142\" src=\"http:\/\/insideamateurfussball-ffm.de\/wp-content\/uploads\/2025\/04\/roedel7-1.jpg\" alt=\"\" width=\"895\" height=\"682\" srcset=\"https:\/\/insideamateurfussball-ffm.de\/wp-content\/uploads\/2025\/04\/roedel7-1.jpg 886w, https:\/\/insideamateurfussball-ffm.de\/wp-content\/uploads\/2025\/04\/roedel7-1-300x229.jpg 300w, https:\/\/insideamateurfussball-ffm.de\/wp-content\/uploads\/2025\/04\/roedel7-1-768x585.jpg 768w\" sizes=\"auto, (max-width: 895px) 100vw, 895px\" \/><figcaption id=\"caption-attachment-25142\" class=\"wp-caption-text\">Routinier Anthony Wade (links) f\u00fchrte die Kalbacher zum Sieg. Foto: Archiv Mithat G\u00fcrser.\u00a0\u00a0<\/figcaption><\/figure>\n<h4>FC Kalbach &#8211; FC Karben 4:2 (2:1)<\/h4>\n<p><img loading=\"lazy\" decoding=\"async\" class=\"alignnone size-full wp-image-16\" src=\"http:\/\/insideamateurfussball-ffm.de\/wp-content\/uploads\/2021\/11\/kalbach-wappen.jpg\" alt=\"\" width=\"80\" height=\"80\" \/><img loading=\"lazy\" decoding=\"async\" class=\"alignnone size-full wp-image-2525\" src=\"http:\/\/insideamateurfussball-ffm.de\/wp-content\/uploads\/2022\/09\/karben.jpg\" alt=\"\" width=\"65\" height=\"80\" \/><\/p>\n<p>280 Zuschauer verfolgten das Spitzenspiel am Hopfenbrunnen, in dem die Kalbacher mit einem einstudierten Spielzug \u00fcber Aleksej Radulaski und Torj\u00e4ger Achraf Gara Ali durch Fabio Pinto da Silva in F\u00fchrung gingen (13.). Nach einer Phase des Abtastens fand der Spitzenreiter seine Linie und erh\u00f6hte nach einem Eckball durch Ricardo Harrabi auf 2:0 (25.). Doch wer ein Einbrechen des Aufstiegskonkurrenten aus der Wetterau erwartet hatte, sah sich get\u00e4uscht. Das Team von Trainer Maik Zinnecker kam pl\u00f6tzlich auf und verk\u00fcrzte noch vor der Pause durch einen Freisto\u00df von Moritz Heitefu\u00df in den Winkel auf 2:1 (40.).<\/p>\n<p>&#8222;Das Spiel war dann v\u00f6llig offen, denn Karben hat viele lange B\u00e4lle hinter unsere Abwehrkette gespielt und ist konsequent in die Zwischenr\u00e4ume gespurtet&#8220;, berichtete Manfred Meyer aus dem Kalbacher Spielausschuss. Nach dem Seitenwechsel drohte die Partie sogar kurzzeitig zugunsten des bisherigen Tabellenzweiten zu kippen, denn der Karbener Torj\u00e4ger Owen Hare wurde gut in Szene gesetzt und egalisierte zum 2:2 (59.).<\/p>\n<blockquote>\n<h4>Wade im &#8222;Stile eines erfahrenen Spielers&#8220;<\/h4>\n<\/blockquote>\n<p>Fast postwendend jedoch die Antwort des Klassenprimus durch Gara Ali, der auf Zuspiel von Routinier Anthony Wade seinen 34. Saisontreffer markierte (62.). Zwischendurch hatte der Kalbacher Schlussmann Fabian Lanthaler mit zwei guten Paraden einen R\u00fcckstand verhindern k\u00f6nnen. Die Begegnung auf dem Kunstrasenplatz lebte bis in die Nachspielzeit hinein von der Spannung. Erst in der dritten Minute der Extra-Time konnte Wade &#8222;im Stile eines erfahrenen Spielers&#8220; mit dem 4:2 den Deckel drauf machen und die Meisterschaftschancen der Kalbacher deutlich erh\u00f6hen.<\/p>\n<p>Der mittlerweile 38-j\u00e4hrige geh\u00f6rte neben Radulaski, Harrabi und Gara Ali zu den Aktivposten im Team von Trainer Aaz-Dine Zarioh, das die R\u00fcckkehr in die Verbandsliga S\u00fcd nach acht Jahren Abwesenheit immer mehr ins Visier nimmt und als Titelverteidiger am 4. Juni noch im Finale um den Kreispokal gegen die FG Seckbach steht. &#8222;Eine Entscheidung um die Meisterschaft ist aber noch keineswegs gefallen. Wir haben noch ein schweres Restsprogramm zu bestreiten&#8220;, wiegelte Meyer ab. N\u00e4chsten Sonntag geht es erstmal nach Oberrad.<\/p>\n<blockquote>\n<h4>Schiedsrichter: Fabien Mink (TSV Reichenbach). Zuschauer: 280.<\/h4>\n<h4>Tore: 1:0 Fabio Pinto da Silva (13.), 2:0 Ricardo Harrabi (25.), 2:1 Moritz Heitefu\u00df (40.), 2:2 Owen Hare (59.), 3:2 Achraf Gara Ali (62.), 4:2 Anthony Wade (90.\/+3).<\/h4>\n<\/blockquote>\n","protected":false},"excerpt":{"rendered":"<p>Der FC Kalbach landete mit dem 4:2 gegen Verfolger FC Karben in der Gruppenliga Frankfurt West einen Meilenstein zur Meisterschaft, sch\u00fcttelte den Verfolger auf sieben Punkte Distanz ab, muss aber noch den neuen Tabellenzweiten FSV Friedrichsdorf im Blick haben, der nach dem 5:2 \u00fcber den 1. FC-TSG K\u00f6nigstein sechs Punkte hinter dem Spitzenreiter liegt, aber [&hellip;]<\/p>\n","protected":false},"author":1,"featured_media":25142,"comment_status":"open","ping_status":"open","sticky":true,"template":"","format":"standard","meta":{"footnotes":""},"categories":[13],"tags":[],"class_list":["post-25141","post","type-post","status-publish","format-standard","has-post-thumbnail","hentry","category-gruppenliga-frankfurt-west"],"_links":{"self":[{"href":"https:\/\/insideamateurfussball-ffm.de\/index.php?rest_route=\/wp\/v2\/posts\/25141","targetHints":{"allow":["GET"]}}],"collection":[{"href":"https:\/\/insideamateurfussball-ffm.de\/index.php?rest_route=\/wp\/v2\/posts"}],"about":[{"href":"https:\/\/insideamateurfussball-ffm.de\/index.php?rest_route=\/wp\/v2\/types\/post"}],"author":[{"embeddable":true,"href":"https:\/\/insideamateurfussball-ffm.de\/index.php?rest_route=\/wp\/v2\/users\/1"}],"replies":[{"embeddable":true,"href":"https:\/\/insideamateurfussball-ffm.de\/index.php?rest_route=%2Fwp%2Fv2%2Fcomments&post=25141"}],"version-history":[{"count":1,"href":"https:\/\/insideamateurfussball-ffm.de\/index.php?rest_route=\/wp\/v2\/posts\/25141\/revisions"}],"predecessor-version":[{"id":25143,"href":"https:\/\/insideamateurfussball-ffm.de\/index.php?rest_route=\/wp\/v2\/posts\/25141\/revisions\/25143"}],"wp:featuredmedia":[{"embeddable":true,"href":"https:\/\/insideamateurfussball-ffm.de\/index.php?rest_route=\/wp\/v2\/media\/25142"}],"wp:attachment":[{"href":"https:\/\/insideamateurfussball-ffm.de\/index.php?rest_route=%2Fwp%2Fv2%2Fmedia&parent=25141"}],"wp:term":[{"taxonomy":"category","embeddable":true,"href":"https:\/\/insideamateurfussball-ffm.de\/index.php?rest_route=%2Fwp%2Fv2%2Fcategories&post=25141"},{"taxonomy":"post_tag","embeddable":true,"href":"https:\/\/insideamateurfussball-ffm.de\/index.php?rest_route=%2Fwp%2Fv2%2Ftags&post=25141"}],"curies":[{"name":"wp","href":"https:\/\/api.w.org\/{rel}","templated":true}]}}