{"id":25137,"date":"2025-04-28T21:23:42","date_gmt":"2025-04-28T20:23:42","guid":{"rendered":"https:\/\/insideamateurfussball-ffm.de\/?p=25137"},"modified":"2025-04-30T16:24:45","modified_gmt":"2025-04-30T15:24:45","slug":"gabriel-bernstein-in-oberrad-entlassen","status":"publish","type":"post","link":"https:\/\/insideamateurfussball-ffm.de\/?p=25137","title":{"rendered":"Gabriel Bernstein in Oberrad entlassen"},"content":{"rendered":"<h4>Einen Tag nach der 3:4-Niederlage bei der Spvgg. 03 Fechenheim ist Trainer Gabriel Bernstein bei der Spvgg. 05 Oberrad entlassen worden. Das best\u00e4tigte der Coach auf unsere Nachfrage und zeigte sich \u00fcber den Zeitpunkt und die Art und Weise der Trennung \u00fcberrascht.<\/h4>\n<figure id=\"attachment_25138\" aria-describedby=\"caption-attachment-25138\" style=\"width: 896px\" class=\"wp-caption alignnone\"><img loading=\"lazy\" decoding=\"async\" class=\"wp-image-25138\" src=\"http:\/\/insideamateurfussball-ffm.de\/wp-content\/uploads\/2025\/04\/bosn-oberr10.jpg\" alt=\"\" width=\"896\" height=\"658\" srcset=\"https:\/\/insideamateurfussball-ffm.de\/wp-content\/uploads\/2025\/04\/bosn-oberr10.jpg 886w, https:\/\/insideamateurfussball-ffm.de\/wp-content\/uploads\/2025\/04\/bosn-oberr10-300x220.jpg 300w, https:\/\/insideamateurfussball-ffm.de\/wp-content\/uploads\/2025\/04\/bosn-oberr10-768x564.jpg 768w\" sizes=\"auto, (max-width: 896px) 100vw, 896px\" \/><figcaption id=\"caption-attachment-25138\" class=\"wp-caption-text\">Nicht mehr Trainer in Oberrad: Gabriel Bernstein. Foto: Archiv Mithat G\u00fcrser.<\/figcaption><\/figure>\n<p><img loading=\"lazy\" decoding=\"async\" class=\"alignnone size-full wp-image-137\" src=\"http:\/\/insideamateurfussball-ffm.de\/wp-content\/uploads\/2022\/05\/Oberrad05.jpg\" alt=\"\" width=\"79\" height=\"80\" \/><\/p>\n<p>Seit letztem Donnerstag standen die Zeichen in Oberrad zwischen dem Verein und dem Trainer auf Trennung, allerdings sollte Bernstein die Runde noch zu Ende machen und am letzten Spieltag nach acht Jahren im Verein als Spieler und Trainer mit einem kurzen Intermezzo bei der FG Seckbach verabschiedet werden. Bernstein hatte deswegen am Freitagabend bereits mitteilen lassen, dass er den Verein nach dem Saisonende verlassen werde.<\/p>\n<p>Spielauschuss-Vorsitzender Marcus Klandt habe die Entscheidung damit begr\u00fcndet, dass der Verein nach den Pl\u00e4tzen zehn und acht in den Vorjahren und aktuell Rang zehn eine Neuausrichtung unter einem neuen Trainer w\u00fcnsche. Nach der internen Bekanntgabe dieser Entscheidung habe es viel Unruhe in der Mannschaft gegeben. Beim Spiel am Sonntag verspielte die Mannschaft in Fechenheim eine 3:0-F\u00fchrung zur Halbzeit und unterlag beim Aufstiegsaspiranten noch mit 3:4.<\/p>\n<blockquote>\n<h4>&#8222;Wollen sportlich neue Reize setzen und einen Schritt weitergehen&#8220; (Oberrads Spielausschuss-Vorsitzender Markus Klandt)<\/h4>\n<\/blockquote>\n<p>Am Montagmorgen wurde Bernstein dann telefonisch mitgeteilt, dass er sofort entlassen sei. &#8222;Wir haben gute Arbeit geleistet, waren mit dem Einbau vieler Oberr\u00e4der Jugendspieler auf einem guten Weg, hatten aber zuletzt auch eine Verletztenmisere zu beklagen. Wenn der Verein das anders einsch\u00e4tzt, finde ich das schade&#8220;, reagierte Bernstein mit Unverst\u00e4ndnis auf den Rauswurf. Klandt entgegnete dem, dass &#8222;wir sportlich neue Reize setzen und einen Schritt weiter gehen wollen. Wir haben eine gute Struktur, das ist sicher auch ein Verdienst von Bernstein. Jedoch handelt es sich um eine perspektivische Entscheidung, denn f\u00fcr n\u00e4chste Saison haben wir andere Ziele. Wir wollen uns nicht mehr mit Mittelma\u00df zufrieden geben, sondern konstant oben mitspielen.&#8220;<\/p>\n<p>Um diese Ziele anzupeilen, werden jetzt Gespr\u00e4che mit Trainerkandidaten begonnen, um den richtigen Coach f\u00fcr diese Neuausrichtung zu finden. Bis Saisonende wird Klandt selbst die Verantwortung an der Seitenlinie tragen, unterst\u00fctzt von den routinierten Spielern Timo Becker und Todi Vasilev.\u00a0 \u00a0<\/p>\n\n\n<p><\/p>\n","protected":false},"excerpt":{"rendered":"<p>Einen Tag nach der 3:4-Niederlage bei der Spvgg. 03 Fechenheim ist Trainer Gabriel Bernstein bei der Spvgg. 05 Oberrad entlassen worden. Das best\u00e4tigte der Coach auf unsere Nachfrage und zeigte sich \u00fcber den Zeitpunkt und die Art und Weise der Trennung \u00fcberrascht. Seit letztem Donnerstag standen die Zeichen in Oberrad zwischen dem Verein und dem [&hellip;]<\/p>\n","protected":false},"author":1,"featured_media":25138,"comment_status":"closed","ping_status":"closed","sticky":true,"template":"","format":"standard","meta":{"footnotes":""},"categories":[13],"tags":[],"class_list":["post-25137","post","type-post","status-publish","format-standard","has-post-thumbnail","hentry","category-gruppenliga-frankfurt-west"],"_links":{"self":[{"href":"https:\/\/insideamateurfussball-ffm.de\/index.php?rest_route=\/wp\/v2\/posts\/25137","targetHints":{"allow":["GET"]}}],"collection":[{"href":"https:\/\/insideamateurfussball-ffm.de\/index.php?rest_route=\/wp\/v2\/posts"}],"about":[{"href":"https:\/\/insideamateurfussball-ffm.de\/index.php?rest_route=\/wp\/v2\/types\/post"}],"author":[{"embeddable":true,"href":"https:\/\/insideamateurfussball-ffm.de\/index.php?rest_route=\/wp\/v2\/users\/1"}],"replies":[{"embeddable":true,"href":"https:\/\/insideamateurfussball-ffm.de\/index.php?rest_route=%2Fwp%2Fv2%2Fcomments&post=25137"}],"version-history":[{"count":6,"href":"https:\/\/insideamateurfussball-ffm.de\/index.php?rest_route=\/wp\/v2\/posts\/25137\/revisions"}],"predecessor-version":[{"id":25187,"href":"https:\/\/insideamateurfussball-ffm.de\/index.php?rest_route=\/wp\/v2\/posts\/25137\/revisions\/25187"}],"wp:featuredmedia":[{"embeddable":true,"href":"https:\/\/insideamateurfussball-ffm.de\/index.php?rest_route=\/wp\/v2\/media\/25138"}],"wp:attachment":[{"href":"https:\/\/insideamateurfussball-ffm.de\/index.php?rest_route=%2Fwp%2Fv2%2Fmedia&parent=25137"}],"wp:term":[{"taxonomy":"category","embeddable":true,"href":"https:\/\/insideamateurfussball-ffm.de\/index.php?rest_route=%2Fwp%2Fv2%2Fcategories&post=25137"},{"taxonomy":"post_tag","embeddable":true,"href":"https:\/\/insideamateurfussball-ffm.de\/index.php?rest_route=%2Fwp%2Fv2%2Ftags&post=25137"}],"curies":[{"name":"wp","href":"https:\/\/api.w.org\/{rel}","templated":true}]}}