{"id":25133,"date":"2025-04-28T20:58:02","date_gmt":"2025-04-28T19:58:02","guid":{"rendered":"https:\/\/insideamateurfussball-ffm.de\/?p=25133"},"modified":"2025-04-28T20:58:02","modified_gmt":"2025-04-28T19:58:02","slug":"43-nach-03-fechenheimer-aufholjagd-erfolgreich","status":"publish","type":"post","link":"https:\/\/insideamateurfussball-ffm.de\/?p=25133","title":{"rendered":"4:3 nach 0:3 &#8211; Fechenheimer Aufholjagd erfolgreich"},"content":{"rendered":"<h4>Chancen auf die Teilnahme an der Relegation zur Verbandsliga S\u00fcd hat weiterhin die Spvgg. Fechenheim nach dem 4:3 \u00fcber die Spvgg. Oberrad. Mit einer furiosen Aufholjagd wurde ein 0:3-R\u00fcckstand zur Pause noch in einen Sieg umgewandelt.<\/h4>\n<figure id=\"attachment_25134\" aria-describedby=\"caption-attachment-25134\" style=\"width: 955px\" class=\"wp-caption alignnone\"><img loading=\"lazy\" decoding=\"async\" class=\"wp-image-25134\" src=\"http:\/\/insideamateurfussball-ffm.de\/wp-content\/uploads\/2025\/04\/bosn3-3.jpg\" alt=\"\" width=\"955\" height=\"694\" srcset=\"https:\/\/insideamateurfussball-ffm.de\/wp-content\/uploads\/2025\/04\/bosn3-3.jpg 945w, https:\/\/insideamateurfussball-ffm.de\/wp-content\/uploads\/2025\/04\/bosn3-3-300x218.jpg 300w, https:\/\/insideamateurfussball-ffm.de\/wp-content\/uploads\/2025\/04\/bosn3-3-768x558.jpg 768w\" sizes=\"auto, (max-width: 955px) 100vw, 955px\" \/><figcaption id=\"caption-attachment-25134\" class=\"wp-caption-text\">Fechenheims Sportdirektor Asghar Ali-Jaali am Spielfeldrand. Foto: Archiv Mithat G\u00fcrser.\u00a0\u00a0<\/figcaption><\/figure>\n<h4>Spvgg. 03 Fechenheim &#8211; Spvgg. 05 Oberrad 4:3 (0:3)<\/h4>\n<p><img loading=\"lazy\" decoding=\"async\" class=\"alignnone size-full wp-image-603\" src=\"http:\/\/insideamateurfussball-ffm.de\/wp-content\/uploads\/2022\/06\/Fech03.jpg\" alt=\"\" width=\"52\" height=\"80\" \/><img loading=\"lazy\" decoding=\"async\" class=\"alignnone size-full wp-image-137\" src=\"http:\/\/insideamateurfussball-ffm.de\/wp-content\/uploads\/2022\/05\/Oberrad05.jpg\" alt=\"\" width=\"79\" height=\"80\" \/><\/p>\n<p>Oberrad verspielte eine 3:0-F\u00fchrung durch Kenneth Malm (2.) und David Bremerich (10.\/37.). Nach dem Seitenwechsel leitete ein Handelfmeter von Ouassim Ouass die Wende ein (47.). Giovanbattista Pedace verk\u00fcrzte und glich aus (58.\/66.). Den Siegtreffer markierte Kaleab Eyassu (85.).<\/p>\n<p>&#8222;Nach der unterirdischen ersten Halbzeit haben wir Oberrad niedergerungen&#8220;, meinte Sportdirektor Asghar Ali-Jaali. Mit zwei Punkten R\u00fcckstand auf Rang zwei sind die Fechenheimer noch voll im Rennen um Rang zwei, der FSV Friedrichsdorf hat allerdings noch eine Partie mehr auszutragen.<\/p>\n<p>Die Oberr\u00e4der fielen nach dieser Niederlage auf Rang zehn zur\u00fcck, schon vor der Partie hatte Oberrads Trainer Gabriel Bernstein mitgeteilt, dass er den Verein zum Saisonende verlassen werde. Nach dem Spiel gab es dann neue Erkenntnisse, \u00fcber die wir noch in einem gesonderten Bericht informieren werden.<\/p>\n<blockquote>\n<h4>Schiedsrichter: Andreas Luschberger (SV Wisper Lorch). Zuschauer: 70.<\/h4>\n<h4>Tore: 0:1 Kenneth Malm (2.), 0:2, 0:3 David Bremerich (10.\/37.), 1:3 Ouassim Ouass (47.\/Foulelfmeter), 2:3, 3:3 Giovanbattista Pedace (58.\/66.), 4:3 Kaleab Eyassu (85.).<\/h4>\n<\/blockquote>\n","protected":false},"excerpt":{"rendered":"<p>Chancen auf die Teilnahme an der Relegation zur Verbandsliga S\u00fcd hat weiterhin die Spvgg. Fechenheim nach dem 4:3 \u00fcber die Spvgg. Oberrad. Mit einer furiosen Aufholjagd wurde ein 0:3-R\u00fcckstand zur Pause noch in einen Sieg umgewandelt. Spvgg. 03 Fechenheim &#8211; Spvgg. 05 Oberrad 4:3 (0:3) Oberrad verspielte eine 3:0-F\u00fchrung durch Kenneth Malm (2.) und David [&hellip;]<\/p>\n","protected":false},"author":1,"featured_media":25134,"comment_status":"closed","ping_status":"closed","sticky":true,"template":"","format":"standard","meta":{"footnotes":""},"categories":[13],"tags":[],"class_list":["post-25133","post","type-post","status-publish","format-standard","has-post-thumbnail","hentry","category-gruppenliga-frankfurt-west"],"_links":{"self":[{"href":"https:\/\/insideamateurfussball-ffm.de\/index.php?rest_route=\/wp\/v2\/posts\/25133","targetHints":{"allow":["GET"]}}],"collection":[{"href":"https:\/\/insideamateurfussball-ffm.de\/index.php?rest_route=\/wp\/v2\/posts"}],"about":[{"href":"https:\/\/insideamateurfussball-ffm.de\/index.php?rest_route=\/wp\/v2\/types\/post"}],"author":[{"embeddable":true,"href":"https:\/\/insideamateurfussball-ffm.de\/index.php?rest_route=\/wp\/v2\/users\/1"}],"replies":[{"embeddable":true,"href":"https:\/\/insideamateurfussball-ffm.de\/index.php?rest_route=%2Fwp%2Fv2%2Fcomments&post=25133"}],"version-history":[{"count":1,"href":"https:\/\/insideamateurfussball-ffm.de\/index.php?rest_route=\/wp\/v2\/posts\/25133\/revisions"}],"predecessor-version":[{"id":25135,"href":"https:\/\/insideamateurfussball-ffm.de\/index.php?rest_route=\/wp\/v2\/posts\/25133\/revisions\/25135"}],"wp:featuredmedia":[{"embeddable":true,"href":"https:\/\/insideamateurfussball-ffm.de\/index.php?rest_route=\/wp\/v2\/media\/25134"}],"wp:attachment":[{"href":"https:\/\/insideamateurfussball-ffm.de\/index.php?rest_route=%2Fwp%2Fv2%2Fmedia&parent=25133"}],"wp:term":[{"taxonomy":"category","embeddable":true,"href":"https:\/\/insideamateurfussball-ffm.de\/index.php?rest_route=%2Fwp%2Fv2%2Fcategories&post=25133"},{"taxonomy":"post_tag","embeddable":true,"href":"https:\/\/insideamateurfussball-ffm.de\/index.php?rest_route=%2Fwp%2Fv2%2Ftags&post=25133"}],"curies":[{"name":"wp","href":"https:\/\/api.w.org\/{rel}","templated":true}]}}