{"id":25129,"date":"2025-04-28T20:10:49","date_gmt":"2025-04-28T19:10:49","guid":{"rendered":"https:\/\/insideamateurfussball-ffm.de\/?p=25129"},"modified":"2025-04-28T20:12:09","modified_gmt":"2025-04-28T19:12:09","slug":"stierstadt-gewinnt-mittelfeld-duell-gegen-seckbach","status":"publish","type":"post","link":"https:\/\/insideamateurfussball-ffm.de\/?p=25129","title":{"rendered":"Stierstadt gewinnt Mittelfeld-Duell gegen Seckbach"},"content":{"rendered":"<h4>In einem Duell zweier gesicherter Teams aus dem Mittelfeld der Tabelle sprang der FV Stierstadt nach dem 3:2-Heimsieg gegen die FG Seckbach auf Rang sechs und verwies die G\u00e4ste aus dem Frankfurter Nordosten auf Rang acht.<\/h4>\n<figure id=\"attachment_25130\" aria-describedby=\"caption-attachment-25130\" style=\"width: 896px\" class=\"wp-caption alignnone\"><img loading=\"lazy\" decoding=\"async\" class=\"wp-image-25130\" src=\"http:\/\/insideamateurfussball-ffm.de\/wp-content\/uploads\/2025\/04\/bos3-12.jpg\" alt=\"\" width=\"896\" height=\"642\" srcset=\"https:\/\/insideamateurfussball-ffm.de\/wp-content\/uploads\/2025\/04\/bos3-12.jpg 886w, https:\/\/insideamateurfussball-ffm.de\/wp-content\/uploads\/2025\/04\/bos3-12-300x215.jpg 300w, https:\/\/insideamateurfussball-ffm.de\/wp-content\/uploads\/2025\/04\/bos3-12-768x550.jpg 768w\" sizes=\"auto, (max-width: 896px) 100vw, 896px\" \/><figcaption id=\"caption-attachment-25130\" class=\"wp-caption-text\">Der FV Stierstadt im Spielerkreis. Foto: Archiv Mithat G\u00fcrser.<\/figcaption><\/figure>\n<h4>FV Stierstadt &#8211; FG Seckbach 3:2 (2:1)<\/h4>\n<p><img loading=\"lazy\" decoding=\"async\" class=\"alignnone size-full wp-image-3054\" src=\"http:\/\/insideamateurfussball-ffm.de\/wp-content\/uploads\/2022\/10\/Stierstadt.png\" alt=\"\" width=\"80\" height=\"80\" \/><img loading=\"lazy\" decoding=\"async\" class=\"alignnone size-full wp-image-544\" src=\"http:\/\/insideamateurfussball-ffm.de\/wp-content\/uploads\/2022\/06\/Seckbach.jpg\" alt=\"\" width=\"80\" height=\"80\" \/><\/p>\n<p>Die Gastgeber behielten durch die Tore von Filip Osman (2.\/18.) und Mazin Ali Awad Haroun (69.) die Oberhand. Seckbach kam mit Torj\u00e4ger Florian Schuberth zum Ausgleich (16.). Raphael Sahl konnte f\u00fcr den Pokalfinalisten noch verk\u00fcrzen (88.). &#8222;Ein Unentschieden w\u00e4re verdient gewesen, denn wir hatten noch zwei Pfostensch\u00fcsse&#8220;, meinte Seckbachs Spielausschuss-Boss Jo Nareike. N\u00e4chsten Sonntag geht es mit dem Heimspiel gegen die Spvgg. 05\/99 Bomber Bad Homburg weiter. Nachdem es nun in der Liga um nicht mehr viel geht, ist das gro\u00dfe Ziel der erstmalige Gewinn des Kreispokals gegen Gruppenliga-Tabellenf\u00fchrer FC Kalbach. Ein neutraler Platz f\u00fcr den Finalort soll demn\u00e4chst bekannt gegeben werden.<\/p>\n<blockquote>\n<h4>Schiedsrichter: Ali-Kaan Pelitli (FSV Fernwald). Zuschauer: 50.<\/h4>\n<h4>Tore: 1:0 Filip Osman (2.), 1:1 Florian Schuberth (16.), 2:1 Filip Osman (18.), 3:1 Mazin Ali Awad Haroun (69.), 3:2 Raphael Sahl (88.).<\/h4>\n<\/blockquote>\n\n\n<p><\/p>\n","protected":false},"excerpt":{"rendered":"<p>In einem Duell zweier gesicherter Teams aus dem Mittelfeld der Tabelle sprang der FV Stierstadt nach dem 3:2-Heimsieg gegen die FG Seckbach auf Rang sechs und verwies die G\u00e4ste aus dem Frankfurter Nordosten auf Rang acht. FV Stierstadt &#8211; FG Seckbach 3:2 (2:1) Die Gastgeber behielten durch die Tore von Filip Osman (2.\/18.) und Mazin [&hellip;]<\/p>\n","protected":false},"author":1,"featured_media":25130,"comment_status":"closed","ping_status":"closed","sticky":true,"template":"","format":"standard","meta":{"footnotes":""},"categories":[13],"tags":[],"class_list":["post-25129","post","type-post","status-publish","format-standard","has-post-thumbnail","hentry","category-gruppenliga-frankfurt-west"],"_links":{"self":[{"href":"https:\/\/insideamateurfussball-ffm.de\/index.php?rest_route=\/wp\/v2\/posts\/25129","targetHints":{"allow":["GET"]}}],"collection":[{"href":"https:\/\/insideamateurfussball-ffm.de\/index.php?rest_route=\/wp\/v2\/posts"}],"about":[{"href":"https:\/\/insideamateurfussball-ffm.de\/index.php?rest_route=\/wp\/v2\/types\/post"}],"author":[{"embeddable":true,"href":"https:\/\/insideamateurfussball-ffm.de\/index.php?rest_route=\/wp\/v2\/users\/1"}],"replies":[{"embeddable":true,"href":"https:\/\/insideamateurfussball-ffm.de\/index.php?rest_route=%2Fwp%2Fv2%2Fcomments&post=25129"}],"version-history":[{"count":2,"href":"https:\/\/insideamateurfussball-ffm.de\/index.php?rest_route=\/wp\/v2\/posts\/25129\/revisions"}],"predecessor-version":[{"id":25132,"href":"https:\/\/insideamateurfussball-ffm.de\/index.php?rest_route=\/wp\/v2\/posts\/25129\/revisions\/25132"}],"wp:featuredmedia":[{"embeddable":true,"href":"https:\/\/insideamateurfussball-ffm.de\/index.php?rest_route=\/wp\/v2\/media\/25130"}],"wp:attachment":[{"href":"https:\/\/insideamateurfussball-ffm.de\/index.php?rest_route=%2Fwp%2Fv2%2Fmedia&parent=25129"}],"wp:term":[{"taxonomy":"category","embeddable":true,"href":"https:\/\/insideamateurfussball-ffm.de\/index.php?rest_route=%2Fwp%2Fv2%2Fcategories&post=25129"},{"taxonomy":"post_tag","embeddable":true,"href":"https:\/\/insideamateurfussball-ffm.de\/index.php?rest_route=%2Fwp%2Fv2%2Ftags&post=25129"}],"curies":[{"name":"wp","href":"https:\/\/api.w.org\/{rel}","templated":true}]}}