{"id":25123,"date":"2025-04-28T19:32:23","date_gmt":"2025-04-28T18:32:23","guid":{"rendered":"https:\/\/insideamateurfussball-ffm.de\/?p=25123"},"modified":"2025-05-01T11:42:19","modified_gmt":"2025-05-01T10:42:19","slug":"speuzer-aergern-willenloses-tuerkguecue","status":"publish","type":"post","link":"https:\/\/insideamateurfussball-ffm.de\/?p=25123","title":{"rendered":"Speuzer \u00e4rgern willenloses T\u00fcrkg\u00fcc\u00fc"},"content":{"rendered":"<h4>Aufsteiger T\u00fcrkg\u00fcc\u00fc Frankfurt kam gegen Schlusslicht FFV Sportfreunde nicht \u00fcber ein 2:2 hinaus, die &#8222;Speuzer&#8220; sind mit dem sechsten Punkt der Saison damit noch nicht hundertprozentig abgestiegen.<\/h4>\n<figure id=\"attachment_25208\" aria-describedby=\"caption-attachment-25208\" style=\"width: 300px\" class=\"wp-caption aligncenter\"><img loading=\"lazy\" decoding=\"async\" class=\"wp-image-25208 size-medium\" src=\"http:\/\/insideamateurfussball-ffm.de\/wp-content\/uploads\/2025\/04\/tguecue-speu6-300x206.jpg\" alt=\"\" width=\"300\" height=\"206\" srcset=\"https:\/\/insideamateurfussball-ffm.de\/wp-content\/uploads\/2025\/04\/tguecue-speu6-300x206.jpg 300w, https:\/\/insideamateurfussball-ffm.de\/wp-content\/uploads\/2025\/04\/tguecue-speu6-768x528.jpg 768w, https:\/\/insideamateurfussball-ffm.de\/wp-content\/uploads\/2025\/04\/tguecue-speu6.jpg 886w\" sizes=\"auto, (max-width: 300px) 100vw, 300px\" \/><figcaption id=\"caption-attachment-25208\" class=\"wp-caption-text\">Die Speuzer mit Baldreldin Miss behielten lange Zeit die Oberhand. Foto: Mithat G\u00fcrser.<\/figcaption><\/figure>\n<h4>TSKV T\u00fcrkg\u00fcc\u00fc Frankfurt &#8211; FFV Sportfreunde 2:2 (0:2)<\/h4>\n<p><img loading=\"lazy\" decoding=\"async\" class=\"alignnone size-full wp-image-17\" src=\"http:\/\/insideamateurfussball-ffm.de\/wp-content\/uploads\/2021\/11\/Tuerkguecue.jpg\" alt=\"\" width=\"72\" height=\"80\" \/><img loading=\"lazy\" decoding=\"async\" class=\"alignnone size-full wp-image-141\" src=\"http:\/\/insideamateurfussball-ffm.de\/wp-content\/uploads\/2022\/05\/Speuzer.jpg\" alt=\"\" width=\"80\" height=\"80\" \/><\/p>\n<p>Beinahe w\u00e4re den &#8222;Speuzern&#8220; im Nachbarschaftsduell sogar der erste Saisonsieg gelungen, denn Naveed Zafar (31.) und Millon Mehari (37.) schossen die F\u00fchrung zur Halbzeit heraus. Erst nach dem Seitenwechsel konnte T\u00fcrkg\u00fcc\u00fc auf dem heimischen Rasenplatz die drohende Blamage abwenden. Kapit\u00e4n Emre Kadimli (67.) und Mete Nakipoglu (88.) verhinderten die Heimniederlage gegen gut verteidigende G\u00e4ste, die in der Nachspielzeit noch die Gelb-Rote Karte gegen den eingewechselten Uyiosa Osazuwa Edegbe hinnehmen mussten (90.+6).<\/p>\n<p>T\u00fcrkg\u00fcc\u00fc-Trainer Hakan Tekin \u00e4rgerte sich \u00fcber die &#8222;mit Abstand schlechteste erste Halbzeit. Da war kein Zugriff, keine Idee, kein Wille und kein Ehrgeiz. Erst nach personellen und taktischen Umstellungen konnten wir zumindest die Ehre wiederherstellen.&#8220;<\/p>\n<blockquote>\n<h4>T\u00fcrkg\u00fcc\u00fc am Freitagabend in K\u00f6nigstein<\/h4>\n<\/blockquote>\n<p>Sportfreunde-Trainer Lamine Kaiser, der zur neuen Saison eine neue Aufgabe sucht, bedauerte: &#8222;Wir haben das 3:0 verpasst, am Ende hat T\u00fcrkg\u00fcc\u00fc massiv Druck aufgebaut.&#8220; In dieser Woche wollen die &#8222;Speuzer&#8220; hinsichtlich des Neuaufbaus in der Kreisoberliga einen neuen Sportdirektor und den neuen Trainer pr\u00e4sentieren.<\/p>\n<p>In der Gruppenliga geht es kommenden Sonntag gegen den FV Bad Vilbel weiter. T\u00fcrkg\u00fcc\u00fc spielt bereits am Freitagabend in K\u00f6nigstein (20 Uhr).<\/p>\n<blockquote>\n<h4>Schiedsrichter: Ricco Wiegand (SV Hammelbach). Zuschauer: 120.<\/h4>\n<h4>Tore: 0:1 Naveed Zafar (31.), 0:2 Millon Mehari (37.), 1:2 Emre Kadimli (67.), 2:2 Mete Nakipoglu (88.).<\/h4>\n<h6><span style=\"font-size: 20px;\">Nachtr\u00e4glich erhielten wir noch die Bildergalerie von Mithat G\u00fcrser!\u00a0<\/span><\/h6>\n<\/blockquote>\n\n\n<figure class=\"wp-block-image size-full\"><img loading=\"lazy\" decoding=\"async\" width=\"886\" height=\"655\" src=\"https:\/\/insideamateurfussball-ffm.de\/wp-content\/uploads\/2025\/04\/tguecue-speu2.jpg\" alt=\"\" class=\"wp-image-25210\" srcset=\"https:\/\/insideamateurfussball-ffm.de\/wp-content\/uploads\/2025\/04\/tguecue-speu2.jpg 886w, https:\/\/insideamateurfussball-ffm.de\/wp-content\/uploads\/2025\/04\/tguecue-speu2-300x222.jpg 300w, https:\/\/insideamateurfussball-ffm.de\/wp-content\/uploads\/2025\/04\/tguecue-speu2-768x568.jpg 768w\" sizes=\"auto, (max-width: 886px) 100vw, 886px\" \/><\/figure>\n\n\n\n<figure class=\"wp-block-image size-full\"><img loading=\"lazy\" decoding=\"async\" width=\"886\" height=\"678\" src=\"https:\/\/insideamateurfussball-ffm.de\/wp-content\/uploads\/2025\/04\/tguecue-speu8.jpg\" alt=\"\" class=\"wp-image-25211\" srcset=\"https:\/\/insideamateurfussball-ffm.de\/wp-content\/uploads\/2025\/04\/tguecue-speu8.jpg 886w, https:\/\/insideamateurfussball-ffm.de\/wp-content\/uploads\/2025\/04\/tguecue-speu8-300x230.jpg 300w, https:\/\/insideamateurfussball-ffm.de\/wp-content\/uploads\/2025\/04\/tguecue-speu8-768x588.jpg 768w\" sizes=\"auto, (max-width: 886px) 100vw, 886px\" \/><\/figure>\n\n\n\n<figure class=\"wp-block-image size-full\"><img loading=\"lazy\" decoding=\"async\" width=\"886\" height=\"690\" src=\"https:\/\/insideamateurfussball-ffm.de\/wp-content\/uploads\/2025\/04\/tguecue-speu4.jpg\" alt=\"\" class=\"wp-image-25212\" srcset=\"https:\/\/insideamateurfussball-ffm.de\/wp-content\/uploads\/2025\/04\/tguecue-speu4.jpg 886w, https:\/\/insideamateurfussball-ffm.de\/wp-content\/uploads\/2025\/04\/tguecue-speu4-300x234.jpg 300w, https:\/\/insideamateurfussball-ffm.de\/wp-content\/uploads\/2025\/04\/tguecue-speu4-768x598.jpg 768w\" sizes=\"auto, (max-width: 886px) 100vw, 886px\" \/><\/figure>\n\n\n\n<figure class=\"wp-block-image size-full\"><img loading=\"lazy\" decoding=\"async\" width=\"896\" height=\"670\" src=\"https:\/\/insideamateurfussball-ffm.de\/wp-content\/uploads\/2025\/04\/tguecue-speu10.jpg\" alt=\"\" class=\"wp-image-25213\" srcset=\"https:\/\/insideamateurfussball-ffm.de\/wp-content\/uploads\/2025\/04\/tguecue-speu10.jpg 896w, https:\/\/insideamateurfussball-ffm.de\/wp-content\/uploads\/2025\/04\/tguecue-speu10-300x224.jpg 300w, https:\/\/insideamateurfussball-ffm.de\/wp-content\/uploads\/2025\/04\/tguecue-speu10-768x574.jpg 768w\" sizes=\"auto, (max-width: 896px) 100vw, 896px\" \/><\/figure>\n\n\n\n<figure class=\"wp-block-image size-full\"><img loading=\"lazy\" decoding=\"async\" width=\"858\" height=\"611\" src=\"https:\/\/insideamateurfussball-ffm.de\/wp-content\/uploads\/2025\/04\/tguecue-speu7.jpg\" alt=\"\" class=\"wp-image-25214\" srcset=\"https:\/\/insideamateurfussball-ffm.de\/wp-content\/uploads\/2025\/04\/tguecue-speu7.jpg 858w, https:\/\/insideamateurfussball-ffm.de\/wp-content\/uploads\/2025\/04\/tguecue-speu7-300x214.jpg 300w, https:\/\/insideamateurfussball-ffm.de\/wp-content\/uploads\/2025\/04\/tguecue-speu7-768x547.jpg 768w\" sizes=\"auto, (max-width: 858px) 100vw, 858px\" \/><\/figure>\n\n\n\n<figure class=\"wp-block-image size-full\"><img loading=\"lazy\" decoding=\"async\" width=\"886\" height=\"659\" src=\"https:\/\/insideamateurfussball-ffm.de\/wp-content\/uploads\/2025\/04\/tguecue-speu3.jpg\" alt=\"\" class=\"wp-image-25215\" srcset=\"https:\/\/insideamateurfussball-ffm.de\/wp-content\/uploads\/2025\/04\/tguecue-speu3.jpg 886w, https:\/\/insideamateurfussball-ffm.de\/wp-content\/uploads\/2025\/04\/tguecue-speu3-300x223.jpg 300w, https:\/\/insideamateurfussball-ffm.de\/wp-content\/uploads\/2025\/04\/tguecue-speu3-768x571.jpg 768w\" sizes=\"auto, (max-width: 886px) 100vw, 886px\" \/><\/figure>\n\n\n\n<figure class=\"wp-block-image size-full\"><img loading=\"lazy\" decoding=\"async\" width=\"886\" height=\"656\" src=\"https:\/\/insideamateurfussball-ffm.de\/wp-content\/uploads\/2025\/04\/tguecue-speu9.jpg\" alt=\"\" class=\"wp-image-25216\" srcset=\"https:\/\/insideamateurfussball-ffm.de\/wp-content\/uploads\/2025\/04\/tguecue-speu9.jpg 886w, https:\/\/insideamateurfussball-ffm.de\/wp-content\/uploads\/2025\/04\/tguecue-speu9-300x222.jpg 300w, https:\/\/insideamateurfussball-ffm.de\/wp-content\/uploads\/2025\/04\/tguecue-speu9-768x569.jpg 768w\" sizes=\"auto, (max-width: 886px) 100vw, 886px\" \/><\/figure>\n\n\n\n<figure class=\"wp-block-image size-full\"><img loading=\"lazy\" decoding=\"async\" width=\"886\" height=\"637\" src=\"https:\/\/insideamateurfussball-ffm.de\/wp-content\/uploads\/2025\/04\/tguecue-speu5.jpg\" alt=\"\" class=\"wp-image-25217\" srcset=\"https:\/\/insideamateurfussball-ffm.de\/wp-content\/uploads\/2025\/04\/tguecue-speu5.jpg 886w, https:\/\/insideamateurfussball-ffm.de\/wp-content\/uploads\/2025\/04\/tguecue-speu5-300x216.jpg 300w, https:\/\/insideamateurfussball-ffm.de\/wp-content\/uploads\/2025\/04\/tguecue-speu5-768x552.jpg 768w\" sizes=\"auto, (max-width: 886px) 100vw, 886px\" \/><\/figure>\n\n\n\n<figure class=\"wp-block-image size-large\"><img loading=\"lazy\" decoding=\"async\" width=\"1024\" height=\"746\" src=\"https:\/\/insideamateurfussball-ffm.de\/wp-content\/uploads\/2025\/04\/tguecue-speu1-1024x746.jpg\" alt=\"\" class=\"wp-image-25218\" srcset=\"https:\/\/insideamateurfussball-ffm.de\/wp-content\/uploads\/2025\/04\/tguecue-speu1-1024x746.jpg 1024w, https:\/\/insideamateurfussball-ffm.de\/wp-content\/uploads\/2025\/04\/tguecue-speu1-300x219.jpg 300w, https:\/\/insideamateurfussball-ffm.de\/wp-content\/uploads\/2025\/04\/tguecue-speu1-768x559.jpg 768w, https:\/\/insideamateurfussball-ffm.de\/wp-content\/uploads\/2025\/04\/tguecue-speu1.jpg 1027w\" sizes=\"auto, (max-width: 1024px) 100vw, 1024px\" \/><\/figure>\n","protected":false},"excerpt":{"rendered":"<p>Aufsteiger T\u00fcrkg\u00fcc\u00fc Frankfurt kam gegen Schlusslicht FFV Sportfreunde nicht \u00fcber ein 2:2 hinaus, die &#8222;Speuzer&#8220; sind mit dem sechsten Punkt der Saison damit noch nicht hundertprozentig abgestiegen. TSKV T\u00fcrkg\u00fcc\u00fc Frankfurt &#8211; FFV Sportfreunde 2:2 (0:2) Beinahe w\u00e4re den &#8222;Speuzern&#8220; im Nachbarschaftsduell sogar der erste Saisonsieg gelungen, denn Naveed Zafar (31.) und Millon Mehari (37.) schossen [&hellip;]<\/p>\n","protected":false},"author":1,"featured_media":25208,"comment_status":"closed","ping_status":"closed","sticky":true,"template":"","format":"standard","meta":{"footnotes":""},"categories":[13],"tags":[],"class_list":["post-25123","post","type-post","status-publish","format-standard","has-post-thumbnail","hentry","category-gruppenliga-frankfurt-west"],"_links":{"self":[{"href":"https:\/\/insideamateurfussball-ffm.de\/index.php?rest_route=\/wp\/v2\/posts\/25123","targetHints":{"allow":["GET"]}}],"collection":[{"href":"https:\/\/insideamateurfussball-ffm.de\/index.php?rest_route=\/wp\/v2\/posts"}],"about":[{"href":"https:\/\/insideamateurfussball-ffm.de\/index.php?rest_route=\/wp\/v2\/types\/post"}],"author":[{"embeddable":true,"href":"https:\/\/insideamateurfussball-ffm.de\/index.php?rest_route=\/wp\/v2\/users\/1"}],"replies":[{"embeddable":true,"href":"https:\/\/insideamateurfussball-ffm.de\/index.php?rest_route=%2Fwp%2Fv2%2Fcomments&post=25123"}],"version-history":[{"count":3,"href":"https:\/\/insideamateurfussball-ffm.de\/index.php?rest_route=\/wp\/v2\/posts\/25123\/revisions"}],"predecessor-version":[{"id":25220,"href":"https:\/\/insideamateurfussball-ffm.de\/index.php?rest_route=\/wp\/v2\/posts\/25123\/revisions\/25220"}],"wp:featuredmedia":[{"embeddable":true,"href":"https:\/\/insideamateurfussball-ffm.de\/index.php?rest_route=\/wp\/v2\/media\/25208"}],"wp:attachment":[{"href":"https:\/\/insideamateurfussball-ffm.de\/index.php?rest_route=%2Fwp%2Fv2%2Fmedia&parent=25123"}],"wp:term":[{"taxonomy":"category","embeddable":true,"href":"https:\/\/insideamateurfussball-ffm.de\/index.php?rest_route=%2Fwp%2Fv2%2Fcategories&post=25123"},{"taxonomy":"post_tag","embeddable":true,"href":"https:\/\/insideamateurfussball-ffm.de\/index.php?rest_route=%2Fwp%2Fv2%2Ftags&post=25123"}],"curies":[{"name":"wp","href":"https:\/\/api.w.org\/{rel}","templated":true}]}}