{"id":25095,"date":"2025-04-28T17:07:16","date_gmt":"2025-04-28T16:07:16","guid":{"rendered":"https:\/\/insideamateurfussball-ffm.de\/?p=25095"},"modified":"2025-04-28T17:07:16","modified_gmt":"2025-04-28T16:07:16","slug":"zeilsheim-zurueck-an-der-spitze","status":"publish","type":"post","link":"https:\/\/insideamateurfussball-ffm.de\/?p=25095","title":{"rendered":"Zeilsheim zur\u00fcck an der Spitze"},"content":{"rendered":"<h4>Durch den 3:0-Heimsieg gegen den FC Cleeberg verdr\u00e4ngte der SV Zeilsheim in der Verbandsliga Mitte den spielfreien FV Biebrich von der Tabellenspitze, hat aber im neuen Tabellenzweiten TuBa Pohlheim noch einen weiteren Konkurrenten im Kampf um den Hessenliga-Aufstieg.<\/h4>\n<figure id=\"attachment_25096\" aria-describedby=\"caption-attachment-25096\" style=\"width: 770px\" class=\"wp-caption alignnone\"><img loading=\"lazy\" decoding=\"async\" class=\"wp-image-25096\" src=\"http:\/\/insideamateurfussball-ffm.de\/wp-content\/uploads\/2025\/04\/26-So-wie-in-dieser-Szener-Niklas-Dillitz-presste-Zeilsheim-gegen-Cleeberg.jpg\" alt=\"\" width=\"770\" height=\"756\" srcset=\"https:\/\/insideamateurfussball-ffm.de\/wp-content\/uploads\/2025\/04\/26-So-wie-in-dieser-Szener-Niklas-Dillitz-presste-Zeilsheim-gegen-Cleeberg.jpg 762w, https:\/\/insideamateurfussball-ffm.de\/wp-content\/uploads\/2025\/04\/26-So-wie-in-dieser-Szener-Niklas-Dillitz-presste-Zeilsheim-gegen-Cleeberg-300x294.jpg 300w\" sizes=\"auto, (max-width: 770px) 100vw, 770px\" \/><figcaption id=\"caption-attachment-25096\" class=\"wp-caption-text\">Nikas Dillitz (rechts) gegen einen Biebricher Gegenspieler. Foto: Peter Strauch.\u00a0<\/figcaption><\/figure>\n<h4>SV Zeilsheim &#8211; FC Cleeberg 3:0 (2:0)<\/h4>\n<p><img loading=\"lazy\" decoding=\"async\" class=\"alignnone size-full wp-image-1153\" src=\"http:\/\/insideamateurfussball-ffm.de\/wp-content\/uploads\/2022\/07\/SVZe.jpg\" alt=\"\" width=\"68\" height=\"80\" \/><img loading=\"lazy\" decoding=\"async\" class=\"alignnone size-full wp-image-21579\" src=\"http:\/\/insideamateurfussball-ffm.de\/wp-content\/uploads\/2024\/10\/cleeberg.png\" alt=\"\" width=\"64\" height=\"80\" \/><\/p>\n<p>Am 29. Spieltag der Verbandsliga Hessen-Mitte spitzte sich der Kampf um Aufstieg und Klassenerhalt weiter zu. An der Tabellenspitze setzte sich der SV Zeilsheim mit einem klaren 3:0-Sieg gegen den abstiegsbedrohten FC Cleeberg wieder auf Platz eins. Dicht dahinter folgt der FV Biebrich, w\u00e4hrend Pohlheim mit einem 2:1-Erfolg beim FC Waldbrunn ebenfalls weiterhin beste Chancen auf die Meisterschaft hat.<\/p>\n<p>Zeilsheim \u00fcbernimmt vor\u00fcbergehend wieder die Tabellenspitze und muss die anstehenden Spiele allesamt gewinnen, um die Chance auf den Aufstieg zu wahren. Am kommenden Sonntag sind die \u201eGr\u00fcnen\u201c, wegen des R\u00fcckzugs des SV Niedernhausen, spielfrei und m\u00fcssen dann zur SG Kinzenbach.<\/p>\n<blockquote>\n<h4>Flie\u00df an den Pfosten, G\u00fcrsoy erh\u00f6ht<\/h4>\n<\/blockquote>\n<p><span style=\"font-size: revert; color: initial;\">Anschlie\u00dfend folgen die Heimspiele gegen Waldbrunn und Dietkirchen. Das Rennen um die Meisterschaft \u00edn der Verbandsliga bleibt spannend. Nach einem an Kapit\u00e4n Samed G\u00fcrsoy verwirkten Foulelfmeter, den Andre Flie\u00df nicht an Cleebergs Torh\u00fcter Kevin Misgaiski zun\u00e4chst nicht im Tor unterbringen konnte, war Flie\u00df im Nachschuss doch noch erfolgreich (18.). <\/span><\/p>\n<p><span style=\"font-size: revert; color: initial;\">Sp\u00e4ter traf Flie\u00df mit einem Freisto\u00df den Pfosten und dann erh\u00f6hte G\u00fcrsoy auf 2:0 (33.). Den Schlusspunkt setzte der neue Japaner Takuto Tanaka, der seit kurzem frischen Wind an die Lenzenbergstra\u00dfe bringt (73.).\u00a0<\/span><\/p>\n<blockquote>\n<h4>Schiedsrichter: Emil Schwarz (SG Bruchk\u00f6bel). Tore: 1:0 Andre Flie\u00df (17.), 2:0 Abdussamed G\u00fcrsoy (33.), 3:0 Takuto Tanaka (73.).<\/h4>\n<\/blockquote>\n","protected":false},"excerpt":{"rendered":"<p>Durch den 3:0-Heimsieg gegen den FC Cleeberg verdr\u00e4ngte der SV Zeilsheim in der Verbandsliga Mitte den spielfreien FV Biebrich von der Tabellenspitze, hat aber im neuen Tabellenzweiten TuBa Pohlheim noch einen weiteren Konkurrenten im Kampf um den Hessenliga-Aufstieg. SV Zeilsheim &#8211; FC Cleeberg 3:0 (2:0) Am 29. Spieltag der Verbandsliga Hessen-Mitte spitzte sich der Kampf [&hellip;]<\/p>\n","protected":false},"author":1,"featured_media":25096,"comment_status":"closed","ping_status":"closed","sticky":true,"template":"","format":"standard","meta":{"footnotes":""},"categories":[32],"tags":[],"class_list":["post-25095","post","type-post","status-publish","format-standard","has-post-thumbnail","hentry","category-verbandsliga-mitte"],"_links":{"self":[{"href":"https:\/\/insideamateurfussball-ffm.de\/index.php?rest_route=\/wp\/v2\/posts\/25095","targetHints":{"allow":["GET"]}}],"collection":[{"href":"https:\/\/insideamateurfussball-ffm.de\/index.php?rest_route=\/wp\/v2\/posts"}],"about":[{"href":"https:\/\/insideamateurfussball-ffm.de\/index.php?rest_route=\/wp\/v2\/types\/post"}],"author":[{"embeddable":true,"href":"https:\/\/insideamateurfussball-ffm.de\/index.php?rest_route=\/wp\/v2\/users\/1"}],"replies":[{"embeddable":true,"href":"https:\/\/insideamateurfussball-ffm.de\/index.php?rest_route=%2Fwp%2Fv2%2Fcomments&post=25095"}],"version-history":[{"count":1,"href":"https:\/\/insideamateurfussball-ffm.de\/index.php?rest_route=\/wp\/v2\/posts\/25095\/revisions"}],"predecessor-version":[{"id":25097,"href":"https:\/\/insideamateurfussball-ffm.de\/index.php?rest_route=\/wp\/v2\/posts\/25095\/revisions\/25097"}],"wp:featuredmedia":[{"embeddable":true,"href":"https:\/\/insideamateurfussball-ffm.de\/index.php?rest_route=\/wp\/v2\/media\/25096"}],"wp:attachment":[{"href":"https:\/\/insideamateurfussball-ffm.de\/index.php?rest_route=%2Fwp%2Fv2%2Fmedia&parent=25095"}],"wp:term":[{"taxonomy":"category","embeddable":true,"href":"https:\/\/insideamateurfussball-ffm.de\/index.php?rest_route=%2Fwp%2Fv2%2Fcategories&post=25095"},{"taxonomy":"post_tag","embeddable":true,"href":"https:\/\/insideamateurfussball-ffm.de\/index.php?rest_route=%2Fwp%2Fv2%2Ftags&post=25095"}],"curies":[{"name":"wp","href":"https:\/\/api.w.org\/{rel}","templated":true}]}}