{"id":25072,"date":"2025-04-18T14:30:22","date_gmt":"2025-04-18T13:30:22","guid":{"rendered":"https:\/\/insideamateurfussball-ffm.de\/?p=25072"},"modified":"2025-04-18T14:47:58","modified_gmt":"2025-04-18T13:47:58","slug":"seckbach-erreicht-pokalfinale","status":"publish","type":"post","link":"https:\/\/insideamateurfussball-ffm.de\/?p=25072","title":{"rendered":"Seckbach erreicht Pokalfinale"},"content":{"rendered":"<h4>In einem kampfbetonten Pokalhalbfinale siegt die FG Seckbach bei der Spvgg. 05 Oberrad mit 1:0. Das fr\u00fche Tor von Benedict Linzenmeier aus der 16.Minute reichte f\u00fcr den Einzug ins Pokalfinale, in dem es nun gegen den FC Kalbach geht.<\/h4>\n<figure id=\"attachment_21806\" aria-describedby=\"caption-attachment-21806\" style=\"width: 945px\" class=\"wp-caption alignnone\"><img loading=\"lazy\" decoding=\"async\" class=\"wp-image-21806 size-full\" src=\"http:\/\/insideamateurfussball-ffm.de\/wp-content\/uploads\/2024\/10\/pok20.jpg\" alt=\"\" width=\"945\" height=\"664\" srcset=\"https:\/\/insideamateurfussball-ffm.de\/wp-content\/uploads\/2024\/10\/pok20.jpg 945w, https:\/\/insideamateurfussball-ffm.de\/wp-content\/uploads\/2024\/10\/pok20-300x211.jpg 300w, https:\/\/insideamateurfussball-ffm.de\/wp-content\/uploads\/2024\/10\/pok20-768x540.jpg 768w\" sizes=\"auto, (max-width: 945px) 100vw, 945px\" \/><figcaption id=\"caption-attachment-21806\" class=\"wp-caption-text\">Nach dem Spiel konnte Seckbach den Einzug ins Finale feiern. Foto: Archiv Mithat G\u00fcrser<\/figcaption><\/figure>\n<h4>Spvgg. 05 Oberrad &#8211; FG Seckbach 0:1 (0:1)<\/h4>\n<p><img loading=\"lazy\" decoding=\"async\" class=\"alignnone size-full wp-image-137\" src=\"http:\/\/insideamateurfussball-ffm.de\/wp-content\/uploads\/2022\/05\/Oberrad05.jpg\" alt=\"\" width=\"79\" height=\"80\" \/><img loading=\"lazy\" decoding=\"async\" class=\"alignnone size-full wp-image-544\" src=\"http:\/\/insideamateurfussball-ffm.de\/wp-content\/uploads\/2022\/06\/Seckbach.jpg\" alt=\"\" width=\"80\" height=\"80\" \/><\/p>\n<p>Der Fr\u00fchling hatte sich verzogen, ergiebige Regeng\u00fcsse und das zeitgleiche Europapokalspiel der Frankfurter Eintracht sorgten daf\u00fcr, dass sich nur 60 Zuschauer in die Grie-So\u00df-Arena in Oberrad zum Pokalhalbfinale zwischen der Spvgg. 05 Oberrad und der FG Seckbach einfanden. Die bei unwirtlichem Wetter anwesenden Unentwegten sahen ein kampfbetontes Spiel zweier Gruppenligisten, die sich nichts schenkten.<\/p>\n<p>Torchancen waren in dem Spiel allerdings Mangelware, sodass ein Tor von Benedict Linzenmeier aus der 16.Minute den 1:0-Sieg der FG Seckbach sicherstellte und ihnen damit den Einzug ins Pokalfinale gegen den FC Kalbach bescherte. Das Endspiel wird voraussichtlich am Mittwoch, den 04.06.2025 stattfinden, wenn Kalbach nicht in die Relegation muss, ein Spielort muss noch gefunden werden.<\/p>\n<p>Seckbachs Spielausschuss-Vorsitzender Jo Nareike sagte nach dem Spiel: \u201ees war im Endeffekt aus meiner Sicht ein hochverdienter Sieg, Oberrad hat im ganzen Spiel zweimal aufs Tor geschossen, wir so 5- oder 6-Mal. Es war ein Pokalfight, aber auch ein faires und anst\u00e4ndiges Spiel, und wir freuen uns auf das Finale und sind stolz auf die Mannschaft. Zu-Null gespielt mit einer \u00fcberragenden Abwehrdisziplin und Einsatzbereitschaft, wie man ein Pokalspiel spielen muss. Wir freuen uns im Finale auf unsere Freunde aus Kalbach, wird bestimmt wieder ein gutes Spiel.\u201c<\/p>\n<p>Oberrads Trainer Gabriel Bernstein war traurig \u00fcber das Ausscheiden: \u201eam Ende des Tages muss man sagen, dass Seckbach gewonnen hat, weil sie einfach das eine Tor mehr gemacht haben. Wir waren gut im Spiel, hatten Chancen, wir h\u00e4tten es auf jeden Fall verdient gehabt, weiterzukommen. Wir haben sehr viel investiert, die Jungs waren gut in den Zweik\u00e4mpfen, es war ein gutes Spiel, zumindest was die Intensit\u00e4t angeht. Wir haben einmal gepennt und das Gegentor kassiert, das hat auf dem Niveau gereicht. Ich w\u00fcnsche Seckbach auf jeden Fall im Finale viel Gl\u00fcck, dass sie das Finale gewinnen.\u201c<\/p>\n<h4>Schiedsrichter: Tom Wagner (TV Freyung). Zuschauer: 60.<\/h4>\n<h4>Tor: 0:1 Benedict Linzenmeier (16.)<\/h4>\n\n\n<p><\/p>\n","protected":false},"excerpt":{"rendered":"<p>In einem kampfbetonten Pokalhalbfinale siegt die FG Seckbach bei der Spvgg. 05 Oberrad mit 1:0. Das fr\u00fche Tor von Benedict Linzenmeier aus der 16.Minute reichte f\u00fcr den Einzug ins Pokalfinale, in dem es nun gegen den FC Kalbach geht. Spvgg. 05 Oberrad &#8211; FG Seckbach 0:1 (0:1) Der Fr\u00fchling hatte sich verzogen, ergiebige Regeng\u00fcsse und [&hellip;]<\/p>\n","protected":false},"author":3,"featured_media":21806,"comment_status":"closed","ping_status":"open","sticky":true,"template":"","format":"standard","meta":{"footnotes":""},"categories":[9],"tags":[],"class_list":["post-25072","post","type-post","status-publish","format-standard","has-post-thumbnail","hentry","category-kreispokal"],"_links":{"self":[{"href":"https:\/\/insideamateurfussball-ffm.de\/index.php?rest_route=\/wp\/v2\/posts\/25072","targetHints":{"allow":["GET"]}}],"collection":[{"href":"https:\/\/insideamateurfussball-ffm.de\/index.php?rest_route=\/wp\/v2\/posts"}],"about":[{"href":"https:\/\/insideamateurfussball-ffm.de\/index.php?rest_route=\/wp\/v2\/types\/post"}],"author":[{"embeddable":true,"href":"https:\/\/insideamateurfussball-ffm.de\/index.php?rest_route=\/wp\/v2\/users\/3"}],"replies":[{"embeddable":true,"href":"https:\/\/insideamateurfussball-ffm.de\/index.php?rest_route=%2Fwp%2Fv2%2Fcomments&post=25072"}],"version-history":[{"count":4,"href":"https:\/\/insideamateurfussball-ffm.de\/index.php?rest_route=\/wp\/v2\/posts\/25072\/revisions"}],"predecessor-version":[{"id":25076,"href":"https:\/\/insideamateurfussball-ffm.de\/index.php?rest_route=\/wp\/v2\/posts\/25072\/revisions\/25076"}],"wp:featuredmedia":[{"embeddable":true,"href":"https:\/\/insideamateurfussball-ffm.de\/index.php?rest_route=\/wp\/v2\/media\/21806"}],"wp:attachment":[{"href":"https:\/\/insideamateurfussball-ffm.de\/index.php?rest_route=%2Fwp%2Fv2%2Fmedia&parent=25072"}],"wp:term":[{"taxonomy":"category","embeddable":true,"href":"https:\/\/insideamateurfussball-ffm.de\/index.php?rest_route=%2Fwp%2Fv2%2Fcategories&post=25072"},{"taxonomy":"post_tag","embeddable":true,"href":"https:\/\/insideamateurfussball-ffm.de\/index.php?rest_route=%2Fwp%2Fv2%2Ftags&post=25072"}],"curies":[{"name":"wp","href":"https:\/\/api.w.org\/{rel}","templated":true}]}}