{"id":25068,"date":"2025-04-18T14:54:46","date_gmt":"2025-04-18T13:54:46","guid":{"rendered":"https:\/\/insideamateurfussball-ffm.de\/?p=25068"},"modified":"2025-04-18T14:56:46","modified_gmt":"2025-04-18T13:56:46","slug":"ausblick-auf-die-relegationsspiele-2","status":"publish","type":"post","link":"https:\/\/insideamateurfussball-ffm.de\/?p=25068","title":{"rendered":"Ausblick auf die Relegationsspiele"},"content":{"rendered":"<h4>Noch \u00fcber einen Monat l\u00e4uft die Saison in den einzelnen Ligen, Zeit, schon einmal einen Blick auf die Relegationsspiele zu werfen, die auf Verbandsebene bereits ausgelost und terminiert sind.<\/h4>\n<figure id=\"attachment_9452\" aria-describedby=\"caption-attachment-9452\" style=\"width: 1071px\" class=\"wp-caption alignnone\"><img loading=\"lazy\" decoding=\"async\" class=\"wp-image-9452 size-full\" src=\"http:\/\/insideamateurfussball-ffm.de\/wp-content\/uploads\/2023\/06\/rele3.jpg\" alt=\"\" width=\"1071\" height=\"749\" srcset=\"https:\/\/insideamateurfussball-ffm.de\/wp-content\/uploads\/2023\/06\/rele3.jpg 1071w, https:\/\/insideamateurfussball-ffm.de\/wp-content\/uploads\/2023\/06\/rele3-300x210.jpg 300w, https:\/\/insideamateurfussball-ffm.de\/wp-content\/uploads\/2023\/06\/rele3-1024x716.jpg 1024w, https:\/\/insideamateurfussball-ffm.de\/wp-content\/uploads\/2023\/06\/rele3-768x537.jpg 768w\" sizes=\"auto, (max-width: 1071px) 100vw, 1071px\" \/><figcaption id=\"caption-attachment-9452\" class=\"wp-caption-text\">Wer steigt auf, wer muss absteigen, ein Blick auf die Relegation in den Ligen.<\/figcaption><\/figure>\n<p><span style=\"text-decoration: underline;\"><strong>Relegation LOTTO Hessenliga <\/strong><\/span>(Quelle HFV)<\/p>\n<table class=\"contenttable\" style=\"width: 100%; height: 217px;\">\n<tbody>\n<tr style=\"height: 23px;\">\n<td style=\"height: 23px; width: 33.6186%;\"><b>Qualifikation Gr.A<\/b><\/td>\n<td style=\"height: 23px; width: 31.5403%;\"><\/td>\n<td style=\"height: 23px; width: 2.44499%;\"><\/td>\n<td style=\"height: 23px; width: 31.2958%;\"><\/td>\n<\/tr>\n<tr style=\"height: 10px;\">\n<td style=\"height: 10px; width: 33.6186%;\">Di. 03.06.25 19:00<\/td>\n<td style=\"height: 10px; width: 31.5403%;\">VL Nord<\/td>\n<td style=\"height: 10px; width: 2.44499%;\"><b>&#8211;<\/b><\/td>\n<td style=\"height: 10px; width: 31.2958%;\">Hessenliga<\/td>\n<\/tr>\n<tr style=\"height: 23px;\">\n<td style=\"height: 23px; width: 33.6186%;\">Fr. 06.06.25 19:00<\/td>\n<td style=\"height: 23px; width: 31.5403%;\">Hessenliga<\/td>\n<td style=\"height: 23px; width: 2.44499%;\"><b>&#8211;<\/b><\/td>\n<td style=\"height: 23px; width: 31.2958%;\">VL Nord<\/td>\n<\/tr>\n<tr style=\"height: 23px;\">\n<td style=\"height: 23px; width: 33.6186%;\"><b>Qualifikation Gr.B<\/b><\/td>\n<td style=\"height: 23px; width: 31.5403%;\"><\/td>\n<td style=\"height: 23px; width: 2.44499%;\"><\/td>\n<td style=\"height: 23px; width: 31.2958%;\"><\/td>\n<\/tr>\n<tr style=\"height: 23px;\">\n<td style=\"height: 23px; width: 33.6186%;\">Di. 03.06.25 19:00<\/td>\n<td style=\"height: 23px; width: 31.5403%;\">VL S\u00fcd<\/td>\n<td style=\"height: 23px; width: 2.44499%;\"><b>&#8211;<\/b><\/td>\n<td style=\"height: 23px; width: 31.2958%;\">VL Mitte<\/td>\n<\/tr>\n<tr style=\"height: 23px;\">\n<td style=\"height: 23px; width: 33.6186%;\">Fr. 06.06.25 19:00<\/td>\n<td style=\"height: 23px; width: 31.5403%;\">VL Mitte<\/td>\n<td style=\"height: 23px; width: 2.44499%;\"><b>&#8211;<\/b><\/td>\n<td style=\"height: 23px; width: 31.2958%;\">VL S\u00fcd<\/td>\n<\/tr>\n<tr style=\"height: 23px;\">\n<td style=\"height: 23px; width: 33.6186%;\"><\/td>\n<td style=\"height: 23px; width: 31.5403%;\"><\/td>\n<td style=\"height: 23px; width: 2.44499%;\"><\/td>\n<td style=\"height: 23px; width: 31.2958%;\"><\/td>\n<\/tr>\n<tr style=\"height: 23px;\">\n<td style=\"height: 23px; width: 33.6186%;\"><b>Verbleib\/Aufstieg<\/b><\/td>\n<td style=\"height: 23px; width: 31.5403%;\"><b>neutraler Ort<br \/>\n<\/b><\/td>\n<td style=\"height: 23px; width: 2.44499%;\"><b>\u00a0<\/b><\/td>\n<td style=\"height: 23px; width: 31.2958%;\"><b>\u00a0<\/b><\/td>\n<\/tr>\n<tr style=\"height: 23px;\">\n<td style=\"height: 23px; width: 33.6186%;\">Mo. 09.06.25 15:00<\/td>\n<td style=\"height: 23px; width: 31.5403%;\">Sieger Quali Gr.A<\/td>\n<td style=\"height: 23px; width: 2.44499%;\">&#8211;<\/td>\n<td style=\"height: 23px; width: 31.2958%;\">Sieger Quali Gr.B<\/td>\n<\/tr>\n<\/tbody>\n<\/table>\n<p>Bei den Relegationsspielen zur Hessenliga ist keine Mannschaft aus dem Frankfurter Kreis vertreten.<\/p>\n<p><span style=\"text-decoration: underline;\"><strong>Relegation Verbandsliga S\u00fcd<\/strong> <\/span>(Quelle: HFV)<\/p>\n<table class=\"contenttable\" style=\"width: 100%; height: 230px;\">\n<tbody>\n<tr style=\"height: 23px;\">\n<td style=\"height: 23px;\"><b>Qualifikation Gr.A<\/b><\/td>\n<td style=\"height: 23px;\"><\/td>\n<td style=\"height: 23px;\"><\/td>\n<td style=\"height: 23px;\"><\/td>\n<td style=\"height: 23px;\"><\/td>\n<\/tr>\n<tr style=\"height: 23px;\">\n<td style=\"height: 23px;\" rowspan=\"1\">Mi. 04.06.25 19:00<\/td>\n<td style=\"height: 23px;\" rowspan=\"1\">GL Darmstadt<\/td>\n<td style=\"height: 23px;\" rowspan=\"1\"><b>&#8211;<\/b><\/td>\n<td style=\"height: 23px;\" rowspan=\"1\">VL S\u00fcd<\/td>\n<td style=\"height: 23px;\"><\/td>\n<\/tr>\n<tr style=\"height: 23px;\">\n<td style=\"height: 23px;\" rowspan=\"1\">Sa. 07.06.25 16:00<\/td>\n<td style=\"height: 23px;\" rowspan=\"1\">VL S\u00fcd<\/td>\n<td style=\"height: 23px;\" rowspan=\"1\"><b>&#8211;<\/b><\/td>\n<td style=\"height: 23px;\" rowspan=\"1\">GL Darmstadt<\/td>\n<td style=\"height: 23px;\"><\/td>\n<\/tr>\n<tr style=\"height: 23px;\">\n<td style=\"height: 23px;\" rowspan=\"1\"><\/td>\n<td style=\"height: 23px;\" rowspan=\"1\"><\/td>\n<td style=\"height: 23px;\" rowspan=\"1\"><\/td>\n<td style=\"height: 23px;\" rowspan=\"1\"><\/td>\n<td style=\"height: 23px;\"><\/td>\n<\/tr>\n<tr style=\"height: 23px;\">\n<td style=\"height: 23px;\" rowspan=\"1\"><b>Qualifikation Gr.B<\/b><\/td>\n<td style=\"height: 23px;\" rowspan=\"1\"><\/td>\n<td style=\"height: 23px;\" rowspan=\"1\"><\/td>\n<td style=\"height: 23px;\" rowspan=\"1\"><\/td>\n<td style=\"height: 23px;\"><\/td>\n<\/tr>\n<tr style=\"height: 23px;\">\n<td style=\"height: 23px;\" rowspan=\"1\">Mi 04.06.25 19:00<\/td>\n<td style=\"height: 23px;\" rowspan=\"1\">GL F-Ost<\/td>\n<td style=\"height: 23px;\" rowspan=\"1\"><b>&#8211;<\/b><\/td>\n<td style=\"height: 23px;\" rowspan=\"1\">GL F-West<\/td>\n<td style=\"height: 23px;\"><\/td>\n<\/tr>\n<tr style=\"height: 23px;\">\n<td style=\"height: 23px;\" rowspan=\"1\">Sa. 07.06.25 16:00<\/td>\n<td style=\"height: 23px;\" rowspan=\"1\">GL F-West<\/td>\n<td style=\"height: 23px;\" rowspan=\"1\"><b>&#8211;<\/b><\/td>\n<td style=\"height: 23px;\" rowspan=\"1\">GL F-Ost<\/td>\n<td style=\"height: 23px;\"><\/td>\n<\/tr>\n<tr style=\"height: 23px;\">\n<td style=\"height: 23px;\" rowspan=\"1\"><\/td>\n<td style=\"height: 23px;\" rowspan=\"1\"><\/td>\n<td style=\"height: 23px;\" rowspan=\"1\"><\/td>\n<td style=\"height: 23px;\" rowspan=\"1\"><\/td>\n<td style=\"height: 23px;\"><\/td>\n<\/tr>\n<tr style=\"height: 23px;\">\n<td style=\"height: 23px;\" rowspan=\"1\"><b>Verbleib\/Aufstieg<\/b><\/td>\n<td style=\"height: 23px;\" rowspan=\"1\"><b>neutraler Ort<br \/>\n<\/b><\/td>\n<td style=\"height: 23px;\" rowspan=\"1\"><b>\u00a0<\/b><\/td>\n<td style=\"height: 23px;\" rowspan=\"1\"><b>\u00a0<\/b><\/td>\n<td style=\"height: 23px;\"><\/td>\n<\/tr>\n<tr style=\"height: 23px;\">\n<td style=\"height: 23px;\" rowspan=\"1\">Mi. 11.06.25 19:00<\/td>\n<td style=\"height: 23px;\" rowspan=\"1\">Sieger Quali Gr.A<\/td>\n<td style=\"height: 23px;\" rowspan=\"1\">&#8211;<\/td>\n<td style=\"height: 23px;\" rowspan=\"1\">Sieger Quali Gr.B<\/td>\n<\/tr>\n<\/tbody>\n<\/table>\n<p>Bei den Relegationsspielen zur Verbandsliga S\u00fcd k\u00f6nnten mehrere Teilnehmer aus dem Frankfurter Raum dabei sein, aus der Verbandsliga S\u00fcd die SG Bornheim, aus der Gruppenliga F-West der FC Kalbach.<\/p>\n<p><span style=\"text-decoration: underline;\"><strong>Relegation Gruppenliga Frankfurt West<\/strong><\/span> (Quelle HFV)<\/p>\n<table class=\"contenttable\" style=\"width: 100%; height: 229px;\">\n<tbody>\n<tr style=\"height: 22px;\">\n<td style=\"height: 22px; width: 37.1429%;\" valign=\"TOP\">Di. 03.06.25, 20:00 Uhr<\/td>\n<td style=\"height: 22px; width: 7.2619%;\">Sp.1<\/td>\n<td style=\"height: 22px; width: 25.7143%;\">KOL Frankfurt<\/td>\n<td style=\"height: 22px; width: 2.14286%;\"><b>&#8211;<\/b><\/td>\n<td style=\"height: 22px; width: 26.4286%;\">KOL Hochtaunus<\/td>\n<\/tr>\n<tr style=\"height: 23px;\">\n<td style=\"height: 23px; width: 37.1429%;\" rowspan=\"1\" valign=\"TOP\"><\/td>\n<td style=\"height: 23px; width: 7.2619%;\" rowspan=\"1\"><\/td>\n<td style=\"height: 23px; width: 25.7143%;\" rowspan=\"1\"><i>Spielort:\u00a0 neutral<\/i><\/td>\n<td style=\"height: 23px; width: 2.14286%;\" rowspan=\"1\"><\/td>\n<td style=\"height: 23px; width: 26.4286%;\" rowspan=\"1\"><\/td>\n<\/tr>\n<tr style=\"height: 23px;\">\n<td style=\"height: 23px; width: 37.1429%;\" valign=\"TOP\">Di. 03.06.25, 20:00 Uhr<\/td>\n<td style=\"height: 23px; width: 7.2619%;\">Sp.2<\/td>\n<td style=\"height: 23px; width: 25.7143%;\">GL F-West<\/td>\n<td style=\"height: 23px; width: 2.14286%;\"><b><\/b><b>&#8211;<\/b><\/td>\n<td style=\"height: 23px; width: 26.4286%;\">KOL Friedberg<\/td>\n<\/tr>\n<tr style=\"height: 23px;\">\n<td style=\"height: 23px; width: 37.1429%;\" rowspan=\"1\" valign=\"TOP\"><\/td>\n<td style=\"height: 23px; width: 7.2619%;\" rowspan=\"1\"><\/td>\n<td style=\"height: 23px; width: 25.7143%;\" rowspan=\"1\"><i>Spielort: neutral<\/i><\/td>\n<td style=\"height: 23px; width: 2.14286%;\" rowspan=\"1\"><\/td>\n<td style=\"height: 23px; width: 26.4286%;\" rowspan=\"1\"><\/td>\n<\/tr>\n<tr style=\"height: 23px;\">\n<td style=\"height: 23px; width: 37.1429%;\" rowspan=\"1\" valign=\"TOP\"><\/td>\n<td style=\"height: 23px; width: 7.2619%;\" rowspan=\"1\"><\/td>\n<td style=\"height: 23px; width: 25.7143%;\" rowspan=\"1\"><\/td>\n<td style=\"height: 23px; width: 2.14286%;\" rowspan=\"1\"><\/td>\n<td style=\"height: 23px; width: 26.4286%;\" rowspan=\"1\"><\/td>\n<\/tr>\n<tr style=\"height: 23px;\">\n<td style=\"height: 23px; width: 37.1429%;\" valign=\"TOP\">Fr. 06.06.25, 20:00 Uhr<\/td>\n<td style=\"height: 23px; width: 7.2619%;\">Sp.3<\/td>\n<td style=\"height: 23px; width: 25.7143%;\">KOL Friedberg<\/td>\n<td style=\"height: 23px; width: 2.14286%;\"><b>&#8211;<\/b><\/td>\n<td style=\"height: 23px; width: 26.4286%;\">KOL Frankfurt<\/td>\n<\/tr>\n<tr style=\"height: 23px;\">\n<td style=\"height: 23px; width: 37.1429%;\" valign=\"TOP\">Fr. 06.06.25, 20:00 Uhr<\/td>\n<td style=\"height: 23px; width: 7.2619%;\">Sp.4<\/td>\n<td style=\"height: 23px; width: 25.7143%;\">GL F-West<\/td>\n<td style=\"height: 23px; width: 2.14286%;\"><b>&#8211;<br \/>\n<\/b><\/td>\n<td style=\"height: 23px; width: 26.4286%;\">KOL Hochtaunus<\/td>\n<\/tr>\n<tr style=\"height: 23px;\">\n<td style=\"height: 23px; width: 37.1429%;\" rowspan=\"1\" valign=\"TOP\"><\/td>\n<td style=\"height: 23px; width: 7.2619%;\" rowspan=\"1\"><\/td>\n<td style=\"height: 23px; width: 25.7143%;\" rowspan=\"1\"><\/td>\n<td style=\"height: 23px; width: 2.14286%;\" rowspan=\"1\"><\/td>\n<td style=\"height: 23px; width: 26.4286%;\" rowspan=\"1\"><\/td>\n<\/tr>\n<tr style=\"height: 23px;\">\n<td style=\"height: 23px; width: 37.1429%;\" valign=\"TOP\">Mo. 09.06.25, 15:00 Uhr<\/td>\n<td style=\"height: 23px; width: 7.2619%;\">Sp.5<\/td>\n<td style=\"height: 23px; width: 25.7143%;\">KOL Hochtaunus<\/td>\n<td style=\"height: 23px; width: 2.14286%;\"><b>&#8211;<\/b><\/td>\n<td style=\"height: 23px; width: 26.4286%;\">KOL Friedberg<\/td>\n<\/tr>\n<tr style=\"height: 23px;\">\n<td style=\"height: 23px; width: 37.1429%;\" valign=\"TOP\">Mo. 09.06.25, 15:00 Uhr<\/td>\n<td style=\"height: 23px; width: 7.2619%;\">Sp.6<\/td>\n<td style=\"height: 23px; width: 25.7143%;\">KOL Frankfurt<\/td>\n<td style=\"height: 23px; width: 2.14286%;\"><b>&#8211;<\/b><\/td>\n<td style=\"height: 23px; width: 26.4286%;\">GL F-West<\/td>\n<\/tr>\n<\/tbody>\n<\/table>\n<p>Bei den Relegationsspielen zur Gruppenliga Frankfurt West sind Teilnehmer aus dem Frankfurter Raum dabei, in der Gruppenliga Frankfurt West steht derzeit kein Frankfurter Vertreter auf dem Relegationsplatz, aus der KOL Frankfurt k\u00e4mpfen derzeit VfL Germania 94 und TuS Makkabi um den Relegationsplatz.<\/p>\n<p><span style=\"text-decoration: underline;\"><strong>Relegation Kreisoberliga Frankfurt <\/strong><\/span>(noch offen)<\/p>\n<ol>\n<li>Spieltag<\/li>\n<li>Spieltag<\/li>\n<li>Spieltag<\/li>\n<\/ol>\n<p><span style=\"text-decoration: underline;\"><strong>Relegation Kreisliga A Frankfurt<\/strong><\/span> (noch offen)<\/p>\n<ol>\n<li>Spieltag<\/li>\n<li>Spieltag<\/li>\n<li>Spieltag<\/li>\n<\/ol>\n<p><span style=\"text-decoration: underline;\"><strong>Relegation Kreisliga B Frankfurt<\/strong><\/span> (noch offen)<\/p>\n<ol>\n<li>Spieltag<\/li>\n<li>Spieltag<\/li>\n<li>Spieltag<\/li>\n<\/ol>\n","protected":false},"excerpt":{"rendered":"<p>Noch \u00fcber einen Monat l\u00e4uft die Saison in den einzelnen Ligen, Zeit, schon einmal einen Blick auf die Relegationsspiele zu werfen, die auf Verbandsebene bereits ausgelost und terminiert sind. Relegation LOTTO Hessenliga (Quelle HFV) Qualifikation Gr.A Di. 03.06.25 19:00 VL Nord &#8211; Hessenliga Fr. 06.06.25 19:00 Hessenliga &#8211; VL Nord Qualifikation Gr.B Di. 03.06.25 19:00 [&hellip;]<\/p>\n","protected":false},"author":3,"featured_media":9452,"comment_status":"closed","ping_status":"open","sticky":true,"template":"","format":"standard","meta":{"footnotes":""},"categories":[36],"tags":[],"class_list":["post-25068","post","type-post","status-publish","format-standard","has-post-thumbnail","hentry","category-relegation"],"_links":{"self":[{"href":"https:\/\/insideamateurfussball-ffm.de\/index.php?rest_route=\/wp\/v2\/posts\/25068","targetHints":{"allow":["GET"]}}],"collection":[{"href":"https:\/\/insideamateurfussball-ffm.de\/index.php?rest_route=\/wp\/v2\/posts"}],"about":[{"href":"https:\/\/insideamateurfussball-ffm.de\/index.php?rest_route=\/wp\/v2\/types\/post"}],"author":[{"embeddable":true,"href":"https:\/\/insideamateurfussball-ffm.de\/index.php?rest_route=\/wp\/v2\/users\/3"}],"replies":[{"embeddable":true,"href":"https:\/\/insideamateurfussball-ffm.de\/index.php?rest_route=%2Fwp%2Fv2%2Fcomments&post=25068"}],"version-history":[{"count":4,"href":"https:\/\/insideamateurfussball-ffm.de\/index.php?rest_route=\/wp\/v2\/posts\/25068\/revisions"}],"predecessor-version":[{"id":25078,"href":"https:\/\/insideamateurfussball-ffm.de\/index.php?rest_route=\/wp\/v2\/posts\/25068\/revisions\/25078"}],"wp:featuredmedia":[{"embeddable":true,"href":"https:\/\/insideamateurfussball-ffm.de\/index.php?rest_route=\/wp\/v2\/media\/9452"}],"wp:attachment":[{"href":"https:\/\/insideamateurfussball-ffm.de\/index.php?rest_route=%2Fwp%2Fv2%2Fmedia&parent=25068"}],"wp:term":[{"taxonomy":"category","embeddable":true,"href":"https:\/\/insideamateurfussball-ffm.de\/index.php?rest_route=%2Fwp%2Fv2%2Fcategories&post=25068"},{"taxonomy":"post_tag","embeddable":true,"href":"https:\/\/insideamateurfussball-ffm.de\/index.php?rest_route=%2Fwp%2Fv2%2Ftags&post=25068"}],"curies":[{"name":"wp","href":"https:\/\/api.w.org\/{rel}","templated":true}]}}