{"id":25055,"date":"2025-04-15T20:57:15","date_gmt":"2025-04-15T19:57:15","guid":{"rendered":"https:\/\/insideamateurfussball-ffm.de\/?p=25055"},"modified":"2025-04-15T20:58:34","modified_gmt":"2025-04-15T19:58:34","slug":"tino-lagator-beim-fc-croatia-entlassen","status":"publish","type":"post","link":"https:\/\/insideamateurfussball-ffm.de\/?p=25055","title":{"rendered":"Tino Lagator beim FC Croatia entlassen"},"content":{"rendered":"<h4>Schlusslicht FC Croatia hat bereits vor dem 0:2 bei Union Niederrad den erst Anfang M\u00e4rz engagierten Trainer Tino Lagator entlassen. Das berichtet das kroatische Internetportal &#8222;Fenix Magazin&#8220;.<\/h4>\n<figure id=\"attachment_25056\" aria-describedby=\"caption-attachment-25056\" style=\"width: 896px\" class=\"wp-caption alignnone\"><img loading=\"lazy\" decoding=\"async\" class=\"wp-image-25056\" src=\"http:\/\/insideamateurfussball-ffm.de\/wp-content\/uploads\/2025\/04\/croa-trainer201-1.jpg\" alt=\"\" width=\"896\" height=\"621\" srcset=\"https:\/\/insideamateurfussball-ffm.de\/wp-content\/uploads\/2025\/04\/croa-trainer201-1.jpg 886w, https:\/\/insideamateurfussball-ffm.de\/wp-content\/uploads\/2025\/04\/croa-trainer201-1-300x208.jpg 300w, https:\/\/insideamateurfussball-ffm.de\/wp-content\/uploads\/2025\/04\/croa-trainer201-1-768x532.jpg 768w\" sizes=\"auto, (max-width: 896px) 100vw, 896px\" \/><figcaption id=\"caption-attachment-25056\" class=\"wp-caption-text\">Nicht mehr Trainer beim FC Croatia: Tino Lagator (links). Foto: Archiv Mithat G\u00fcrser.<\/figcaption><\/figure>\n<p><img loading=\"lazy\" decoding=\"async\" class=\"alignnone size-full wp-image-29\" src=\"http:\/\/insideamateurfussball-ffm.de\/wp-content\/uploads\/2021\/11\/croatia.jpg\" alt=\"\" width=\"63\" height=\"80\" \/><\/p>\n<p>Wie der Sportliche Leiter Stanislav Konta best\u00e4tigt, habe der Vorstand Lagator mitgeteilt, dass er mit sofortiger Wirkung von seinem Amt entbunden sei, da der Verein keine finanziellen Mittel habe, um seine nicht unerheblichen Verg\u00fctungen zu bezahlen, wie &#8222;Fenix Magazin&#8220; berichtet.<\/p>\n<p>Somit endet das Engagement des fr\u00fcheren Torj\u00e4gers von Hessen Dreieich nach nicht mal sechs Wochen mit der \u00fcberschaubaren Bilanz von nur einem Sieg, zwei Remis und zwei Niederlagen nach nur f\u00fcnf Spielen.<\/p>\n<blockquote>\n<h4>Auch Duvnjak und Strljic verlassen das sinkende Schiff<\/h4>\n<\/blockquote>\n<p>Beim Spiel in Niederrad wurde die Erste Mannschaft, die mit sieben Punkten R\u00fcckstand zum rettenden Ufer weiter den letzten Platz in der Kreisoberliga belegt, von Pr\u00e4sident Mile Kelava und dem Sportlichen Leiter Stanislav Konta betreut.<\/p>\n<p>Es war bereits der dritte Trainerwechsel in dieser Saison. Auch erste Spieler verlassen das sinkende Schiff. Stipe Duvnjak zieht seinen Jugendtrainer-Job bei Blau-Gelb vor und Ante Strljic habe erkl\u00e4rt, nicht mehr f\u00fcr den Club auflaufen zu wollen.<\/p>\n","protected":false},"excerpt":{"rendered":"<p>Schlusslicht FC Croatia hat bereits vor dem 0:2 bei Union Niederrad den erst Anfang M\u00e4rz engagierten Trainer Tino Lagator entlassen. Das berichtet das kroatische Internetportal &#8222;Fenix Magazin&#8220;. Wie der Sportliche Leiter Stanislav Konta best\u00e4tigt, habe der Vorstand Lagator mitgeteilt, dass er mit sofortiger Wirkung von seinem Amt entbunden sei, da der Verein keine finanziellen Mittel [&hellip;]<\/p>\n","protected":false},"author":1,"featured_media":25056,"comment_status":"closed","ping_status":"closed","sticky":true,"template":"","format":"standard","meta":{"footnotes":""},"categories":[2],"tags":[],"class_list":["post-25055","post","type-post","status-publish","format-standard","has-post-thumbnail","hentry","category-kreisoberliga-frankfurt"],"_links":{"self":[{"href":"https:\/\/insideamateurfussball-ffm.de\/index.php?rest_route=\/wp\/v2\/posts\/25055","targetHints":{"allow":["GET"]}}],"collection":[{"href":"https:\/\/insideamateurfussball-ffm.de\/index.php?rest_route=\/wp\/v2\/posts"}],"about":[{"href":"https:\/\/insideamateurfussball-ffm.de\/index.php?rest_route=\/wp\/v2\/types\/post"}],"author":[{"embeddable":true,"href":"https:\/\/insideamateurfussball-ffm.de\/index.php?rest_route=\/wp\/v2\/users\/1"}],"replies":[{"embeddable":true,"href":"https:\/\/insideamateurfussball-ffm.de\/index.php?rest_route=%2Fwp%2Fv2%2Fcomments&post=25055"}],"version-history":[{"count":3,"href":"https:\/\/insideamateurfussball-ffm.de\/index.php?rest_route=\/wp\/v2\/posts\/25055\/revisions"}],"predecessor-version":[{"id":25059,"href":"https:\/\/insideamateurfussball-ffm.de\/index.php?rest_route=\/wp\/v2\/posts\/25055\/revisions\/25059"}],"wp:featuredmedia":[{"embeddable":true,"href":"https:\/\/insideamateurfussball-ffm.de\/index.php?rest_route=\/wp\/v2\/media\/25056"}],"wp:attachment":[{"href":"https:\/\/insideamateurfussball-ffm.de\/index.php?rest_route=%2Fwp%2Fv2%2Fmedia&parent=25055"}],"wp:term":[{"taxonomy":"category","embeddable":true,"href":"https:\/\/insideamateurfussball-ffm.de\/index.php?rest_route=%2Fwp%2Fv2%2Fcategories&post=25055"},{"taxonomy":"post_tag","embeddable":true,"href":"https:\/\/insideamateurfussball-ffm.de\/index.php?rest_route=%2Fwp%2Fv2%2Ftags&post=25055"}],"curies":[{"name":"wp","href":"https:\/\/api.w.org\/{rel}","templated":true}]}}