{"id":25046,"date":"2025-04-15T19:50:46","date_gmt":"2025-04-15T18:50:46","guid":{"rendered":"https:\/\/insideamateurfussball-ffm.de\/?p=25046"},"modified":"2025-04-15T19:52:57","modified_gmt":"2025-04-15T18:52:57","slug":"griesheim-tarik-zeigt-trotzreaktion","status":"publish","type":"post","link":"https:\/\/insideamateurfussball-ffm.de\/?p=25046","title":{"rendered":"Griesheim Tarik zeigt Trotzreaktion"},"content":{"rendered":"<h4>Die Mannschaft des SV Griesheim Tarik zeigte nach dem Sportgerichtsurteil und nach dem R\u00fcckfall auf den ersten Abstiegsplatz eine Trotzreaktion. Beim FC Posavina gelang in der Nachspielzeit ein 3:2-Sieg, weswegen man neue Hoffnung sch\u00f6pft und den Kontrahenten nicht davon ziehen lie\u00df. Der R\u00fcckstand zum rettenden Ufer betr\u00e4gt nur noch einen Punkt.<\/h4>\n<figure id=\"attachment_25047\" aria-describedby=\"caption-attachment-25047\" style=\"width: 1006px\" class=\"wp-caption alignnone\"><img loading=\"lazy\" decoding=\"async\" class=\"wp-image-25047\" src=\"http:\/\/insideamateurfussball-ffm.de\/wp-content\/uploads\/2025\/04\/DSC_1216-3.jpg\" alt=\"\" width=\"1006\" height=\"755\" srcset=\"https:\/\/insideamateurfussball-ffm.de\/wp-content\/uploads\/2025\/04\/DSC_1216-3.jpg 997w, https:\/\/insideamateurfussball-ffm.de\/wp-content\/uploads\/2025\/04\/DSC_1216-3-300x225.jpg 300w, https:\/\/insideamateurfussball-ffm.de\/wp-content\/uploads\/2025\/04\/DSC_1216-3-768x576.jpg 768w\" sizes=\"auto, (max-width: 1006px) 100vw, 1006px\" \/><figcaption id=\"caption-attachment-25047\" class=\"wp-caption-text\">Griesheim Tarik zeigte eine Trotzreaktion. Foto: Archiv J\u00f6rg Schulz.<\/figcaption><\/figure>\n<h4>FC Posavina &#8211; SV Griesheim Tarik 2:3 (2:2)<\/h4>\n<p><img loading=\"lazy\" decoding=\"async\" class=\"alignnone size-full wp-image-22\" src=\"http:\/\/insideamateurfussball-ffm.de\/wp-content\/uploads\/2021\/11\/posavina.jpg\" alt=\"\" width=\"63\" height=\"80\" \/><img loading=\"lazy\" decoding=\"async\" class=\"alignnone size-full wp-image-34\" src=\"http:\/\/insideamateurfussball-ffm.de\/wp-content\/uploads\/2021\/11\/Tarik.jpg\" alt=\"\" width=\"80\" height=\"80\" \/><\/p>\n<p>Die Kroaten vom Riederwald h\u00e4tten einen gro\u00dfen Schritt zum Klassenerhalt machen k\u00f6nnen, bleiben aber bei 30 Punkten stehen und m\u00fcssen mit nur noch f\u00fcnf Punkten Vorsprung weiter nach unten schauen. Die fr\u00fche F\u00fchrung durch Aleksandar Ristic (10.) brachte wenig Sicherheit, denn die G\u00e4ste konnten nach drei Spielerwechseln in der Anfangsphase die Oberhand gewinnen und mit Oualid Naimi ausgleichen (26.). Die erneute Posavina-F\u00fchrung durch Filip Tomic (32.) egalisierte erneut Naimi (36.).<\/p>\n<blockquote>\n<h4>Nach Ostern: Preu\u00dfen &#8211; Posavina, Tarik &#8211; Union<\/h4>\n<\/blockquote>\n<p>Im zweiten Abschnitt schw\u00e4chte sich Posavina mit einer Zeitstrafe (ab 57.) und einer Roten Karte (78.), sodass Tarik in \u00dcberzahl mit aller Macht den Siegtreffer durch den Kopfball von Ismail El Fakiri (90.\/+4) erzwang. Zu allen drei G\u00e4stetreffern leistete Can Keser die Vorarbeit.<\/p>\n<p>Die Gastgeber beendeten die Partie im Zuge einer weiteren Hinausstellung via Zeitstrafe (ab 90.\/+5) mit neun Spielern. Weiter geht es nach Ostern f\u00fcr Posavina bei Viktoria Preu\u00dfen. Am selben Tag will Tarik gegen Union Niederrad nachlegen.<\/p>\n<blockquote>\n<h4>Schiedsrichter: Idris Yagci (Mainz). Zuschauer: 80.<\/h4>\n<h4>Tore: 1:0 Aleksandar Ristic (10.), 1:1 Oualid Naimi (26.), 2:1 Filip Tomic (32.), 2:2 Oualid Naimi (36.), 2:3 Ismail El Fakiri (90.\/+4).<\/h4>\n<\/blockquote>\n","protected":false},"excerpt":{"rendered":"<p>Die Mannschaft des SV Griesheim Tarik zeigte nach dem Sportgerichtsurteil und nach dem R\u00fcckfall auf den ersten Abstiegsplatz eine Trotzreaktion. Beim FC Posavina gelang in der Nachspielzeit ein 3:2-Sieg, weswegen man neue Hoffnung sch\u00f6pft und den Kontrahenten nicht davon ziehen lie\u00df. Der R\u00fcckstand zum rettenden Ufer betr\u00e4gt nur noch einen Punkt. FC Posavina &#8211; SV [&hellip;]<\/p>\n","protected":false},"author":1,"featured_media":25047,"comment_status":"closed","ping_status":"closed","sticky":true,"template":"","format":"standard","meta":{"footnotes":""},"categories":[2],"tags":[],"class_list":["post-25046","post","type-post","status-publish","format-standard","has-post-thumbnail","hentry","category-kreisoberliga-frankfurt"],"_links":{"self":[{"href":"https:\/\/insideamateurfussball-ffm.de\/index.php?rest_route=\/wp\/v2\/posts\/25046","targetHints":{"allow":["GET"]}}],"collection":[{"href":"https:\/\/insideamateurfussball-ffm.de\/index.php?rest_route=\/wp\/v2\/posts"}],"about":[{"href":"https:\/\/insideamateurfussball-ffm.de\/index.php?rest_route=\/wp\/v2\/types\/post"}],"author":[{"embeddable":true,"href":"https:\/\/insideamateurfussball-ffm.de\/index.php?rest_route=\/wp\/v2\/users\/1"}],"replies":[{"embeddable":true,"href":"https:\/\/insideamateurfussball-ffm.de\/index.php?rest_route=%2Fwp%2Fv2%2Fcomments&post=25046"}],"version-history":[{"count":3,"href":"https:\/\/insideamateurfussball-ffm.de\/index.php?rest_route=\/wp\/v2\/posts\/25046\/revisions"}],"predecessor-version":[{"id":25050,"href":"https:\/\/insideamateurfussball-ffm.de\/index.php?rest_route=\/wp\/v2\/posts\/25046\/revisions\/25050"}],"wp:featuredmedia":[{"embeddable":true,"href":"https:\/\/insideamateurfussball-ffm.de\/index.php?rest_route=\/wp\/v2\/media\/25047"}],"wp:attachment":[{"href":"https:\/\/insideamateurfussball-ffm.de\/index.php?rest_route=%2Fwp%2Fv2%2Fmedia&parent=25046"}],"wp:term":[{"taxonomy":"category","embeddable":true,"href":"https:\/\/insideamateurfussball-ffm.de\/index.php?rest_route=%2Fwp%2Fv2%2Fcategories&post=25046"},{"taxonomy":"post_tag","embeddable":true,"href":"https:\/\/insideamateurfussball-ffm.de\/index.php?rest_route=%2Fwp%2Fv2%2Ftags&post=25046"}],"curies":[{"name":"wp","href":"https:\/\/api.w.org\/{rel}","templated":true}]}}