{"id":25039,"date":"2025-04-15T18:35:52","date_gmt":"2025-04-15T17:35:52","guid":{"rendered":"https:\/\/insideamateurfussball-ffm.de\/?p=25039"},"modified":"2025-04-15T18:35:52","modified_gmt":"2025-04-15T17:35:52","slug":"harheim-bittet-nach-schwerer-verletzung-um-abbruch","status":"publish","type":"post","link":"https:\/\/insideamateurfussball-ffm.de\/?p=25039","title":{"rendered":"Harheim bittet nach schwerer Verletzung um Abbruch"},"content":{"rendered":"<h4>Unerwartet fr\u00fches Ende der Kreisoberliga-Partie zwischen dem R\u00f6delheimer FC und der SG Harheim. Aufgrund einer schweren Verletzung von G\u00e4stespieler Fabian Molter sahen sich die Harheimer nicht in der Lage, die Partie fortzusetzen. Beim Stande von 0:1 brach der Schiedsrichter in der 18. Minute ab. Die Begegnung wird sehr wahrscheinlich neu angesetzt.<\/h4>\n<figure id=\"attachment_25040\" aria-describedby=\"caption-attachment-25040\" style=\"width: 2048px\" class=\"wp-caption alignnone\"><img loading=\"lazy\" decoding=\"async\" class=\"wp-image-25040 size-full\" src=\"http:\/\/insideamateurfussball-ffm.de\/wp-content\/uploads\/2025\/04\/Harheim4.jpg\" alt=\"\" width=\"2048\" height=\"1536\" srcset=\"https:\/\/insideamateurfussball-ffm.de\/wp-content\/uploads\/2025\/04\/Harheim4.jpg 2048w, https:\/\/insideamateurfussball-ffm.de\/wp-content\/uploads\/2025\/04\/Harheim4-300x225.jpg 300w, https:\/\/insideamateurfussball-ffm.de\/wp-content\/uploads\/2025\/04\/Harheim4-1024x768.jpg 1024w, https:\/\/insideamateurfussball-ffm.de\/wp-content\/uploads\/2025\/04\/Harheim4-768x576.jpg 768w, https:\/\/insideamateurfussball-ffm.de\/wp-content\/uploads\/2025\/04\/Harheim4-1536x1152.jpg 1536w\" sizes=\"auto, (max-width: 2048px) 100vw, 2048px\" \/><figcaption id=\"caption-attachment-25040\" class=\"wp-caption-text\">Die SG Harheim bat nach der schweren Verletzung um Abbruch. Foto: Archiv PA.\u00a0<\/figcaption><\/figure>\n<h4>1. R\u00f6delheimer FC 02 &#8211; SG Harheim 0:1 abgebrochen<\/h4>\n<p><img loading=\"lazy\" decoding=\"async\" class=\"alignnone size-full wp-image-333\" src=\"http:\/\/insideamateurfussball-ffm.de\/wp-content\/uploads\/2022\/05\/Roedelheim.jpg\" alt=\"\" width=\"80\" height=\"73\" \/><img loading=\"lazy\" decoding=\"async\" class=\"alignnone size-full wp-image-284\" src=\"http:\/\/insideamateurfussball-ffm.de\/wp-content\/uploads\/2022\/05\/Harheim.jpg\" alt=\"\" width=\"78\" height=\"80\" \/><\/p>\n<div>Das Spiel RFC &#8211; SG Harheim wurde in der 18. Minute beim Stand von 1:0 f\u00fcr Harheim aufgrund einer schweren Verletzung im Schien- und Wadenbeinbereich des Harheimer Spielers Fabian Molter auf Wunsch der Harheimer abgebrochen.<\/div>\n<div><\/div>\n<div>Der Krankenwagen war schnell zur Stelle und leistete die Erstversorgung. &#8222;Wir w\u00fcnschen Fabian von R\u00f6delheimer Seite alles Gute und eine schnelle Genesung&#8220;, teilte RFC-Sprecher Volker Flauaus mit.<\/div>\n<div><\/div>\n<blockquote>\n<h4>Nach Ostern: Concordia &#8211; R\u00f6delheim, Harheim &#8211; Germania 94<\/h4>\n<\/blockquote>\n<div>Auch wir von Inside Amateurfu\u00dfball Ffm w\u00fcnschen dem Spieler alles Gute beim beginnenden Genesungsprozess. <span style=\"color: initial;\">Bis zum Abbruch f\u00fchrte Harheim durch einen direkt verwandelten Freisto\u00df <\/span><span style=\"color: initial;\">von Ante Paradzik in der 12. Minute, nachdem Nils Victor Balzer gefoult <\/span><span style=\"color: initial;\">wurde. <\/span><\/div>\n<div><\/div>\n<div><span style=\"color: initial;\">Vorher hatte der RFC in der 3. Minute die Riesenchance zur <\/span><span style=\"color: initial;\">F\u00fchrung, doch Adam Zazoua konnte v\u00f6llig frei aus kurzer Distanz den <\/span><span style=\"color: initial;\">Harheimer Torwart Fabian Zscheich nicht \u00fcberwinden. Nach der Osterpause spielen die R\u00f6delheimer bei Concordia Eschersheim, am gleichen Tag erwartet Harheim die Germania 94.\u00a0<\/span><\/div>\n<div><\/div>\n<blockquote>\n<h4>Schiedsrichter: Niklas Gro\u00df (SC Opel R\u00fcsselsheim). Zuschauer: 40.<\/h4>\n<h4>Tor: 0:1 Ante Paradzik (12.).<\/h4>\n<\/blockquote>\n","protected":false},"excerpt":{"rendered":"<p>Unerwartet fr\u00fches Ende der Kreisoberliga-Partie zwischen dem R\u00f6delheimer FC und der SG Harheim. Aufgrund einer schweren Verletzung von G\u00e4stespieler Fabian Molter sahen sich die Harheimer nicht in der Lage, die Partie fortzusetzen. Beim Stande von 0:1 brach der Schiedsrichter in der 18. Minute ab. Die Begegnung wird sehr wahrscheinlich neu angesetzt. 1. R\u00f6delheimer FC 02 [&hellip;]<\/p>\n","protected":false},"author":1,"featured_media":25040,"comment_status":"closed","ping_status":"closed","sticky":true,"template":"","format":"standard","meta":{"footnotes":""},"categories":[2],"tags":[],"class_list":["post-25039","post","type-post","status-publish","format-standard","has-post-thumbnail","hentry","category-kreisoberliga-frankfurt"],"_links":{"self":[{"href":"https:\/\/insideamateurfussball-ffm.de\/index.php?rest_route=\/wp\/v2\/posts\/25039","targetHints":{"allow":["GET"]}}],"collection":[{"href":"https:\/\/insideamateurfussball-ffm.de\/index.php?rest_route=\/wp\/v2\/posts"}],"about":[{"href":"https:\/\/insideamateurfussball-ffm.de\/index.php?rest_route=\/wp\/v2\/types\/post"}],"author":[{"embeddable":true,"href":"https:\/\/insideamateurfussball-ffm.de\/index.php?rest_route=\/wp\/v2\/users\/1"}],"replies":[{"embeddable":true,"href":"https:\/\/insideamateurfussball-ffm.de\/index.php?rest_route=%2Fwp%2Fv2%2Fcomments&post=25039"}],"version-history":[{"count":1,"href":"https:\/\/insideamateurfussball-ffm.de\/index.php?rest_route=\/wp\/v2\/posts\/25039\/revisions"}],"predecessor-version":[{"id":25041,"href":"https:\/\/insideamateurfussball-ffm.de\/index.php?rest_route=\/wp\/v2\/posts\/25039\/revisions\/25041"}],"wp:featuredmedia":[{"embeddable":true,"href":"https:\/\/insideamateurfussball-ffm.de\/index.php?rest_route=\/wp\/v2\/media\/25040"}],"wp:attachment":[{"href":"https:\/\/insideamateurfussball-ffm.de\/index.php?rest_route=%2Fwp%2Fv2%2Fmedia&parent=25039"}],"wp:term":[{"taxonomy":"category","embeddable":true,"href":"https:\/\/insideamateurfussball-ffm.de\/index.php?rest_route=%2Fwp%2Fv2%2Fcategories&post=25039"},{"taxonomy":"post_tag","embeddable":true,"href":"https:\/\/insideamateurfussball-ffm.de\/index.php?rest_route=%2Fwp%2Fv2%2Ftags&post=25039"}],"curies":[{"name":"wp","href":"https:\/\/api.w.org\/{rel}","templated":true}]}}