{"id":25027,"date":"2025-04-15T15:39:30","date_gmt":"2025-04-15T14:39:30","guid":{"rendered":"https:\/\/insideamateurfussball-ffm.de\/?p=25027"},"modified":"2025-04-15T17:09:51","modified_gmt":"2025-04-15T16:09:51","slug":"griesheim-02-legt-in-enkheim-frueh-vor","status":"publish","type":"post","link":"https:\/\/insideamateurfussball-ffm.de\/?p=25027","title":{"rendered":"Griesheim 02 legt in Enkheim fr\u00fch vor"},"content":{"rendered":"<h4>F\u00fcr die Spvgg. 02 Griesheim hat sich die Reise von West nach Ost durch die Stadt in Form von drei Ausw\u00e4rtspunkten gelohnt. Beim FC Germania Enkheim siegten die &#8222;Schleifer&#8220; mit 3:1 und wahrten die theoretische Chance, doch noch die Relegation zur Gruppenliga Frankfurt West zu erreichen.<\/h4>\n<figure id=\"attachment_25028\" aria-describedby=\"caption-attachment-25028\" style=\"width: 1006px\" class=\"wp-caption alignnone\"><img loading=\"lazy\" decoding=\"async\" class=\"wp-image-25028\" src=\"http:\/\/insideamateurfussball-ffm.de\/wp-content\/uploads\/2025\/04\/DSC_1219-2.jpg\" alt=\"\" width=\"1006\" height=\"755\" srcset=\"https:\/\/insideamateurfussball-ffm.de\/wp-content\/uploads\/2025\/04\/DSC_1219-2.jpg 997w, https:\/\/insideamateurfussball-ffm.de\/wp-content\/uploads\/2025\/04\/DSC_1219-2-300x225.jpg 300w, https:\/\/insideamateurfussball-ffm.de\/wp-content\/uploads\/2025\/04\/DSC_1219-2-768x576.jpg 768w\" sizes=\"auto, (max-width: 1006px) 100vw, 1006px\" \/><figcaption id=\"caption-attachment-25028\" class=\"wp-caption-text\">Die Griesheimer &#8222;Schleifer&#8220; im Kreis. Foto: Archiv J\u00f6rg Schulz.<\/figcaption><\/figure>\n<h4>FC Germania Enkheim &#8211; Spvgg. 02 Griesheim 1:3 (1:3)<\/h4>\n<p><img loading=\"lazy\" decoding=\"async\" class=\"alignnone size-full wp-image-1537\" src=\"http:\/\/insideamateurfussball-ffm.de\/wp-content\/uploads\/2022\/07\/Enkheim.jpg\" alt=\"\" width=\"63\" height=\"80\" \/><img loading=\"lazy\" decoding=\"async\" class=\"alignnone size-full wp-image-14\" src=\"http:\/\/insideamateurfussball-ffm.de\/wp-content\/uploads\/2021\/11\/SpVgg._02_Griesheim_02.jpg\" alt=\"\" width=\"100\" height=\"100\" \/><\/p>\n<p>Bei f\u00fcnf Punkten R\u00fcckstand auf den diesmal spielfreien VfL Germania 94 und noch ausstehenden direkten Spielen gegen die Germania und den Dritten Makkabi erscheint Rang zwei noch in Reichweite. Das Bestreben, in dieser Spielzeit noch etwas erreichen zu wollen, manifestierte Griesheim im Riedstadion durch zwei schnelle Tore durch Jeffry Nimako (9.) und Nabil Bosehmad (17.).<\/p>\n<p>Den Enkheimer Anschluss mit Christian L\u00f6rkes Freisto\u00df (37.) konterte Griesheims Fl\u00fcgelspieler Denis Memedi in der Extra-Time des ersten Abschnitts mit dem dritten Treffer (45.\/+4). Nach dem Seitenwechsel gab es auf dem Kunstrasenplatz keine nennenswerten Ereignisse mehr zu notieren oder zu tickern, die G\u00e4ste verpassten einen durchaus m\u00f6glich gewesenen h\u00f6heren Sieg.<\/p>\n<blockquote>\n<h4>&#8222;Unser Torwart Max Emil Flamme hat mehrere super Paraden gezeigt und uns so lange im Spiel gehalten.&#8220; (Enkheims Trainer Steffen Wittig)<\/h4>\n<\/blockquote>\n<p>Den Gastgebern, denen die Niederlage angesichts der gesicherten Tabellenlage nicht sonderlich schadet, bedauerten in Person von Trainer Steffen Wittig: &#8222;Wir waren zun\u00e4chst eigentlich gut im Spiel, haben jedoch zwei einfache Gegentore bekommen. Nach dem 0:2-R\u00fcckstand hatten wir zwei bis drei hundertprozentige Chancen, die wir leider nicht rein machen konnten. In der zweiten Halbzeit hatte Griesheim viele gro\u00dfe Chancen um das Ergebnis hochzuschrauben. Unser Torwart Max Emil Flamme hat mehrere super Paraden gezeigt und uns so lange im Spiel gehalten. Der Sieg f\u00fcr Griesheim geht insgesamt in Ordnung.&#8220;<\/p>\n<p>Griesheims Trainer Dominic Machado befand: &#8222;Am Ende auch ein verdienter Sieg, da wir fr\u00fch die Tore gemacht haben. Nach dem 2:0 wurde Enkheim st\u00e4rker, aber unser Torwart Niko Bazina hat sehr gut pariert. Nach der Pause haben nur noch wir gespielt, waren n\u00e4her am 4:1. Hervorheben muss man die Leistung beider Torh\u00fcter.&#8220; Die Griesheimer erwarten nach der Osterpause den SV 07 Heddernheim (15 Uhr). Enkheim gastiert um 17 Uhr beim designierten Aufsteiger FC Kosova.<\/p>\n<blockquote>\n<h4>Schiedsrichter: Bernd B\u00fcttner (Gelnhausen). Zuschauer: 30.<\/h4>\n<h4>Tore: 0:1 Jeffry Nimako (9.), 0:2 Nabil Bosehmad (17.), 1:2 Christian L\u00f6rke (37.), 1:3 Denis Memedi (45.\/+4).<\/h4>\n<\/blockquote>\n","protected":false},"excerpt":{"rendered":"<p>F\u00fcr die Spvgg. 02 Griesheim hat sich die Reise von West nach Ost durch die Stadt in Form von drei Ausw\u00e4rtspunkten gelohnt. Beim FC Germania Enkheim siegten die &#8222;Schleifer&#8220; mit 3:1 und wahrten die theoretische Chance, doch noch die Relegation zur Gruppenliga Frankfurt West zu erreichen. FC Germania Enkheim &#8211; Spvgg. 02 Griesheim 1:3 (1:3) [&hellip;]<\/p>\n","protected":false},"author":1,"featured_media":25028,"comment_status":"closed","ping_status":"closed","sticky":true,"template":"","format":"standard","meta":{"footnotes":""},"categories":[2],"tags":[],"class_list":["post-25027","post","type-post","status-publish","format-standard","has-post-thumbnail","hentry","category-kreisoberliga-frankfurt"],"_links":{"self":[{"href":"https:\/\/insideamateurfussball-ffm.de\/index.php?rest_route=\/wp\/v2\/posts\/25027","targetHints":{"allow":["GET"]}}],"collection":[{"href":"https:\/\/insideamateurfussball-ffm.de\/index.php?rest_route=\/wp\/v2\/posts"}],"about":[{"href":"https:\/\/insideamateurfussball-ffm.de\/index.php?rest_route=\/wp\/v2\/types\/post"}],"author":[{"embeddable":true,"href":"https:\/\/insideamateurfussball-ffm.de\/index.php?rest_route=\/wp\/v2\/users\/1"}],"replies":[{"embeddable":true,"href":"https:\/\/insideamateurfussball-ffm.de\/index.php?rest_route=%2Fwp%2Fv2%2Fcomments&post=25027"}],"version-history":[{"count":4,"href":"https:\/\/insideamateurfussball-ffm.de\/index.php?rest_route=\/wp\/v2\/posts\/25027\/revisions"}],"predecessor-version":[{"id":25037,"href":"https:\/\/insideamateurfussball-ffm.de\/index.php?rest_route=\/wp\/v2\/posts\/25027\/revisions\/25037"}],"wp:featuredmedia":[{"embeddable":true,"href":"https:\/\/insideamateurfussball-ffm.de\/index.php?rest_route=\/wp\/v2\/media\/25028"}],"wp:attachment":[{"href":"https:\/\/insideamateurfussball-ffm.de\/index.php?rest_route=%2Fwp%2Fv2%2Fmedia&parent=25027"}],"wp:term":[{"taxonomy":"category","embeddable":true,"href":"https:\/\/insideamateurfussball-ffm.de\/index.php?rest_route=%2Fwp%2Fv2%2Fcategories&post=25027"},{"taxonomy":"post_tag","embeddable":true,"href":"https:\/\/insideamateurfussball-ffm.de\/index.php?rest_route=%2Fwp%2Fv2%2Ftags&post=25027"}],"curies":[{"name":"wp","href":"https:\/\/api.w.org\/{rel}","templated":true}]}}