{"id":25016,"date":"2025-04-14T20:54:28","date_gmt":"2025-04-14T19:54:28","guid":{"rendered":"https:\/\/insideamateurfussball-ffm.de\/?p=25016"},"modified":"2025-04-14T21:14:58","modified_gmt":"2025-04-14T20:14:58","slug":"union-trockenes-20-ueber-schlusslicht-croatia","status":"publish","type":"post","link":"https:\/\/insideamateurfussball-ffm.de\/?p=25016","title":{"rendered":"Union: Trockenes 2:0 \u00fcber Schlusslicht Croatia"},"content":{"rendered":"<h4>Union Niederrad steuert auf Rang f\u00fcnf einem entspannten Saisonende entgegen. Gegen Schlusslicht FC Croatia, dem immer mehr der Abstieg in die Kreisliga A droht, gab es an der heimischen Heinrich-Seliger-Stra\u00dfe einen trockenen 2:0-Heimsieg.<\/h4>\n<figure id=\"attachment_25017\" aria-describedby=\"caption-attachment-25017\" style=\"width: 1600px\" class=\"wp-caption alignnone\"><img loading=\"lazy\" decoding=\"async\" class=\"wp-image-25017 size-full\" src=\"http:\/\/insideamateurfussball-ffm.de\/wp-content\/uploads\/2025\/04\/Union-Cro.jpg\" alt=\"\" width=\"1600\" height=\"1200\" srcset=\"https:\/\/insideamateurfussball-ffm.de\/wp-content\/uploads\/2025\/04\/Union-Cro.jpg 1600w, https:\/\/insideamateurfussball-ffm.de\/wp-content\/uploads\/2025\/04\/Union-Cro-300x225.jpg 300w, https:\/\/insideamateurfussball-ffm.de\/wp-content\/uploads\/2025\/04\/Union-Cro-1024x768.jpg 1024w, https:\/\/insideamateurfussball-ffm.de\/wp-content\/uploads\/2025\/04\/Union-Cro-768x576.jpg 768w, https:\/\/insideamateurfussball-ffm.de\/wp-content\/uploads\/2025\/04\/Union-Cro-1536x1152.jpg 1536w\" sizes=\"auto, (max-width: 1600px) 100vw, 1600px\" \/><figcaption id=\"caption-attachment-25017\" class=\"wp-caption-text\">Blick in die Kabine: Union Niederrad freut sich \u00fcber das 2:0 gegen Croatia. Foto: Einsendung Verein.<\/figcaption><\/figure>\n<h4>FC Union Niederrad &#8211; FC Croatia 2:0 (2:0)<\/h4>\n<p><img loading=\"lazy\" decoding=\"async\" class=\"alignnone size-full wp-image-38\" src=\"http:\/\/insideamateurfussball-ffm.de\/wp-content\/uploads\/2021\/11\/Union-Niederrad.jpg\" alt=\"\" width=\"80\" height=\"80\" \/><img loading=\"lazy\" decoding=\"async\" class=\"alignnone size-full wp-image-29\" src=\"http:\/\/insideamateurfussball-ffm.de\/wp-content\/uploads\/2021\/11\/croatia.jpg\" alt=\"\" width=\"63\" height=\"80\" \/><\/p>\n<p>Die Unioner machten schon im ersten Abschnitt mit den Lupfertoren von Emir Drino (24.) und Mohamed Azeggaghe (37.) die beiden Tore und brachten den Dreier mit solider Abwehrarbeit sicher nach Hause. Und das obwohl die Niederr\u00e4der ersatzgeschw\u00e4cht antraten. Abwehrstratege Paul Gundermann fehlte, dazu droht noch Victor Ubri Baez eventuell f\u00fcr den Rest der Saison auszufallen. Dar\u00fcber hinaus musste Trainer Henrique Amaral auf Filipe Teixeira Miranda verzichten und Robert Wainer ist langzeitverletzt. Im Tor wurde der dritte Torh\u00fcter Daniel Wetstein eingesetzt. &#8222;Wir treten personell ersatzgeschw\u00e4cht an, hatten drei Spieler von der Zweiten Mannschaft dabei, davon ist einer erst seit eineinhalb Wochen im Training&#8220;, erkl\u00e4rte Union-Pr\u00e4sident Khalid Lamjahed.<\/p>\n<p>Er sah einen starken Beginn der Croatia, die sich ein, zwei gute M\u00f6glichkeiten erspielten, um in F\u00fchrung zu gehen, diese aber nicht verwerten konnten. Beim 1:0 profitierte Niederrad von einem Abspielfehler der Kroaten. Drino behielt die \u00dcbersicht und \u00fcberlupfte G\u00e4stekeeper Steffen Liese zum 1:0. Der unter der Woche in N\u00fcrnberg arbeitende Keeper wurde vor der Partie aktiviert, musste aber noch ein Tor durch einen Heber von Azeggaghe hinnehmen, nachdem er erneut aus seinem Tor gelaufen war.<\/p>\n<blockquote>\n<h4>&#8222;Wir sind leider nicht motiviert genug in die Partie gegangen&#8220; (Union-Vorsitzender Khalid Lamjahed)<\/h4>\n<\/blockquote>\n<p>&#8222;Das hat uns in die Karten gespielt und wir haben auch nicht mehr gemacht, als wir machen mussten und Croatia das Spiel \u00fcberlassen&#8220;, schilderte Lamjahed. Nach dem Seitenwechsel musste die Union eine Zeitstrafe gegen Kai Grossheim (ab 51.) hinnehmen, geriet aber weder in den zehn Minuten der Unterzahl noch vollz\u00e4hlig in Gefahr. &#8222;Croatia war bem\u00fcht, der letzte Pass fehlte. Wir sind leider nicht motiviert genug in die Partie gegangen, sodass wir am Ende fr\u00f6hlich \u00fcber das 2:0 sein k\u00f6nnen, das f\u00fcr uns nicht schwer zu verteidigen war.&#8220;<\/p>\n<p>Croatias Sportlicher Leiter Stanislav Konta best\u00e4tigte den guten Beginn des Tabellenletzten, sprach sogar von drei Chancen, die nicht gemacht wurden. &#8222;Der letzte Pass in die Tiefe hat gefehlt, es war mehr drin&#8220;, deutete Konta an. Der R\u00fcckstand zum Relegationsplatz und zum rettenden Ufer betr\u00e4gt weiter sieben Punkte, es sind nur noch sechs Spiele zu bestreiten. Nach der Osterpause geht es f\u00fcr die Niederr\u00e4der zum SV Griesheim Tarik (15 Uhr). Zeitgleich erwartet Croatia am 27. April den BSC Schwarz-Wei\u00df 19.<\/p>\n<blockquote>\n<h4>Schiedsrichter: Yahya Budarham (BSC Schwalbach). Zuschauer: 120.<\/h4>\n<h4>Tore: 1:0 Emir Drino (24.), 2:0 Mohamed Azeggaghe (37.).<\/h4>\n<\/blockquote>\n","protected":false},"excerpt":{"rendered":"<p>Union Niederrad steuert auf Rang f\u00fcnf einem entspannten Saisonende entgegen. Gegen Schlusslicht FC Croatia, dem immer mehr der Abstieg in die Kreisliga A droht, gab es an der heimischen Heinrich-Seliger-Stra\u00dfe einen trockenen 2:0-Heimsieg. FC Union Niederrad &#8211; FC Croatia 2:0 (2:0) Die Unioner machten schon im ersten Abschnitt mit den Lupfertoren von Emir Drino (24.) [&hellip;]<\/p>\n","protected":false},"author":1,"featured_media":25017,"comment_status":"closed","ping_status":"closed","sticky":true,"template":"","format":"standard","meta":{"footnotes":""},"categories":[2],"tags":[],"class_list":["post-25016","post","type-post","status-publish","format-standard","has-post-thumbnail","hentry","category-kreisoberliga-frankfurt"],"_links":{"self":[{"href":"https:\/\/insideamateurfussball-ffm.de\/index.php?rest_route=\/wp\/v2\/posts\/25016","targetHints":{"allow":["GET"]}}],"collection":[{"href":"https:\/\/insideamateurfussball-ffm.de\/index.php?rest_route=\/wp\/v2\/posts"}],"about":[{"href":"https:\/\/insideamateurfussball-ffm.de\/index.php?rest_route=\/wp\/v2\/types\/post"}],"author":[{"embeddable":true,"href":"https:\/\/insideamateurfussball-ffm.de\/index.php?rest_route=\/wp\/v2\/users\/1"}],"replies":[{"embeddable":true,"href":"https:\/\/insideamateurfussball-ffm.de\/index.php?rest_route=%2Fwp%2Fv2%2Fcomments&post=25016"}],"version-history":[{"count":3,"href":"https:\/\/insideamateurfussball-ffm.de\/index.php?rest_route=\/wp\/v2\/posts\/25016\/revisions"}],"predecessor-version":[{"id":25020,"href":"https:\/\/insideamateurfussball-ffm.de\/index.php?rest_route=\/wp\/v2\/posts\/25016\/revisions\/25020"}],"wp:featuredmedia":[{"embeddable":true,"href":"https:\/\/insideamateurfussball-ffm.de\/index.php?rest_route=\/wp\/v2\/media\/25017"}],"wp:attachment":[{"href":"https:\/\/insideamateurfussball-ffm.de\/index.php?rest_route=%2Fwp%2Fv2%2Fmedia&parent=25016"}],"wp:term":[{"taxonomy":"category","embeddable":true,"href":"https:\/\/insideamateurfussball-ffm.de\/index.php?rest_route=%2Fwp%2Fv2%2Fcategories&post=25016"},{"taxonomy":"post_tag","embeddable":true,"href":"https:\/\/insideamateurfussball-ffm.de\/index.php?rest_route=%2Fwp%2Fv2%2Ftags&post=25016"}],"curies":[{"name":"wp","href":"https:\/\/api.w.org\/{rel}","templated":true}]}}