{"id":25011,"date":"2025-04-14T08:29:00","date_gmt":"2025-04-14T07:29:00","guid":{"rendered":"https:\/\/insideamateurfussball-ffm.de\/?p=25011"},"modified":"2025-04-14T19:08:56","modified_gmt":"2025-04-14T18:08:56","slug":"zeilheim-verspielt-vorsprung-und-tabellenfuehrung","status":"publish","type":"post","link":"https:\/\/insideamateurfussball-ffm.de\/?p=25011","title":{"rendered":"Zeilheim verspielt Vorsprung und Tabellenf\u00fchrung"},"content":{"rendered":"<h4>Trotz 2:0-Vorsprung unterliegt der SVZ im Topspiel beim FV Biebrich 02. Im Spitzenspiel der Verbandsliga Mitte verpasste der SV Zeilsheim die gro\u00dfe Chance, mit einem Sieg die Tabellenf\u00fchrung zu \u00fcbernehmen. Nach verhei\u00dfungsvollem Beginn unterlagen die Zeilsheimer am Ende 2:4.<\/h4>\n<figure id=\"attachment_25012\" aria-describedby=\"caption-attachment-25012\" style=\"width: 1152px\" class=\"wp-caption alignnone\"><img loading=\"lazy\" decoding=\"async\" class=\"wp-image-25012 size-full\" src=\"http:\/\/insideamateurfussball-ffm.de\/wp-content\/uploads\/2025\/04\/25-Da-war-die-Welt-des-SV-noch-in-Ordnuing.jpg\" alt=\"\" width=\"1152\" height=\"748\" srcset=\"https:\/\/insideamateurfussball-ffm.de\/wp-content\/uploads\/2025\/04\/25-Da-war-die-Welt-des-SV-noch-in-Ordnuing.jpg 1152w, https:\/\/insideamateurfussball-ffm.de\/wp-content\/uploads\/2025\/04\/25-Da-war-die-Welt-des-SV-noch-in-Ordnuing-300x195.jpg 300w, https:\/\/insideamateurfussball-ffm.de\/wp-content\/uploads\/2025\/04\/25-Da-war-die-Welt-des-SV-noch-in-Ordnuing-1024x665.jpg 1024w, https:\/\/insideamateurfussball-ffm.de\/wp-content\/uploads\/2025\/04\/25-Da-war-die-Welt-des-SV-noch-in-Ordnuing-768x499.jpg 768w\" sizes=\"auto, (max-width: 1152px) 100vw, 1152px\" \/><figcaption id=\"caption-attachment-25012\" class=\"wp-caption-text\">Der SV Zeilsheim vor dem Topspiel in Biebrich. Foto: Peter Strauch.\u00a0\u00a0<\/figcaption><\/figure>\n<h4>FV Biebrich 02 &#8211; SV Zeilsheim 4:2 (2:2)<\/h4>\n<h4><img loading=\"lazy\" decoding=\"async\" class=\"alignnone size-full wp-image-14896\" src=\"http:\/\/insideamateurfussball-ffm.de\/wp-content\/uploads\/2023\/11\/fvbiebrich.jpg\" alt=\"\" width=\"80\" height=\"80\" \/> <img loading=\"lazy\" decoding=\"async\" class=\"alignnone size-full wp-image-1153\" src=\"http:\/\/insideamateurfussball-ffm.de\/wp-content\/uploads\/2022\/07\/SVZe.jpg\" alt=\"\" width=\"68\" height=\"80\" \/><\/h4>\n<p>Dabei begann alles ideal f\u00fcr die G\u00e4ste aus dem Frankfurter Westen. Zwei fr\u00fche Treffer sorgten zun\u00e4chst f\u00fcr Euphorie \u2013 doch aus Sicht des SV Zeilsheim offenbarte man danach defensive Schw\u00e4chen, die Biebrich konsequent nutzte und die Partie noch vor der Pause drehte. In der 5. Minute brachte Samed G\u00fcrsoy die G\u00e4ste nach einem schnellen Umschaltspiel in F\u00fchrung. In der 19. Minute erh\u00f6hte Dominik Ortega gar auf 2:0.<\/p>\n<p>Der Plan des Trainerteams Benjamin Apidopoulos und Alexander Konjevic schien zun\u00e4chst aufzugehen. \u201eWir haben sie auf dem falschen Fu\u00df erwischt\u201c, sagte der Coach nach dem Spiel. \u201eMit den ersten beiden Chancen machen wir die Tore. Wenn wir da das dritte machen, ist das Ding vielleicht schon gelaufen.\u201c Doch nach der Zwei-Tore-F\u00fchrung verlor Zeilsheim laut Apidopoulos die Kontrolle. Biebrich habe zunehmend die Initiative \u00fcbernommen und Unsicherheiten in der Defensive konsequent ausgenutzt.<\/p>\n<blockquote>\n<h4>&#8222;In der Halbzeit wollten wir die Uhr auf null stellen&#8220;. (Zeilsheims Co-Trainer Benjamin Apidopoulos)<\/h4>\n<\/blockquote>\n<p>In der 36. Minute traf Nikos Iosifidis zum Anschluss, kurz vor der Pause glich Derrick Amoako zum 2:2 aus (45.+2) \u2013 nach einem nahezu identischen Angriff. \u201eNach dem zweiten Tor haben wir aufgeh\u00f6rt, als Mannschaft zu funktionieren\u201c, erz\u00e4hlt Apidopoulos. \u201eDa hat pl\u00f6tzlich jeder sein eigenes Spiel gemacht. In der Halbzeit wollten wir die Uhr auf null stellen \u2013 aber wir haben es nicht geschafft, nochmal neu anzufangen.\u201c<\/p>\n<p>Denn auch nach dem Seitenwechsel habe Zeilsheim nicht zur\u00fcck ins Spiel gefunden. Niklas Dillitz hatte kurz nachdem Seitenwechsel (48.) per Kopf die F\u00fchrung vor Augen, verfehlte jedoch das Ziel um wenige Zentimeter. Biebrich wurde druckvoller, Zeilsheim hingegen war defensiv anf\u00e4llig. In der 53. Minute traf Amoako nach einer Standardsituation zum 3:2, elf Minuten sp\u00e4ter erh\u00f6hte John Reith auf 4:2 (64.). In dieser Phase hatte Zeilsheim kaum noch Zugriff auf das Spiel, wie Apidopoulos schilderte. Am Ende blieb es beim 2:4 \u2013 ein R\u00fcckschlag f\u00fcr Zeilsheim im Aufstiegskampf.<\/p>\n<blockquote>\n<h4>Schiedsrichter: Felix Ebert (FSG Kirtorf). Zuschauer: 400.<\/h4>\n<h4>Tore: 0:1 Abdussamed G\u00fcrsoy (5.), 0:2 Dominik Ortega Tapia (19.), 1:2 Nikos Iosifidis (36.), 2:2, 3:2 Derrick Amoako (45.\/+1, 53.), 4:2 John Reith (64.).<\/h4>\n<\/blockquote>\n","protected":false},"excerpt":{"rendered":"<p>Trotz 2:0-Vorsprung unterliegt der SVZ im Topspiel beim FV Biebrich 02. Im Spitzenspiel der Verbandsliga Mitte verpasste der SV Zeilsheim die gro\u00dfe Chance, mit einem Sieg die Tabellenf\u00fchrung zu \u00fcbernehmen. Nach verhei\u00dfungsvollem Beginn unterlagen die Zeilsheimer am Ende 2:4. FV Biebrich 02 &#8211; SV Zeilsheim 4:2 (2:2) Dabei begann alles ideal f\u00fcr die G\u00e4ste aus [&hellip;]<\/p>\n","protected":false},"author":1,"featured_media":25012,"comment_status":"closed","ping_status":"closed","sticky":true,"template":"","format":"standard","meta":{"footnotes":""},"categories":[32],"tags":[],"class_list":["post-25011","post","type-post","status-publish","format-standard","has-post-thumbnail","hentry","category-verbandsliga-mitte"],"_links":{"self":[{"href":"https:\/\/insideamateurfussball-ffm.de\/index.php?rest_route=\/wp\/v2\/posts\/25011","targetHints":{"allow":["GET"]}}],"collection":[{"href":"https:\/\/insideamateurfussball-ffm.de\/index.php?rest_route=\/wp\/v2\/posts"}],"about":[{"href":"https:\/\/insideamateurfussball-ffm.de\/index.php?rest_route=\/wp\/v2\/types\/post"}],"author":[{"embeddable":true,"href":"https:\/\/insideamateurfussball-ffm.de\/index.php?rest_route=\/wp\/v2\/users\/1"}],"replies":[{"embeddable":true,"href":"https:\/\/insideamateurfussball-ffm.de\/index.php?rest_route=%2Fwp%2Fv2%2Fcomments&post=25011"}],"version-history":[{"count":1,"href":"https:\/\/insideamateurfussball-ffm.de\/index.php?rest_route=\/wp\/v2\/posts\/25011\/revisions"}],"predecessor-version":[{"id":25013,"href":"https:\/\/insideamateurfussball-ffm.de\/index.php?rest_route=\/wp\/v2\/posts\/25011\/revisions\/25013"}],"wp:featuredmedia":[{"embeddable":true,"href":"https:\/\/insideamateurfussball-ffm.de\/index.php?rest_route=\/wp\/v2\/media\/25012"}],"wp:attachment":[{"href":"https:\/\/insideamateurfussball-ffm.de\/index.php?rest_route=%2Fwp%2Fv2%2Fmedia&parent=25011"}],"wp:term":[{"taxonomy":"category","embeddable":true,"href":"https:\/\/insideamateurfussball-ffm.de\/index.php?rest_route=%2Fwp%2Fv2%2Fcategories&post=25011"},{"taxonomy":"post_tag","embeddable":true,"href":"https:\/\/insideamateurfussball-ffm.de\/index.php?rest_route=%2Fwp%2Fv2%2Ftags&post=25011"}],"curies":[{"name":"wp","href":"https:\/\/api.w.org\/{rel}","templated":true}]}}