{"id":24991,"date":"2025-04-14T16:46:12","date_gmt":"2025-04-14T15:46:12","guid":{"rendered":"https:\/\/insideamateurfussball-ffm.de\/?p=24991"},"modified":"2025-04-14T16:46:12","modified_gmt":"2025-04-14T15:46:12","slug":"bad-nauheim-siegt-im-tuerkischen-duell","status":"publish","type":"post","link":"https:\/\/insideamateurfussball-ffm.de\/?p=24991","title":{"rendered":"Bad Nauheim siegt im t\u00fcrkischen Duell"},"content":{"rendered":"<h4>Das Ergebnis war am Ende wohl zu hoch, der Sieg des T\u00fcrkischen SV Bad Nauheim gegen T\u00fcrkg\u00fcc\u00fc Frankfurt aber verdient. Bei Abpfiff hie\u00df es 6:2 f\u00fcr die Gastgeber, auf T\u00fcrkg\u00fcc\u00fc warten jetzt im Abstiegskampf wichtige Aufgaben.<\/h4>\n<figure id=\"attachment_24999\" aria-describedby=\"caption-attachment-24999\" style=\"width: 886px\" class=\"wp-caption alignnone\"><img loading=\"lazy\" decoding=\"async\" class=\"wp-image-24999 size-full\" src=\"http:\/\/insideamateurfussball-ffm.de\/wp-content\/uploads\/2025\/04\/tguecue09.jpg\" alt=\"\" width=\"886\" height=\"605\" srcset=\"https:\/\/insideamateurfussball-ffm.de\/wp-content\/uploads\/2025\/04\/tguecue09.jpg 886w, https:\/\/insideamateurfussball-ffm.de\/wp-content\/uploads\/2025\/04\/tguecue09-300x205.jpg 300w, https:\/\/insideamateurfussball-ffm.de\/wp-content\/uploads\/2025\/04\/tguecue09-768x524.jpg 768w\" sizes=\"auto, (max-width: 886px) 100vw, 886px\" \/><figcaption id=\"caption-attachment-24999\" class=\"wp-caption-text\">Am Ende jubelten die T\u00fcrken aus Bad Nauheim \u00fcber drei Punkte. Foto: Mithat G\u00fcrser<\/figcaption><\/figure>\n<h4>T\u00fcrkischer SV Bad Nauheim &#8211; T\u00fcrkg\u00fcc\u00fc Frankfurt 6:2 (2:1)<\/h4>\n<p><img loading=\"lazy\" decoding=\"async\" class=\"alignnone  wp-image-21712\" src=\"http:\/\/insideamateurfussball-ffm.de\/wp-content\/uploads\/2024\/10\/Tuerkischer-SV.jpg\" alt=\"\" width=\"83\" height=\"83\" \/><img loading=\"lazy\" decoding=\"async\" class=\"alignnone size-full wp-image-17\" src=\"http:\/\/insideamateurfussball-ffm.de\/wp-content\/uploads\/2021\/11\/Tuerkguecue.jpg\" alt=\"\" width=\"72\" height=\"80\" \/><\/p>\n<p>T\u00fcrkg\u00fcc\u00fc Frankfurt reiste zum alten Trainer Mehmet Tunay Somun, der nun Trainer beim T\u00fcrkischen SV Bad Nauheim ist. Allerdings ging das t\u00fcrkische Duell diesmal klar an die Bad Nauheimer, auch wenn T\u00fcrkg\u00fcc\u00fcs Trainer Hakan Tekin davon sprach: \u201edas Ergebnis spiegelt nicht das Spiel wider.\u201c Die Frankfurter G\u00e4ste erwischten einen Blitzstart und gingen in der 4.Minute durch Emre Kadimli mit 1:0 in F\u00fchrung, verpassten dann aber das 2:0. Mit dem ersten gef\u00e4hrlichen Angriff der Gastgeber fiel in der 23.Minute der Ausgleich, Mohamad Mouma war der Torsch\u00fctze. Und durch einen Standard erh\u00f6hten die Bad Nauheimer in der 26.Minute durch Noah P\u00f6litz bereits auf 2:1, mit dem Ergebnis ging es dann auch in die Halbzeit.<\/p>\n<p>Kurz nach der Halbzeit erh\u00f6hte erneut Noah P\u00f6litz in der 48.Minute auf 3:1, doch T\u00fcrkg\u00fcc\u00fc gab nicht auf und k\u00e4mpfte sich ins Spiel zur\u00fcck. Mete Nakipoglu erzielte in der 56.Minute den Anschlusstreffer zum 2:3, doch nur zwei Minuten sp\u00e4ter gab es Elfmeter f\u00fcr Bad Nauheim, den Noah P\u00f6litz mit seinem dritten Treffer zum 4:2 verwandelte. Die Frankfurter waren geschockt, Trainer Tekin: &#8222;nach dem 2:4 gingen die K\u00f6pfe runter\u201c. Das nutzen die Gastgeber zu zwei weiteren Toren durch den ehemaligen T\u00fcrkg\u00fcc\u00fc-Spieler Ozan Keskin in der 74.Minute und Christopher Skoczny in der 86.Minute zum 6:2-Endstand.<\/p>\n<p>Trainer Tekin: \u201ekeine Mannschaft war richtig spielbestimmend, wir haben gut dagegengehalten, aber zum Schluss war die Qualit\u00e4t auf der anderen Seite besser und der Sieg damit verdient\u201c. T\u00fcrkg\u00fcc\u00fc liegt derzeit auf Platz 13, aus heutiger Sicht einen Platz vor dem Relegationsrang. Jetzt kommen drei wichtige Spiele, am Sonntag nach Ostern empf\u00e4ngt man die FFV Sportfreunde 04, dann geht es zum 1.FC-TSG K\u00f6nigstein, ehe man zum FC Kaichen reist.<\/p>\n<h4>Schiedsrichter: Lennard Goronzy (SF\/BG Marburg). Zuschauer: 175.<\/h4>\n<h4>Tore: 0:1 Emre Kadimli (4.), 1:1 Mohamad Mouma (23.), 2:1 Noah P\u00f6litz (26.), 3:1 Noah P\u00f6litz (48.), 3:2 Mete Nakipoglu (56.), 4:2 Noah P\u00f6litz (58., Elfmeter), 5:2 Ozan Keskin (74.), 6:2 Christopher Skoczny (86.)<\/h4>\n<blockquote>\n<h4>Die Fotos verdanken wir dem T\u00fcrkg\u00fcc\u00fc-Reporter Mithat G\u00fcrser.<\/h4>\n<\/blockquote>\n\n\n<figure class=\"wp-block-image size-full\"><img loading=\"lazy\" decoding=\"async\" width=\"886\" height=\"666\" src=\"http:\/\/insideamateurfussball-ffm.de\/wp-content\/uploads\/2025\/04\/tgucu01.jpg\" alt=\"\" class=\"wp-image-24992\" srcset=\"https:\/\/insideamateurfussball-ffm.de\/wp-content\/uploads\/2025\/04\/tgucu01.jpg 886w, https:\/\/insideamateurfussball-ffm.de\/wp-content\/uploads\/2025\/04\/tgucu01-300x226.jpg 300w, https:\/\/insideamateurfussball-ffm.de\/wp-content\/uploads\/2025\/04\/tgucu01-768x577.jpg 768w\" sizes=\"auto, (max-width: 886px) 100vw, 886px\" \/><\/figure>\n\n\n\n<figure class=\"wp-block-image size-full\"><img loading=\"lazy\" decoding=\"async\" width=\"886\" height=\"642\" src=\"http:\/\/insideamateurfussball-ffm.de\/wp-content\/uploads\/2025\/04\/tguecue04.jpg\" alt=\"\" class=\"wp-image-24993\" srcset=\"https:\/\/insideamateurfussball-ffm.de\/wp-content\/uploads\/2025\/04\/tguecue04.jpg 886w, https:\/\/insideamateurfussball-ffm.de\/wp-content\/uploads\/2025\/04\/tguecue04-300x217.jpg 300w, https:\/\/insideamateurfussball-ffm.de\/wp-content\/uploads\/2025\/04\/tguecue04-768x556.jpg 768w\" sizes=\"auto, (max-width: 886px) 100vw, 886px\" \/><\/figure>\n\n\n\n<figure class=\"wp-block-image size-full\"><img loading=\"lazy\" decoding=\"async\" width=\"886\" height=\"589\" src=\"http:\/\/insideamateurfussball-ffm.de\/wp-content\/uploads\/2025\/04\/tguecue05.jpg\" alt=\"\" class=\"wp-image-24994\" srcset=\"https:\/\/insideamateurfussball-ffm.de\/wp-content\/uploads\/2025\/04\/tguecue05.jpg 886w, https:\/\/insideamateurfussball-ffm.de\/wp-content\/uploads\/2025\/04\/tguecue05-300x199.jpg 300w, https:\/\/insideamateurfussball-ffm.de\/wp-content\/uploads\/2025\/04\/tguecue05-768x511.jpg 768w\" sizes=\"auto, (max-width: 886px) 100vw, 886px\" \/><\/figure>\n\n\n\n<figure class=\"wp-block-image size-full\"><img loading=\"lazy\" decoding=\"async\" width=\"886\" height=\"589\" src=\"http:\/\/insideamateurfussball-ffm.de\/wp-content\/uploads\/2025\/04\/tgucu06.jpg\" alt=\"\" class=\"wp-image-24995\" srcset=\"https:\/\/insideamateurfussball-ffm.de\/wp-content\/uploads\/2025\/04\/tgucu06.jpg 886w, https:\/\/insideamateurfussball-ffm.de\/wp-content\/uploads\/2025\/04\/tgucu06-300x199.jpg 300w, https:\/\/insideamateurfussball-ffm.de\/wp-content\/uploads\/2025\/04\/tgucu06-768x511.jpg 768w\" sizes=\"auto, (max-width: 886px) 100vw, 886px\" \/><\/figure>\n\n\n\n<figure class=\"wp-block-image size-full\"><img loading=\"lazy\" decoding=\"async\" width=\"886\" height=\"631\" src=\"http:\/\/insideamateurfussball-ffm.de\/wp-content\/uploads\/2025\/04\/tguecue06.jpg\" alt=\"\" class=\"wp-image-24996\" srcset=\"https:\/\/insideamateurfussball-ffm.de\/wp-content\/uploads\/2025\/04\/tguecue06.jpg 886w, https:\/\/insideamateurfussball-ffm.de\/wp-content\/uploads\/2025\/04\/tguecue06-300x214.jpg 300w, https:\/\/insideamateurfussball-ffm.de\/wp-content\/uploads\/2025\/04\/tguecue06-768x547.jpg 768w\" sizes=\"auto, (max-width: 886px) 100vw, 886px\" \/><\/figure>\n\n\n\n<figure class=\"wp-block-image size-full\"><img loading=\"lazy\" decoding=\"async\" width=\"886\" height=\"634\" src=\"http:\/\/insideamateurfussball-ffm.de\/wp-content\/uploads\/2025\/04\/tguecue07.jpg\" alt=\"\" class=\"wp-image-24997\" srcset=\"https:\/\/insideamateurfussball-ffm.de\/wp-content\/uploads\/2025\/04\/tguecue07.jpg 886w, https:\/\/insideamateurfussball-ffm.de\/wp-content\/uploads\/2025\/04\/tguecue07-300x215.jpg 300w, https:\/\/insideamateurfussball-ffm.de\/wp-content\/uploads\/2025\/04\/tguecue07-768x550.jpg 768w\" sizes=\"auto, (max-width: 886px) 100vw, 886px\" \/><\/figure>\n\n\n\n<figure class=\"wp-block-image size-full\"><img loading=\"lazy\" decoding=\"async\" width=\"886\" height=\"627\" src=\"http:\/\/insideamateurfussball-ffm.de\/wp-content\/uploads\/2025\/04\/tguecue08.jpg\" alt=\"\" class=\"wp-image-24998\" srcset=\"https:\/\/insideamateurfussball-ffm.de\/wp-content\/uploads\/2025\/04\/tguecue08.jpg 886w, https:\/\/insideamateurfussball-ffm.de\/wp-content\/uploads\/2025\/04\/tguecue08-300x212.jpg 300w, https:\/\/insideamateurfussball-ffm.de\/wp-content\/uploads\/2025\/04\/tguecue08-768x543.jpg 768w\" sizes=\"auto, (max-width: 886px) 100vw, 886px\" \/><\/figure>\n\n\n\n<figure class=\"wp-block-image size-full\"><img loading=\"lazy\" decoding=\"async\" width=\"886\" height=\"589\" src=\"http:\/\/insideamateurfussball-ffm.de\/wp-content\/uploads\/2025\/04\/tgucu12.jpg\" alt=\"\" class=\"wp-image-25000\" srcset=\"https:\/\/insideamateurfussball-ffm.de\/wp-content\/uploads\/2025\/04\/tgucu12.jpg 886w, https:\/\/insideamateurfussball-ffm.de\/wp-content\/uploads\/2025\/04\/tgucu12-300x199.jpg 300w, https:\/\/insideamateurfussball-ffm.de\/wp-content\/uploads\/2025\/04\/tgucu12-768x511.jpg 768w\" sizes=\"auto, (max-width: 886px) 100vw, 886px\" \/><\/figure>\n\n\n\n<figure class=\"wp-block-image size-full\"><img loading=\"lazy\" decoding=\"async\" width=\"886\" height=\"587\" src=\"http:\/\/insideamateurfussball-ffm.de\/wp-content\/uploads\/2025\/04\/tguecue13.jpg\" alt=\"\" class=\"wp-image-25001\" srcset=\"https:\/\/insideamateurfussball-ffm.de\/wp-content\/uploads\/2025\/04\/tguecue13.jpg 886w, https:\/\/insideamateurfussball-ffm.de\/wp-content\/uploads\/2025\/04\/tguecue13-300x199.jpg 300w, https:\/\/insideamateurfussball-ffm.de\/wp-content\/uploads\/2025\/04\/tguecue13-768x509.jpg 768w\" sizes=\"auto, (max-width: 886px) 100vw, 886px\" \/><\/figure>\n\n\n\n<figure class=\"wp-block-image size-full\"><img loading=\"lazy\" decoding=\"async\" width=\"886\" height=\"617\" src=\"http:\/\/insideamateurfussball-ffm.de\/wp-content\/uploads\/2025\/04\/tguecue14.jpg\" alt=\"\" class=\"wp-image-25002\" srcset=\"https:\/\/insideamateurfussball-ffm.de\/wp-content\/uploads\/2025\/04\/tguecue14.jpg 886w, https:\/\/insideamateurfussball-ffm.de\/wp-content\/uploads\/2025\/04\/tguecue14-300x209.jpg 300w, https:\/\/insideamateurfussball-ffm.de\/wp-content\/uploads\/2025\/04\/tguecue14-768x535.jpg 768w\" sizes=\"auto, (max-width: 886px) 100vw, 886px\" \/><\/figure>\n\n\n\n<figure class=\"wp-block-image size-full\"><img loading=\"lazy\" decoding=\"async\" width=\"886\" height=\"649\" src=\"http:\/\/insideamateurfussball-ffm.de\/wp-content\/uploads\/2025\/04\/tguecue100.jpg\" alt=\"\" class=\"wp-image-25003\" srcset=\"https:\/\/insideamateurfussball-ffm.de\/wp-content\/uploads\/2025\/04\/tguecue100.jpg 886w, https:\/\/insideamateurfussball-ffm.de\/wp-content\/uploads\/2025\/04\/tguecue100-300x220.jpg 300w, https:\/\/insideamateurfussball-ffm.de\/wp-content\/uploads\/2025\/04\/tguecue100-768x563.jpg 768w\" sizes=\"auto, (max-width: 886px) 100vw, 886px\" \/><\/figure>\n\n\n\n<figure class=\"wp-block-image size-full\"><img loading=\"lazy\" decoding=\"async\" width=\"886\" height=\"604\" src=\"http:\/\/insideamateurfussball-ffm.de\/wp-content\/uploads\/2025\/04\/tguegue01.jpg\" alt=\"\" class=\"wp-image-25004\" srcset=\"https:\/\/insideamateurfussball-ffm.de\/wp-content\/uploads\/2025\/04\/tguegue01.jpg 886w, https:\/\/insideamateurfussball-ffm.de\/wp-content\/uploads\/2025\/04\/tguegue01-300x205.jpg 300w, https:\/\/insideamateurfussball-ffm.de\/wp-content\/uploads\/2025\/04\/tguegue01-768x524.jpg 768w\" sizes=\"auto, (max-width: 886px) 100vw, 886px\" \/><\/figure>\n","protected":false},"excerpt":{"rendered":"<p>Das Ergebnis war am Ende wohl zu hoch, der Sieg des T\u00fcrkischen SV Bad Nauheim gegen T\u00fcrkg\u00fcc\u00fc Frankfurt aber verdient. Bei Abpfiff hie\u00df es 6:2 f\u00fcr die Gastgeber, auf T\u00fcrkg\u00fcc\u00fc warten jetzt im Abstiegskampf wichtige Aufgaben. T\u00fcrkischer SV Bad Nauheim &#8211; T\u00fcrkg\u00fcc\u00fc Frankfurt 6:2 (2:1) T\u00fcrkg\u00fcc\u00fc Frankfurt reiste zum alten Trainer Mehmet Tunay Somun, der [&hellip;]<\/p>\n","protected":false},"author":3,"featured_media":24999,"comment_status":"closed","ping_status":"open","sticky":true,"template":"","format":"standard","meta":{"footnotes":""},"categories":[13],"tags":[],"class_list":["post-24991","post","type-post","status-publish","format-standard","has-post-thumbnail","hentry","category-gruppenliga-frankfurt-west"],"_links":{"self":[{"href":"https:\/\/insideamateurfussball-ffm.de\/index.php?rest_route=\/wp\/v2\/posts\/24991","targetHints":{"allow":["GET"]}}],"collection":[{"href":"https:\/\/insideamateurfussball-ffm.de\/index.php?rest_route=\/wp\/v2\/posts"}],"about":[{"href":"https:\/\/insideamateurfussball-ffm.de\/index.php?rest_route=\/wp\/v2\/types\/post"}],"author":[{"embeddable":true,"href":"https:\/\/insideamateurfussball-ffm.de\/index.php?rest_route=\/wp\/v2\/users\/3"}],"replies":[{"embeddable":true,"href":"https:\/\/insideamateurfussball-ffm.de\/index.php?rest_route=%2Fwp%2Fv2%2Fcomments&post=24991"}],"version-history":[{"count":2,"href":"https:\/\/insideamateurfussball-ffm.de\/index.php?rest_route=\/wp\/v2\/posts\/24991\/revisions"}],"predecessor-version":[{"id":25006,"href":"https:\/\/insideamateurfussball-ffm.de\/index.php?rest_route=\/wp\/v2\/posts\/24991\/revisions\/25006"}],"wp:featuredmedia":[{"embeddable":true,"href":"https:\/\/insideamateurfussball-ffm.de\/index.php?rest_route=\/wp\/v2\/media\/24999"}],"wp:attachment":[{"href":"https:\/\/insideamateurfussball-ffm.de\/index.php?rest_route=%2Fwp%2Fv2%2Fmedia&parent=24991"}],"wp:term":[{"taxonomy":"category","embeddable":true,"href":"https:\/\/insideamateurfussball-ffm.de\/index.php?rest_route=%2Fwp%2Fv2%2Fcategories&post=24991"},{"taxonomy":"post_tag","embeddable":true,"href":"https:\/\/insideamateurfussball-ffm.de\/index.php?rest_route=%2Fwp%2Fv2%2Ftags&post=24991"}],"curies":[{"name":"wp","href":"https:\/\/api.w.org\/{rel}","templated":true}]}}