{"id":24985,"date":"2025-04-14T14:31:17","date_gmt":"2025-04-14T13:31:17","guid":{"rendered":"https:\/\/insideamateurfussball-ffm.de\/?p=24985"},"modified":"2025-04-16T14:48:47","modified_gmt":"2025-04-16T13:48:47","slug":"fechenheim-im-topspiel-bei-karben-erfolglos","status":"publish","type":"post","link":"https:\/\/insideamateurfussball-ffm.de\/?p=24985","title":{"rendered":"Fechenheim im Topspiel bei Karben erfolglos"},"content":{"rendered":"<h4>Die Spvgg. 03 Fechenheim kann ihre Hoffnungen auf den Relegationsplatz wohl begraben, beim Tabellenzweiten FC Karben unterlagen die Fechenheimer klar mit 0:4 und rutschen auf den vierten Tabellenplatz ab.<\/h4>\n<figure id=\"attachment_24023\" aria-describedby=\"caption-attachment-24023\" style=\"width: 2048px\" class=\"wp-caption alignnone\"><img loading=\"lazy\" decoding=\"async\" class=\"wp-image-24023 size-full\" src=\"http:\/\/insideamateurfussball-ffm.de\/wp-content\/uploads\/2025\/03\/DSC_1537.jpg\" alt=\"\" width=\"2048\" height=\"1536\" srcset=\"https:\/\/insideamateurfussball-ffm.de\/wp-content\/uploads\/2025\/03\/DSC_1537.jpg 2048w, https:\/\/insideamateurfussball-ffm.de\/wp-content\/uploads\/2025\/03\/DSC_1537-300x225.jpg 300w, https:\/\/insideamateurfussball-ffm.de\/wp-content\/uploads\/2025\/03\/DSC_1537-1024x768.jpg 1024w, https:\/\/insideamateurfussball-ffm.de\/wp-content\/uploads\/2025\/03\/DSC_1537-768x576.jpg 768w, https:\/\/insideamateurfussball-ffm.de\/wp-content\/uploads\/2025\/03\/DSC_1537-1536x1152.jpg 1536w\" sizes=\"auto, (max-width: 2048px) 100vw, 2048px\" \/><figcaption id=\"caption-attachment-24023\" class=\"wp-caption-text\">Karbens Trainer Maik Zinnecker darf weiter auf einen Aufstieg hoffen. Foto: Archiv J\u00f6rg Schulz<\/figcaption><\/figure>\n<h4>FC Karben &#8211; Spvgg. 03 Fechenheim 4:0 (1:0)<\/h4>\n<p><img loading=\"lazy\" decoding=\"async\" class=\"alignnone size-full wp-image-2525\" src=\"http:\/\/insideamateurfussball-ffm.de\/wp-content\/uploads\/2022\/09\/karben.jpg\" alt=\"\" width=\"65\" height=\"80\" \/><img loading=\"lazy\" decoding=\"async\" class=\"alignnone size-full wp-image-603\" src=\"http:\/\/insideamateurfussball-ffm.de\/wp-content\/uploads\/2022\/06\/Fech03.jpg\" alt=\"\" width=\"52\" height=\"80\" \/><\/p>\n<p>F\u00fcr die Fechenheimer ging es nach der Niederlage gegen den SV Bosnien\/Herzegowina beim FC Karben schon fast um alles, um den Relegationsplatz noch erreichen zu k\u00f6nnen, nach der 0:4-Niederlage ist der Abstand zum Gegner aus Karben aber bereits auf 4 Punkte angewachsen und das direkte Duell wurde auch verloren. Vielleicht w\u00e4re das Spiel anders gelaufen, h\u00e4tte Felix Casalino f\u00fcr die G\u00e4ste in der dritten Minute bei seiner Chance zum 1:0 getroffen, danach kam aber nach den Worten von Trainer Piradeep Siva Anandan \u201enichts mehr\u201c.<\/p>\n<p>In der 32.Minute war es dann Moritz Heitefuss, der die Gastgeber mit 1:0 in F\u00fchrung brachte. Die Hoffnung der Fechenheimer in der zweiten Halbzeit w\u00e4hrte nur kurz, in der 51.Minute erh\u00f6hte Felix Kaapke auf 2:0, ehe denn Owen Hare und Luca Hannig mit einem Doppelpack in der 70. und 73.Minute den 4:0-Endstand herausschossen. Trainer Anandan: \u201eKarben war heute spielbestimmend, sie waren aggressiver in den Zweik\u00e4mpfen und lauffreudiger, daher ist der Sieg verdient.\u201c<\/p>\n<p>F\u00fcr die Fechenheimer geht es nach Ostern mit dem Heimspiel gegen die Spvgg. 05 Oberrad weiter.<\/p>\n<h4>Schiedsrichter: John Glasenapp (SKG Rumpenheim). Zuschauer: 60.<\/h4>\n<h4>Tore: 1:0 Moritz Heitefuss (32.), 2:0 Felix Kaapke (51.), 3:0 Owen Hare (70.), 4:0 Luca Hannig (73.)<\/h4>\n","protected":false},"excerpt":{"rendered":"<p>Die Spvgg. 03 Fechenheim kann ihre Hoffnungen auf den Relegationsplatz wohl begraben, beim Tabellenzweiten FC Karben unterlagen die Fechenheimer klar mit 0:4 und rutschen auf den vierten Tabellenplatz ab. FC Karben &#8211; Spvgg. 03 Fechenheim 4:0 (1:0) F\u00fcr die Fechenheimer ging es nach der Niederlage gegen den SV Bosnien\/Herzegowina beim FC Karben schon fast um [&hellip;]<\/p>\n","protected":false},"author":3,"featured_media":24023,"comment_status":"closed","ping_status":"open","sticky":true,"template":"","format":"standard","meta":{"footnotes":""},"categories":[13],"tags":[],"class_list":["post-24985","post","type-post","status-publish","format-standard","has-post-thumbnail","hentry","category-gruppenliga-frankfurt-west"],"_links":{"self":[{"href":"https:\/\/insideamateurfussball-ffm.de\/index.php?rest_route=\/wp\/v2\/posts\/24985","targetHints":{"allow":["GET"]}}],"collection":[{"href":"https:\/\/insideamateurfussball-ffm.de\/index.php?rest_route=\/wp\/v2\/posts"}],"about":[{"href":"https:\/\/insideamateurfussball-ffm.de\/index.php?rest_route=\/wp\/v2\/types\/post"}],"author":[{"embeddable":true,"href":"https:\/\/insideamateurfussball-ffm.de\/index.php?rest_route=\/wp\/v2\/users\/3"}],"replies":[{"embeddable":true,"href":"https:\/\/insideamateurfussball-ffm.de\/index.php?rest_route=%2Fwp%2Fv2%2Fcomments&post=24985"}],"version-history":[{"count":3,"href":"https:\/\/insideamateurfussball-ffm.de\/index.php?rest_route=\/wp\/v2\/posts\/24985\/revisions"}],"predecessor-version":[{"id":25063,"href":"https:\/\/insideamateurfussball-ffm.de\/index.php?rest_route=\/wp\/v2\/posts\/24985\/revisions\/25063"}],"wp:featuredmedia":[{"embeddable":true,"href":"https:\/\/insideamateurfussball-ffm.de\/index.php?rest_route=\/wp\/v2\/media\/24023"}],"wp:attachment":[{"href":"https:\/\/insideamateurfussball-ffm.de\/index.php?rest_route=%2Fwp%2Fv2%2Fmedia&parent=24985"}],"wp:term":[{"taxonomy":"category","embeddable":true,"href":"https:\/\/insideamateurfussball-ffm.de\/index.php?rest_route=%2Fwp%2Fv2%2Fcategories&post=24985"},{"taxonomy":"post_tag","embeddable":true,"href":"https:\/\/insideamateurfussball-ffm.de\/index.php?rest_route=%2Fwp%2Fv2%2Ftags&post=24985"}],"curies":[{"name":"wp","href":"https:\/\/api.w.org\/{rel}","templated":true}]}}