{"id":24973,"date":"2025-04-14T14:10:59","date_gmt":"2025-04-14T13:10:59","guid":{"rendered":"https:\/\/insideamateurfussball-ffm.de\/?p=24973"},"modified":"2025-04-14T14:10:59","modified_gmt":"2025-04-14T13:10:59","slug":"kalbacher-vorsprung-schmilzt-wieder","status":"publish","type":"post","link":"https:\/\/insideamateurfussball-ffm.de\/?p=24973","title":{"rendered":"Kalbacher Vorsprung schmilzt wieder"},"content":{"rendered":"<h4>Durch die 0:1-Niederlage beim SV Bosnien\/Herzegowina schrumpft der Vorsprung des FC Kalbach an der Tabellenspitze wieder auf 4 Punkte, die Bosnier dagegen setzen ihre Siegesserie fort.<\/h4>\n<figure id=\"attachment_24982\" aria-describedby=\"caption-attachment-24982\" style=\"width: 2016px\" class=\"wp-caption alignnone\"><img loading=\"lazy\" decoding=\"async\" class=\"wp-image-24982 size-full\" src=\"http:\/\/insideamateurfussball-ffm.de\/wp-content\/uploads\/2025\/04\/bosnienkalbach08.jpg\" alt=\"\" width=\"2016\" height=\"1512\" srcset=\"https:\/\/insideamateurfussball-ffm.de\/wp-content\/uploads\/2025\/04\/bosnienkalbach08.jpg 2016w, https:\/\/insideamateurfussball-ffm.de\/wp-content\/uploads\/2025\/04\/bosnienkalbach08-300x225.jpg 300w, https:\/\/insideamateurfussball-ffm.de\/wp-content\/uploads\/2025\/04\/bosnienkalbach08-1024x768.jpg 1024w, https:\/\/insideamateurfussball-ffm.de\/wp-content\/uploads\/2025\/04\/bosnienkalbach08-768x576.jpg 768w, https:\/\/insideamateurfussball-ffm.de\/wp-content\/uploads\/2025\/04\/bosnienkalbach08-1536x1152.jpg 1536w\" sizes=\"auto, (max-width: 2016px) 100vw, 2016px\" \/><figcaption id=\"caption-attachment-24982\" class=\"wp-caption-text\">Nach dem Spiel jubelten die Bosnier \u00fcber den Sieg gegen den Tabellenf\u00fchrer. Foto: MZ<\/figcaption><\/figure>\n<h4>SV Bosnien\/Herzegowina &#8211; FC Kalbach 1:0 (1:0)<\/h4>\n<p><img loading=\"lazy\" decoding=\"async\" class=\"alignnone size-full wp-image-139\" src=\"http:\/\/insideamateurfussball-ffm.de\/wp-content\/uploads\/2022\/05\/Bosnien.jpg\" alt=\"\" width=\"79\" height=\"80\" \/><img loading=\"lazy\" decoding=\"async\" class=\"alignnone size-full wp-image-16\" src=\"http:\/\/insideamateurfussball-ffm.de\/wp-content\/uploads\/2021\/11\/kalbach-wappen.jpg\" alt=\"\" width=\"80\" height=\"80\" \/><\/p>\n<p>F\u00fcr den Spitzenreiter FC Kalbach war es ein schwerer Gang zum SV Bosnien\/Herzegowina, der aus den letzten 9 Spielen 7 Siege und ein Remis holte und nur das Ausw\u00e4rtsspiel in Karben ungl\u00fccklich verlor. Und so entwickelte sich ein Spiel, das die Gastgeber aus Bosnien bestimmten. Die Kalbacher kamen mit dem holprigen Platz nicht zurecht, um ihr gef\u00e4lliges Kombinationsspiel aufzuziehen, und so hatten die Bosnier ein \u00dcbergewicht. Viele Chancen konnten sich aber auch die Gastgeber nicht erspielen, dreimal landete ein Kopfball eines relativ freistehenden St\u00fcrmers in den Armen von Fabian Lanthaler. In der 42.Minute dann der F\u00fchrungstreffer f\u00fcr den SV Bosnien\/Herzegowina, ein langer Ball in die Spitze sollte von einem Kalbacher Verteidiger gekl\u00e4rt werden, der Ball traf aber Secouba Diatta und ging von dort am verdutzten Lanthaler vorbei ins Tor. Zur Halbzeit eine nicht unverdiente F\u00fchrung der Gastgeber.<\/p>\n<p>In der zweiten Halbzeit versuchten es die Kalbacher, sich vor das Tor der Bosnier zu kombinieren, es gab aber immer wieder leichte Ballverluste. In der 79.Minute zitterte das Kalbacher Torgeb\u00e4lk, als Kenan Sadikovic aus 20 Metern abzog, aber nur die Latte traf. Im Gegenzug hatten die Kalbacher eine Triple-Chance, aber die Gastgeber wehrten die B\u00e4lle kurz vor der Torlinie ab. Die gr\u00f6\u00dfte Chance zum Ausgleich vergab dann Toptorj\u00e4ger Achraf Gara Ali, der nach einer Hereingabe frei zum Schuss kam, aber am Torwart Adnan Dedic scheiterte. In der 7.Minute der Nachspielzeit dann noch eine Chance f\u00fcr Kalbach, nach \u2018einem langen Ball kl\u00e4rte Torwart Dedic den Ball an der Strafraumlinie, Achraf Gara Ali bekam den Ball, sein Heber landete aber neben dem Tor.<\/p>\n<p>Amir Mustafic, Trainer der Gastgeber, war mit dem Spiel seiner Mannschaft zufrieden: \u201ees war das, was wir erwartet haben, die Kalbacher haben eine gute Mannschaft, wir haben eine gute Mannschaft, dass es eng wird, war klar. Aber ich denke, wenn man das ganze Spiel betrachtet, dass wir verdient gewonnen haben.\u201c Kalbachs Vorstandsmitglied Manni Meyer haderte mit dem Spiel seiner Mannschaft: \u201ebl\u00f6des Gegentor, der Verteidiger will den Ball wegschie\u00dfen, der geht gegen den Kopf und dann ins Tor. Das ist halt der Unterschied heute, und wenn ich sehe, wie das Spiel gelaufen ist, Bosnien hatte noch zwei Kopfballchancen und einmal den wunderbaren Lattenschuss. Allerdings wir hatten mit dem Achraf eine Hundertprozentige, das muss das 1:1 sein, und eben in der letzten Minute, wenn Achraf den Ball richtig trifft, h\u00e4tte er auch noch reinfallen k\u00f6nnen. Es tut mir richtig weh, weil wir nichts entgegengesetzt haben, mal den K\u00f6rper reingestellt haben.\u201c<\/p>\n<p>Der Vorsprung des FC Kalbach, der von den letzten f\u00fcnf Spielen viermal zu Hause antreten darf, schmilzt damit auf 4 Punkte auf den Verfolger FC Karben, am Wochenende nach Ostern kommt es dann in Kalbach zum Aufeinandertreffen der beiden Mannschaften. Kalbach sollte nicht verlieren, damit der Vorsprung nicht auf einen Punkt schmilzt und das direkte Duell gegen Karben verloren wird, das Hinspiel endete 1:1.<\/p>\n<h4>Schiedsrichter: Christian Vogel (TuS Kernel). Zuschauer: 100.<\/h4>\n<h4>Tore: 1:0 Secouba Diatta (42.)<\/h4>\n\n\n<figure class=\"wp-block-image size-large\"><img loading=\"lazy\" decoding=\"async\" width=\"1024\" height=\"768\" src=\"http:\/\/insideamateurfussball-ffm.de\/wp-content\/uploads\/2025\/04\/bosnienkalbach00-1024x768.jpg\" alt=\"\" class=\"wp-image-24974\" srcset=\"https:\/\/insideamateurfussball-ffm.de\/wp-content\/uploads\/2025\/04\/bosnienkalbach00-1024x768.jpg 1024w, https:\/\/insideamateurfussball-ffm.de\/wp-content\/uploads\/2025\/04\/bosnienkalbach00-300x225.jpg 300w, https:\/\/insideamateurfussball-ffm.de\/wp-content\/uploads\/2025\/04\/bosnienkalbach00-768x576.jpg 768w, https:\/\/insideamateurfussball-ffm.de\/wp-content\/uploads\/2025\/04\/bosnienkalbach00-1536x1152.jpg 1536w, https:\/\/insideamateurfussball-ffm.de\/wp-content\/uploads\/2025\/04\/bosnienkalbach00.jpg 2016w\" sizes=\"auto, (max-width: 1024px) 100vw, 1024px\" \/><\/figure>\n\n\n\n<figure class=\"wp-block-image size-large\"><img loading=\"lazy\" decoding=\"async\" width=\"1024\" height=\"768\" src=\"http:\/\/insideamateurfussball-ffm.de\/wp-content\/uploads\/2025\/04\/bosnienkalbach01-1024x768.jpg\" alt=\"\" class=\"wp-image-24975\" srcset=\"https:\/\/insideamateurfussball-ffm.de\/wp-content\/uploads\/2025\/04\/bosnienkalbach01-1024x768.jpg 1024w, https:\/\/insideamateurfussball-ffm.de\/wp-content\/uploads\/2025\/04\/bosnienkalbach01-300x225.jpg 300w, https:\/\/insideamateurfussball-ffm.de\/wp-content\/uploads\/2025\/04\/bosnienkalbach01-768x576.jpg 768w, https:\/\/insideamateurfussball-ffm.de\/wp-content\/uploads\/2025\/04\/bosnienkalbach01-1536x1152.jpg 1536w, https:\/\/insideamateurfussball-ffm.de\/wp-content\/uploads\/2025\/04\/bosnienkalbach01.jpg 2016w\" sizes=\"auto, (max-width: 1024px) 100vw, 1024px\" \/><\/figure>\n\n\n\n<figure class=\"wp-block-image size-large\"><img loading=\"lazy\" decoding=\"async\" width=\"1024\" height=\"768\" src=\"http:\/\/insideamateurfussball-ffm.de\/wp-content\/uploads\/2025\/04\/bosnienkalbach02-1024x768.jpg\" alt=\"\" class=\"wp-image-24976\" srcset=\"https:\/\/insideamateurfussball-ffm.de\/wp-content\/uploads\/2025\/04\/bosnienkalbach02-1024x768.jpg 1024w, https:\/\/insideamateurfussball-ffm.de\/wp-content\/uploads\/2025\/04\/bosnienkalbach02-300x225.jpg 300w, https:\/\/insideamateurfussball-ffm.de\/wp-content\/uploads\/2025\/04\/bosnienkalbach02-768x576.jpg 768w, https:\/\/insideamateurfussball-ffm.de\/wp-content\/uploads\/2025\/04\/bosnienkalbach02-1536x1152.jpg 1536w, https:\/\/insideamateurfussball-ffm.de\/wp-content\/uploads\/2025\/04\/bosnienkalbach02.jpg 2016w\" sizes=\"auto, (max-width: 1024px) 100vw, 1024px\" \/><\/figure>\n\n\n\n<figure class=\"wp-block-image size-large\"><img loading=\"lazy\" decoding=\"async\" width=\"1024\" height=\"768\" src=\"http:\/\/insideamateurfussball-ffm.de\/wp-content\/uploads\/2025\/04\/bosnienkalbach03-1024x768.jpg\" alt=\"\" class=\"wp-image-24977\" srcset=\"https:\/\/insideamateurfussball-ffm.de\/wp-content\/uploads\/2025\/04\/bosnienkalbach03-1024x768.jpg 1024w, https:\/\/insideamateurfussball-ffm.de\/wp-content\/uploads\/2025\/04\/bosnienkalbach03-300x225.jpg 300w, https:\/\/insideamateurfussball-ffm.de\/wp-content\/uploads\/2025\/04\/bosnienkalbach03-768x576.jpg 768w, https:\/\/insideamateurfussball-ffm.de\/wp-content\/uploads\/2025\/04\/bosnienkalbach03-1536x1152.jpg 1536w, https:\/\/insideamateurfussball-ffm.de\/wp-content\/uploads\/2025\/04\/bosnienkalbach03.jpg 2016w\" sizes=\"auto, (max-width: 1024px) 100vw, 1024px\" \/><\/figure>\n\n\n\n<figure class=\"wp-block-image size-large\"><img loading=\"lazy\" decoding=\"async\" width=\"1024\" height=\"768\" src=\"http:\/\/insideamateurfussball-ffm.de\/wp-content\/uploads\/2025\/04\/bosnienkalbach04-1024x768.jpg\" alt=\"\" class=\"wp-image-24978\" srcset=\"https:\/\/insideamateurfussball-ffm.de\/wp-content\/uploads\/2025\/04\/bosnienkalbach04-1024x768.jpg 1024w, https:\/\/insideamateurfussball-ffm.de\/wp-content\/uploads\/2025\/04\/bosnienkalbach04-300x225.jpg 300w, https:\/\/insideamateurfussball-ffm.de\/wp-content\/uploads\/2025\/04\/bosnienkalbach04-768x576.jpg 768w, https:\/\/insideamateurfussball-ffm.de\/wp-content\/uploads\/2025\/04\/bosnienkalbach04-1536x1152.jpg 1536w, https:\/\/insideamateurfussball-ffm.de\/wp-content\/uploads\/2025\/04\/bosnienkalbach04.jpg 2016w\" sizes=\"auto, (max-width: 1024px) 100vw, 1024px\" \/><\/figure>\n\n\n\n<figure class=\"wp-block-image size-large\"><img loading=\"lazy\" decoding=\"async\" width=\"1024\" height=\"768\" src=\"http:\/\/insideamateurfussball-ffm.de\/wp-content\/uploads\/2025\/04\/bosnienkalbach05-1024x768.jpg\" alt=\"\" class=\"wp-image-24979\" srcset=\"https:\/\/insideamateurfussball-ffm.de\/wp-content\/uploads\/2025\/04\/bosnienkalbach05-1024x768.jpg 1024w, https:\/\/insideamateurfussball-ffm.de\/wp-content\/uploads\/2025\/04\/bosnienkalbach05-300x225.jpg 300w, https:\/\/insideamateurfussball-ffm.de\/wp-content\/uploads\/2025\/04\/bosnienkalbach05-768x576.jpg 768w, https:\/\/insideamateurfussball-ffm.de\/wp-content\/uploads\/2025\/04\/bosnienkalbach05-1536x1152.jpg 1536w, https:\/\/insideamateurfussball-ffm.de\/wp-content\/uploads\/2025\/04\/bosnienkalbach05.jpg 2016w\" sizes=\"auto, (max-width: 1024px) 100vw, 1024px\" \/><\/figure>\n\n\n\n<figure class=\"wp-block-image size-large\"><img loading=\"lazy\" decoding=\"async\" width=\"1024\" height=\"768\" src=\"http:\/\/insideamateurfussball-ffm.de\/wp-content\/uploads\/2025\/04\/bosnienkalbach06-1024x768.jpg\" alt=\"\" class=\"wp-image-24980\" srcset=\"https:\/\/insideamateurfussball-ffm.de\/wp-content\/uploads\/2025\/04\/bosnienkalbach06-1024x768.jpg 1024w, https:\/\/insideamateurfussball-ffm.de\/wp-content\/uploads\/2025\/04\/bosnienkalbach06-300x225.jpg 300w, https:\/\/insideamateurfussball-ffm.de\/wp-content\/uploads\/2025\/04\/bosnienkalbach06-768x576.jpg 768w, https:\/\/insideamateurfussball-ffm.de\/wp-content\/uploads\/2025\/04\/bosnienkalbach06-1536x1152.jpg 1536w, https:\/\/insideamateurfussball-ffm.de\/wp-content\/uploads\/2025\/04\/bosnienkalbach06.jpg 2016w\" sizes=\"auto, (max-width: 1024px) 100vw, 1024px\" \/><\/figure>\n\n\n\n<figure class=\"wp-block-image size-large\"><img loading=\"lazy\" decoding=\"async\" width=\"1024\" height=\"768\" src=\"http:\/\/insideamateurfussball-ffm.de\/wp-content\/uploads\/2025\/04\/bosnienkalbach07-1024x768.jpg\" alt=\"\" class=\"wp-image-24981\" srcset=\"https:\/\/insideamateurfussball-ffm.de\/wp-content\/uploads\/2025\/04\/bosnienkalbach07-1024x768.jpg 1024w, https:\/\/insideamateurfussball-ffm.de\/wp-content\/uploads\/2025\/04\/bosnienkalbach07-300x225.jpg 300w, https:\/\/insideamateurfussball-ffm.de\/wp-content\/uploads\/2025\/04\/bosnienkalbach07-768x576.jpg 768w, https:\/\/insideamateurfussball-ffm.de\/wp-content\/uploads\/2025\/04\/bosnienkalbach07-1536x1152.jpg 1536w, https:\/\/insideamateurfussball-ffm.de\/wp-content\/uploads\/2025\/04\/bosnienkalbach07.jpg 2016w\" sizes=\"auto, (max-width: 1024px) 100vw, 1024px\" \/><\/figure>\n","protected":false},"excerpt":{"rendered":"<p>Durch die 0:1-Niederlage beim SV Bosnien\/Herzegowina schrumpft der Vorsprung des FC Kalbach an der Tabellenspitze wieder auf 4 Punkte, die Bosnier dagegen setzen ihre Siegesserie fort. SV Bosnien\/Herzegowina &#8211; FC Kalbach 1:0 (1:0) F\u00fcr den Spitzenreiter FC Kalbach war es ein schwerer Gang zum SV Bosnien\/Herzegowina, der aus den letzten 9 Spielen 7 Siege und [&hellip;]<\/p>\n","protected":false},"author":3,"featured_media":24982,"comment_status":"closed","ping_status":"open","sticky":true,"template":"","format":"standard","meta":{"footnotes":""},"categories":[13],"tags":[],"class_list":["post-24973","post","type-post","status-publish","format-standard","has-post-thumbnail","hentry","category-gruppenliga-frankfurt-west"],"_links":{"self":[{"href":"https:\/\/insideamateurfussball-ffm.de\/index.php?rest_route=\/wp\/v2\/posts\/24973","targetHints":{"allow":["GET"]}}],"collection":[{"href":"https:\/\/insideamateurfussball-ffm.de\/index.php?rest_route=\/wp\/v2\/posts"}],"about":[{"href":"https:\/\/insideamateurfussball-ffm.de\/index.php?rest_route=\/wp\/v2\/types\/post"}],"author":[{"embeddable":true,"href":"https:\/\/insideamateurfussball-ffm.de\/index.php?rest_route=\/wp\/v2\/users\/3"}],"replies":[{"embeddable":true,"href":"https:\/\/insideamateurfussball-ffm.de\/index.php?rest_route=%2Fwp%2Fv2%2Fcomments&post=24973"}],"version-history":[{"count":2,"href":"https:\/\/insideamateurfussball-ffm.de\/index.php?rest_route=\/wp\/v2\/posts\/24973\/revisions"}],"predecessor-version":[{"id":24984,"href":"https:\/\/insideamateurfussball-ffm.de\/index.php?rest_route=\/wp\/v2\/posts\/24973\/revisions\/24984"}],"wp:featuredmedia":[{"embeddable":true,"href":"https:\/\/insideamateurfussball-ffm.de\/index.php?rest_route=\/wp\/v2\/media\/24982"}],"wp:attachment":[{"href":"https:\/\/insideamateurfussball-ffm.de\/index.php?rest_route=%2Fwp%2Fv2%2Fmedia&parent=24973"}],"wp:term":[{"taxonomy":"category","embeddable":true,"href":"https:\/\/insideamateurfussball-ffm.de\/index.php?rest_route=%2Fwp%2Fv2%2Fcategories&post=24973"},{"taxonomy":"post_tag","embeddable":true,"href":"https:\/\/insideamateurfussball-ffm.de\/index.php?rest_route=%2Fwp%2Fv2%2Ftags&post=24973"}],"curies":[{"name":"wp","href":"https:\/\/api.w.org\/{rel}","templated":true}]}}