{"id":24951,"date":"2025-04-14T09:14:15","date_gmt":"2025-04-14T08:14:15","guid":{"rendered":"https:\/\/insideamateurfussball-ffm.de\/?p=24951"},"modified":"2025-04-14T21:31:57","modified_gmt":"2025-04-14T20:31:57","slug":"rw-unterliegt-nach-schwachem-spiel-der-spvgg-neu-isenburg","status":"publish","type":"post","link":"https:\/\/insideamateurfussball-ffm.de\/?p=24951","title":{"rendered":"RW unterliegt nach schwachem Spiel der Spvgg. Neu-Isenburg"},"content":{"rendered":"<h4>Rot-Weiss Frankfurt musste sich ersatzgeschw\u00e4cht der abstiegsbedrohten Spvgg. Neu-Isenburg auf heimischem Gel\u00e4nde mit 1:2 geschlagen geben, sollte aber mit dem Abstieg nichts mehr zu tun bekommen.<\/h4>\n<figure id=\"attachment_21296\" aria-describedby=\"caption-attachment-21296\" style=\"width: 1181px\" class=\"wp-caption alignnone\"><img loading=\"lazy\" decoding=\"async\" class=\"wp-image-21296 size-full\" src=\"http:\/\/insideamateurfussball-ffm.de\/wp-content\/uploads\/2024\/09\/isenb4.jpg\" alt=\"\" width=\"1181\" height=\"883\" srcset=\"https:\/\/insideamateurfussball-ffm.de\/wp-content\/uploads\/2024\/09\/isenb4.jpg 1181w, https:\/\/insideamateurfussball-ffm.de\/wp-content\/uploads\/2024\/09\/isenb4-300x224.jpg 300w, https:\/\/insideamateurfussball-ffm.de\/wp-content\/uploads\/2024\/09\/isenb4-1024x766.jpg 1024w, https:\/\/insideamateurfussball-ffm.de\/wp-content\/uploads\/2024\/09\/isenb4-768x574.jpg 768w\" sizes=\"auto, (max-width: 1181px) 100vw, 1181px\" \/><figcaption id=\"caption-attachment-21296\" class=\"wp-caption-text\">Die Spvgg. Neu-Isenburg war im R\u00fcckspiel gegen RW Frankfurt mit 2:1 erfolgreich. Foto: Archiv Mithat G\u00fcrser<\/figcaption><\/figure>\n<h4>SG RW Frankfurt &#8211; Spvgg. Neu-Isenburg 1:2 (0:1)<\/h4>\n<p><img loading=\"lazy\" decoding=\"async\" class=\"alignnone size-full wp-image-120\" src=\"http:\/\/insideamateurfussball-ffm.de\/wp-content\/uploads\/2022\/05\/rot-weiss.png\" alt=\"\" width=\"80\" height=\"70\" \/><img loading=\"lazy\" decoding=\"async\" class=\"alignnone  wp-image-2040\" src=\"http:\/\/insideamateurfussball-ffm.de\/wp-content\/uploads\/2022\/08\/neu-isenburg-300x300.jpg\" alt=\"\" width=\"74\" height=\"74\" srcset=\"https:\/\/insideamateurfussball-ffm.de\/wp-content\/uploads\/2022\/08\/neu-isenburg-300x300.jpg 300w, https:\/\/insideamateurfussball-ffm.de\/wp-content\/uploads\/2022\/08\/neu-isenburg-150x150.jpg 150w, https:\/\/insideamateurfussball-ffm.de\/wp-content\/uploads\/2022\/08\/neu-isenburg-768x768.jpg 768w, https:\/\/insideamateurfussball-ffm.de\/wp-content\/uploads\/2022\/08\/neu-isenburg.jpg 960w\" sizes=\"auto, (max-width: 74px) 100vw, 74px\" \/><\/p>\n<p>Nach dem Ausw\u00e4rtssieg bei Germania Ober-Roden konnten die Rot-Weissen befreit gegen den Abstiegskandidaten Spvgg. Nau-Isenburg antreten, doch am Ende musste man sich mit 1:2 geschlagen geben. Der wieder genesene RW-Trainer Ibo Cigdem hatte aufgrund der vielen Ausf\u00e4lle ein Personalpuzzle zu l\u00f6sen, es standen zudem nur vier Einwechselspieler zur Verf\u00fcgung. Trainer Cigdem. \u201ees war f\u00fcr viele Spieler die Chance, Einsatzminuten zu erspielen, doch das hat nicht geklappt\u201c.<\/p>\n<p>Die G\u00e4ste aus Neu-Isenburg gingen in der 15.Minute mit 1:0 in F\u00fchrung, als Ahmed Ben Bachir Diack nach einem abgewehrten Freisto\u00df den zweiten Ball eroberte und ins Netz traf. Die Rot-Weissen konnten sich in dem kampfbetonten Spiel nur wenige Chancen erspielen, in der 63.Minute traf Chakib Neteoui Flores mit einem Freisto\u00df zum 0:2. Den Gastgebern gelang sp\u00e4t in der 89.Minute der Ehrentreffer, nach einem Eckball konnte der eingewechselte Batuhan \u00d6zy\u00fcrek auf 1:2 verk\u00fcrzen, doch der Gast brachte seine F\u00fchrung auch in der f\u00fcnfmin\u00fctigen Nachspielzeit \u00fcber die Runden. Cigdem meinte zur Leistung seiner Mannschaft: \u201cdas war nicht verbandsligatauglich.\u201c<\/p>\n<p>Nach dem spielfreien Oster-Wochenende m\u00fcssen die Rot-Weissen zum SC Dortelweil, der derzeit den Relegationsplatz f\u00fcr den Aufstieg in die Hessenliga belegt. Die Rot-Weissen ihrerseits haben noch einen beruhigenden Vorsprung von 8 Punkten auf die Abstiegsregion.<\/p>\n<h4>Schiedsrichter: Michele Abbondanza (1.SC Kohlheck). Zuschauer: 100.<\/h4>\n<h4>Tore: 0:1 Ahmed Ben Bachir Diack (15.), 0:2 Chakib Neteoui Flores (63.), 1:2 Batuhan \u00d6zy\u00fcrek (89.)<\/h4>\n","protected":false},"excerpt":{"rendered":"<p>Rot-Weiss Frankfurt musste sich ersatzgeschw\u00e4cht der abstiegsbedrohten Spvgg. Neu-Isenburg auf heimischem Gel\u00e4nde mit 1:2 geschlagen geben, sollte aber mit dem Abstieg nichts mehr zu tun bekommen. SG RW Frankfurt &#8211; Spvgg. Neu-Isenburg 1:2 (0:1) Nach dem Ausw\u00e4rtssieg bei Germania Ober-Roden konnten die Rot-Weissen befreit gegen den Abstiegskandidaten Spvgg. Nau-Isenburg antreten, doch am Ende musste man [&hellip;]<\/p>\n","protected":false},"author":3,"featured_media":21296,"comment_status":"closed","ping_status":"open","sticky":true,"template":"","format":"standard","meta":{"footnotes":""},"categories":[10],"tags":[],"class_list":["post-24951","post","type-post","status-publish","format-standard","has-post-thumbnail","hentry","category-verbandsliga-sued"],"_links":{"self":[{"href":"https:\/\/insideamateurfussball-ffm.de\/index.php?rest_route=\/wp\/v2\/posts\/24951","targetHints":{"allow":["GET"]}}],"collection":[{"href":"https:\/\/insideamateurfussball-ffm.de\/index.php?rest_route=\/wp\/v2\/posts"}],"about":[{"href":"https:\/\/insideamateurfussball-ffm.de\/index.php?rest_route=\/wp\/v2\/types\/post"}],"author":[{"embeddable":true,"href":"https:\/\/insideamateurfussball-ffm.de\/index.php?rest_route=\/wp\/v2\/users\/3"}],"replies":[{"embeddable":true,"href":"https:\/\/insideamateurfussball-ffm.de\/index.php?rest_route=%2Fwp%2Fv2%2Fcomments&post=24951"}],"version-history":[{"count":3,"href":"https:\/\/insideamateurfussball-ffm.de\/index.php?rest_route=\/wp\/v2\/posts\/24951\/revisions"}],"predecessor-version":[{"id":25021,"href":"https:\/\/insideamateurfussball-ffm.de\/index.php?rest_route=\/wp\/v2\/posts\/24951\/revisions\/25021"}],"wp:featuredmedia":[{"embeddable":true,"href":"https:\/\/insideamateurfussball-ffm.de\/index.php?rest_route=\/wp\/v2\/media\/21296"}],"wp:attachment":[{"href":"https:\/\/insideamateurfussball-ffm.de\/index.php?rest_route=%2Fwp%2Fv2%2Fmedia&parent=24951"}],"wp:term":[{"taxonomy":"category","embeddable":true,"href":"https:\/\/insideamateurfussball-ffm.de\/index.php?rest_route=%2Fwp%2Fv2%2Fcategories&post=24951"},{"taxonomy":"post_tag","embeddable":true,"href":"https:\/\/insideamateurfussball-ffm.de\/index.php?rest_route=%2Fwp%2Fv2%2Ftags&post=24951"}],"curies":[{"name":"wp","href":"https:\/\/api.w.org\/{rel}","templated":true}]}}