{"id":24935,"date":"2025-04-08T19:40:57","date_gmt":"2025-04-08T18:40:57","guid":{"rendered":"https:\/\/insideamateurfussball-ffm.de\/?p=24935"},"modified":"2025-04-09T15:14:09","modified_gmt":"2025-04-09T14:14:09","slug":"gudesding-serie-geht-weiter-schon-neunter","status":"publish","type":"post","link":"https:\/\/insideamateurfussball-ffm.de\/?p=24935","title":{"rendered":"Gudesding: Serie geht weiter &#8211; schon Neunter!"},"content":{"rendered":"<h4>Dritter Heimsieg in Folge f\u00fcr den FC Gudesding, der mit 31 Punkten auf Rang neun am Aufsteiger BSC Schwarz-Wei\u00df 19, der im Ostpark mit 2:1 besiegt wurde, vorbei zieht.<\/h4>\n<figure id=\"attachment_18874\" aria-describedby=\"caption-attachment-18874\" style=\"width: 2048px\" class=\"wp-caption alignnone\"><img loading=\"lazy\" decoding=\"async\" class=\"wp-image-18874 size-full\" src=\"http:\/\/insideamateurfussball-ffm.de\/wp-content\/uploads\/2024\/05\/Gudesdingroed.jpg\" alt=\"\" width=\"2048\" height=\"1536\" srcset=\"https:\/\/insideamateurfussball-ffm.de\/wp-content\/uploads\/2024\/05\/Gudesdingroed.jpg 2048w, https:\/\/insideamateurfussball-ffm.de\/wp-content\/uploads\/2024\/05\/Gudesdingroed-300x225.jpg 300w, https:\/\/insideamateurfussball-ffm.de\/wp-content\/uploads\/2024\/05\/Gudesdingroed-1024x768.jpg 1024w, https:\/\/insideamateurfussball-ffm.de\/wp-content\/uploads\/2024\/05\/Gudesdingroed-768x576.jpg 768w, https:\/\/insideamateurfussball-ffm.de\/wp-content\/uploads\/2024\/05\/Gudesdingroed-1536x1152.jpg 1536w\" sizes=\"auto, (max-width: 2048px) 100vw, 2048px\" \/><figcaption id=\"caption-attachment-18874\" class=\"wp-caption-text\">Der FC Gudesding ist in der KOL &#8222;en vogue&#8220;. Foto: Archiv PA.<\/figcaption><\/figure>\n<h4>FC Gudesding &#8211; BSC Schwarz-Wei\u00df 19 2:1 (2:0)<\/h4>\n<p><img loading=\"lazy\" decoding=\"async\" class=\"alignnone size-full wp-image-10\" src=\"http:\/\/insideamateurfussball-ffm.de\/wp-content\/uploads\/2021\/11\/Gudesding.jpg\" alt=\"\" width=\"64\" height=\"80\" \/><img loading=\"lazy\" decoding=\"async\" class=\"alignnone size-full wp-image-285\" src=\"http:\/\/insideamateurfussball-ffm.de\/wp-content\/uploads\/2022\/05\/BSC-19.jpg\" alt=\"\" width=\"80\" height=\"61\" \/><\/p>\n<p>Laut &#8222;Gude&#8220;-Trainer Daniel Cohn-Bendit h\u00e4tte sein Team in der ersten Halbzeit vier Tore machen m\u00fcssen, hatte zweimal Pech im Abschluss mit Pfosten und Latte. &#8222;Die erste Halbzeit war wirklich sehr gut&#8220;, betonte Cohn-Bendit. Mutaz Husain (23.) und der eingewechselte Arne Kuhrs (38.) hatten das 2:0 zur Pause vorgelegt.<\/p>\n<p>Nach dem Seitenwechsel konnten die G\u00e4ste mit Mulualem Tilahun Haile verk\u00fcrzen (52.). Der BSC kam dann druckvoll nach vorne und hatte noch einen Pfostenschuss zu verzeichnen. &#8222;Viel gef\u00e4hrlicher wurde es nicht&#8220;, so der FCG-Coach, der sich nun auf das vierte Heimspiel in Folge gegen Spitzenreiter FC Kosova freut: &#8222;Gegen den BSC war es ein \u00fcberragender Sieg, mit Kosova kommt nat\u00fcrlich jetzt ein ganz starker Gegner.&#8220;<\/p>\n<blockquote>\n<h4>&#8222;Nach so viel Pech m\u00fcssen wir dann eben gegen Bornheim II unser Gl\u00fcck wieder zur\u00fcck holen.&#8220; (BSC-Trainer Eleyas Kahsay)<\/h4>\n<\/blockquote>\n<p>F\u00fcr den BSC, der mit nur noch f\u00fcnf Punkten Abstand nach unten noch l\u00e4ngst nicht durch ist, steht die Heimpartie gegen die Reserve der SG Bornheim\/Gr\u00fcn-Wei\u00df auf dem Spielplan.<\/p>\n<p>Trainer Eleyas Kahsay meinte: &#8222;Ein Unentschieden w\u00e4re mehr als verdient gewesen. Jetzt wird es doch langsam eng f\u00fcr uns. Nach so viel Pech m\u00fcssen wir dann eben gegen Bornheim II unser Gl\u00fcck wieder zur\u00fcck holen.&#8220;<\/p>\n<blockquote>\n<h4>Schiedsrichter: Anas Jtite (FC Erlensee). Zuschauer: 60.<\/h4>\n<h4>Tore: 1:0 Mutaz Husain (23.), 2:0 Arne Kuhrs (38.), 2:1 Mulualem Tilahun Haile (52.).<\/h4>\n<\/blockquote>\n","protected":false},"excerpt":{"rendered":"<p>Dritter Heimsieg in Folge f\u00fcr den FC Gudesding, der mit 31 Punkten auf Rang neun am Aufsteiger BSC Schwarz-Wei\u00df 19, der im Ostpark mit 2:1 besiegt wurde, vorbei zieht. FC Gudesding &#8211; BSC Schwarz-Wei\u00df 19 2:1 (2:0) Laut &#8222;Gude&#8220;-Trainer Daniel Cohn-Bendit h\u00e4tte sein Team in der ersten Halbzeit vier Tore machen m\u00fcssen, hatte zweimal Pech [&hellip;]<\/p>\n","protected":false},"author":1,"featured_media":18874,"comment_status":"closed","ping_status":"closed","sticky":true,"template":"","format":"standard","meta":{"footnotes":""},"categories":[2],"tags":[],"class_list":["post-24935","post","type-post","status-publish","format-standard","has-post-thumbnail","hentry","category-kreisoberliga-frankfurt"],"_links":{"self":[{"href":"https:\/\/insideamateurfussball-ffm.de\/index.php?rest_route=\/wp\/v2\/posts\/24935","targetHints":{"allow":["GET"]}}],"collection":[{"href":"https:\/\/insideamateurfussball-ffm.de\/index.php?rest_route=\/wp\/v2\/posts"}],"about":[{"href":"https:\/\/insideamateurfussball-ffm.de\/index.php?rest_route=\/wp\/v2\/types\/post"}],"author":[{"embeddable":true,"href":"https:\/\/insideamateurfussball-ffm.de\/index.php?rest_route=\/wp\/v2\/users\/1"}],"replies":[{"embeddable":true,"href":"https:\/\/insideamateurfussball-ffm.de\/index.php?rest_route=%2Fwp%2Fv2%2Fcomments&post=24935"}],"version-history":[{"count":3,"href":"https:\/\/insideamateurfussball-ffm.de\/index.php?rest_route=\/wp\/v2\/posts\/24935\/revisions"}],"predecessor-version":[{"id":24941,"href":"https:\/\/insideamateurfussball-ffm.de\/index.php?rest_route=\/wp\/v2\/posts\/24935\/revisions\/24941"}],"wp:featuredmedia":[{"embeddable":true,"href":"https:\/\/insideamateurfussball-ffm.de\/index.php?rest_route=\/wp\/v2\/media\/18874"}],"wp:attachment":[{"href":"https:\/\/insideamateurfussball-ffm.de\/index.php?rest_route=%2Fwp%2Fv2%2Fmedia&parent=24935"}],"wp:term":[{"taxonomy":"category","embeddable":true,"href":"https:\/\/insideamateurfussball-ffm.de\/index.php?rest_route=%2Fwp%2Fv2%2Fcategories&post=24935"},{"taxonomy":"post_tag","embeddable":true,"href":"https:\/\/insideamateurfussball-ffm.de\/index.php?rest_route=%2Fwp%2Fv2%2Ftags&post=24935"}],"curies":[{"name":"wp","href":"https:\/\/api.w.org\/{rel}","templated":true}]}}