{"id":24930,"date":"2025-04-08T19:13:40","date_gmt":"2025-04-08T18:13:40","guid":{"rendered":"https:\/\/insideamateurfussball-ffm.de\/?p=24930"},"modified":"2025-04-08T19:13:40","modified_gmt":"2025-04-08T18:13:40","slug":"germania-laesst-erneut-punkte-bei-kellerkind-liegen","status":"publish","type":"post","link":"https:\/\/insideamateurfussball-ffm.de\/?p=24930","title":{"rendered":"Germania l\u00e4sst erneut Punkte bei Kellerkind liegen"},"content":{"rendered":"<h4>Wie schon beim 1:1 bei Schlusslicht FC Croatia lie\u00df der VfL Germania 94 bei einem Abstiegskandidaten zwei Punkte liegen. Auch beim Drittletzten SV Viktoria Preu\u00dfen reichte es nur zum einem 1:1, weshalb Verfolger TuS Makkabi den 94ern die Teilnahme an der Aufstiegsrunde zur Gruppenliga Frankfurt West weiter streitig macht.<\/h4>\n<figure id=\"attachment_24933\" aria-describedby=\"caption-attachment-24933\" style=\"width: 836px\" class=\"wp-caption alignnone\"><img loading=\"lazy\" decoding=\"async\" class=\"wp-image-24933\" src=\"http:\/\/insideamateurfussball-ffm.de\/wp-content\/uploads\/2025\/04\/croa6-3.jpg\" alt=\"\" width=\"836\" height=\"663\" srcset=\"https:\/\/insideamateurfussball-ffm.de\/wp-content\/uploads\/2025\/04\/croa6-3.jpg 827w, https:\/\/insideamateurfussball-ffm.de\/wp-content\/uploads\/2025\/04\/croa6-3-300x238.jpg 300w, https:\/\/insideamateurfussball-ffm.de\/wp-content\/uploads\/2025\/04\/croa6-3-768x609.jpg 768w\" sizes=\"auto, (max-width: 836px) 100vw, 836px\" \/><figcaption id=\"caption-attachment-24933\" class=\"wp-caption-text\">Germania-Trainer Siar Daudi. Foto: Archiv Mithat G\u00fcrser.\u00a0\u00a0<\/figcaption><\/figure>\n<h4>SV Viktoria Preu\u00dfen &#8211; VfL Germania 94 1:1 (1:1)<\/h4>\n<p><img loading=\"lazy\" decoding=\"async\" class=\"alignnone size-full wp-image-12\" src=\"http:\/\/insideamateurfussball-ffm.de\/wp-content\/uploads\/2021\/11\/preussen.jpg\" alt=\"\" width=\"72\" height=\"80\" \/><img loading=\"lazy\" decoding=\"async\" class=\"alignnone size-full wp-image-508\" src=\"http:\/\/insideamateurfussball-ffm.de\/wp-content\/uploads\/2022\/05\/Germania-94.jpg\" alt=\"\" width=\"80\" height=\"80\" \/><\/p>\n<p>Die Preu\u00dfen boten ein gutes Spiel und hatten den Aufstiegsanw\u00e4rter am Ende am Rande einer Niederlage. Der fr\u00fche R\u00fcckstand durch Mevlut G\u00fccl\u00fct\u00fcrk (7.) egalisierte in der Nachspielzeit der ersten Halbzeit Jalil Shirendel (45.\/+2). &#8222;Bei uns zu Hause war das ein sehr gutes Spiel auf Augenh\u00f6he&#8220;, konstatierte Preu\u00dfen-Trainer Cem Caput.<\/p>\n<p>Das offene Spiel setzte sich bis zum Schluss fort, am Ende hatte der Abstiegskandidat sogar noch die besseren M\u00f6glichkeiten durch einen Lattenschuss. &#8222;Die Moral und Leistung war sehr gut, die Atmosph\u00e4re war gut. Das war wieder eine Steigerung, so kann es weiter gehen. Spielerisch haben wir es sehr gut gel\u00f6st, den Gegner unter Druck gesetzt und konsequent verteidigt&#8220;, deutete Caput an.<\/p>\n<p>F\u00fcr Germania-Trainer Siar Daudi war das Remis &#8222;\u00e4rgerlich, leider ist momentan bei uns durch eine Verletztenmisere nicht mehr drin. Vielleicht tut uns die Pause gut, denn wir sind nun bis zum 27. April spielfrei&#8220;, meinte Daudi.<\/p>\n<p>F\u00fcr die Preu\u00dfen geht es am Sonntag zum direkten Konkurrenten der Germania, den Tabellendritten TuS Makkabi (15 Uhr).<\/p>\n<blockquote>\n<h4>Schiedsrichter: Gerhard Kempel (VfR Wenings). Zuschauer: 50.<\/h4>\n<h4>Tore: 0:1 Mevlut G\u00fccl\u00fct\u00fcrk (7.), 1:1 Jilal Shirendel (45.\/+2).<\/h4>\n<\/blockquote>\n","protected":false},"excerpt":{"rendered":"<p>Wie schon beim 1:1 bei Schlusslicht FC Croatia lie\u00df der VfL Germania 94 bei einem Abstiegskandidaten zwei Punkte liegen. Auch beim Drittletzten SV Viktoria Preu\u00dfen reichte es nur zum einem 1:1, weshalb Verfolger TuS Makkabi den 94ern die Teilnahme an der Aufstiegsrunde zur Gruppenliga Frankfurt West weiter streitig macht. SV Viktoria Preu\u00dfen &#8211; VfL Germania [&hellip;]<\/p>\n","protected":false},"author":1,"featured_media":24933,"comment_status":"closed","ping_status":"closed","sticky":true,"template":"","format":"standard","meta":{"footnotes":""},"categories":[2],"tags":[],"class_list":["post-24930","post","type-post","status-publish","format-standard","has-post-thumbnail","hentry","category-kreisoberliga-frankfurt"],"_links":{"self":[{"href":"https:\/\/insideamateurfussball-ffm.de\/index.php?rest_route=\/wp\/v2\/posts\/24930","targetHints":{"allow":["GET"]}}],"collection":[{"href":"https:\/\/insideamateurfussball-ffm.de\/index.php?rest_route=\/wp\/v2\/posts"}],"about":[{"href":"https:\/\/insideamateurfussball-ffm.de\/index.php?rest_route=\/wp\/v2\/types\/post"}],"author":[{"embeddable":true,"href":"https:\/\/insideamateurfussball-ffm.de\/index.php?rest_route=\/wp\/v2\/users\/1"}],"replies":[{"embeddable":true,"href":"https:\/\/insideamateurfussball-ffm.de\/index.php?rest_route=%2Fwp%2Fv2%2Fcomments&post=24930"}],"version-history":[{"count":1,"href":"https:\/\/insideamateurfussball-ffm.de\/index.php?rest_route=\/wp\/v2\/posts\/24930\/revisions"}],"predecessor-version":[{"id":24934,"href":"https:\/\/insideamateurfussball-ffm.de\/index.php?rest_route=\/wp\/v2\/posts\/24930\/revisions\/24934"}],"wp:featuredmedia":[{"embeddable":true,"href":"https:\/\/insideamateurfussball-ffm.de\/index.php?rest_route=\/wp\/v2\/media\/24933"}],"wp:attachment":[{"href":"https:\/\/insideamateurfussball-ffm.de\/index.php?rest_route=%2Fwp%2Fv2%2Fmedia&parent=24930"}],"wp:term":[{"taxonomy":"category","embeddable":true,"href":"https:\/\/insideamateurfussball-ffm.de\/index.php?rest_route=%2Fwp%2Fv2%2Fcategories&post=24930"},{"taxonomy":"post_tag","embeddable":true,"href":"https:\/\/insideamateurfussball-ffm.de\/index.php?rest_route=%2Fwp%2Fv2%2Ftags&post=24930"}],"curies":[{"name":"wp","href":"https:\/\/api.w.org\/{rel}","templated":true}]}}