{"id":24891,"date":"2025-04-07T21:21:47","date_gmt":"2025-04-07T20:21:47","guid":{"rendered":"https:\/\/insideamateurfussball-ffm.de\/?p=24891"},"modified":"2025-04-07T21:22:34","modified_gmt":"2025-04-07T20:22:34","slug":"concordia-mit-vier-a-jugendlichen-11","status":"publish","type":"post","link":"https:\/\/insideamateurfussball-ffm.de\/?p=24891","title":{"rendered":"Concordia mit vier A-Jugendlichen 1:1"},"content":{"rendered":"<h4>Mit drei Punkten mehr auf der Habenseite aufgrund der am gr\u00fcnen Tisch erhaltenen Punkte vom Hinspiel gegen Tarik konnte Concordia Eschersheim beruhigter in das Heimspiel gegen Germania Enkheim gehen. \u00c4rgerlich nur, dass die Gastgeber die 1:0-F\u00fchrung nicht \u00fcber die Zeit brachten und in der Nachspielzeit noch den Ausgleich zum 1:1 kassierten.\u00a0<\/h4>\n<figure id=\"attachment_24892\" aria-describedby=\"caption-attachment-24892\" style=\"width: 895px\" class=\"wp-caption alignnone\"><img loading=\"lazy\" decoding=\"async\" class=\"wp-image-24892\" src=\"http:\/\/insideamateurfussball-ffm.de\/wp-content\/uploads\/2025\/04\/concor5.jpg\" alt=\"\" width=\"895\" height=\"672\" srcset=\"https:\/\/insideamateurfussball-ffm.de\/wp-content\/uploads\/2025\/04\/concor5.jpg 886w, https:\/\/insideamateurfussball-ffm.de\/wp-content\/uploads\/2025\/04\/concor5-300x225.jpg 300w, https:\/\/insideamateurfussball-ffm.de\/wp-content\/uploads\/2025\/04\/concor5-768x576.jpg 768w\" sizes=\"auto, (max-width: 895px) 100vw, 895px\" \/><figcaption id=\"caption-attachment-24892\" class=\"wp-caption-text\">Concordias Josef Olguin Ellmeier versucht den Enkheimer Noah Graf zu stoppen. Foto: Mithat G\u00fcrser.<\/figcaption><\/figure>\n<h4>Concordia Eschersheim &#8211; FC Germania Enkheim 1:1 (1:0)<\/h4>\n<p><img loading=\"lazy\" decoding=\"async\" class=\"alignnone size-full wp-image-37\" src=\"http:\/\/insideamateurfussball-ffm.de\/wp-content\/uploads\/2021\/11\/1sv07_news2_4178_01_01_02.jpg\" alt=\"\" width=\"80\" height=\"80\" \/><img loading=\"lazy\" decoding=\"async\" class=\"alignnone size-full wp-image-1537\" src=\"http:\/\/insideamateurfussball-ffm.de\/wp-content\/uploads\/2022\/07\/Enkheim.jpg\" alt=\"\" width=\"63\" height=\"80\" \/><\/p>\n<p>Die F\u00fchrung der Gastgeber durch Abraham Bitweded Yemane &#8211; einer von vier A-Jugendlichen auf dem Platz &#8211; aus der 36. Minute hatte lange Bestand. Der Torsch\u00fctze und Jan Vossen waren zum ersten Mal bei der Ersten Mannschaft dabei. Im zweiten Abschnitt erhielt der Concorde Henri Reuner eine Zeitstrafe (ab 55.). Einen Foulelfmeter konnte der Enkheimer Mihajlo Atanaskovic nicht verwandeln, denn Concordia-Torh\u00fcter Nick Gutschmidt parierte (56.).<\/p>\n<p>Letztlich konnten die Eschersheimer die F\u00fchrung nicht nach Hause bringen, lie\u00dfen vorne zu viel liegen und mussten den bitteren Ausgleich durch Atanaskovic hinnehmen (90.\/+1). Concordia-Trainer Roland Stipp meinte in seinem Res\u00fcmee: &#8222;Schade, dass wir uns nicht belohnt haben. Wir hatten gen\u00fcgend sehr gute Chancen zum 2:0. Enkheim hat einen Elfmeter geschenkt bekommen und eine Gro\u00dfchance, weil dem Schiedsrichter drei Meter Abseits nicht genug waren. Beide Male hat unser Torwart gerettet.&#8220;<\/p>\n<blockquote>\n<h4>&#8222;Wir haben einen Elfmeter verschossen und zwei hundertprozentige nicht im Tor unterbringen k\u00f6nnen.&#8220; (Enkheims Trainer Steffen Wittig)<\/h4>\n<\/blockquote>\n<p>Stipp lobte die Youngsters Yemane und Vossen: &#8222;Die beiden haben das stark gemacht.&#8220; Und zum Ergebnis: &#8222;Am Ende trauern wir den verlorenen beiden Punkten schon etwas nach.&#8220; Enkheims Trainer Steffen Wittig sagte: &#8222;War in Summe ein Unentschieden, welches in Ordnung geht. Wir haben einen Elfmeter verschossen und zwei hundertprozentige nicht im Tor unterbringen k\u00f6nnen. Mit der Schlussminute ist uns aber der verdiente Ausgleich gelungen. Jetzt wollen wir wieder zu Hause punkten.&#8220;<\/p>\n<p>Die Enkheimer erwarten am Sonntag die Spvgg. 02 Griesheim (15 Uhr). Zeitgleich geht es f\u00fcr Concordia Eschersheim an die Br\u00fchlwiese zum Nordwestderby beim SV 07 Heddernheim.\u00a0<\/p>\n<blockquote>\n<h4>Schiedsrichter: Haris Hukic (Obertshausen). Zuschauer: 77.<\/h4>\n<h4>Tore: 1:0 Abraham Bitweded Yemane (36.), 1:1 Mihajlo Atanaskovic (90.\/+1).<\/h4>\n<h4>Bildergalerie: Wir danken Mithat G\u00fcrser f\u00fcr seine Eindr\u00fccke vom Rosegger!\u00a0<\/h4>\n<\/blockquote>\n\n\n<figure class=\"wp-block-image size-full\"><img loading=\"lazy\" decoding=\"async\" width=\"886\" height=\"709\" src=\"https:\/\/insideamateurfussball-ffm.de\/wp-content\/uploads\/2025\/04\/concor9.jpg\" alt=\"\" class=\"wp-image-24893\" srcset=\"https:\/\/insideamateurfussball-ffm.de\/wp-content\/uploads\/2025\/04\/concor9.jpg 886w, https:\/\/insideamateurfussball-ffm.de\/wp-content\/uploads\/2025\/04\/concor9-300x240.jpg 300w, https:\/\/insideamateurfussball-ffm.de\/wp-content\/uploads\/2025\/04\/concor9-768x615.jpg 768w\" sizes=\"auto, (max-width: 886px) 100vw, 886px\" \/><\/figure>\n\n\n\n<figure class=\"wp-block-image size-full\"><img loading=\"lazy\" decoding=\"async\" width=\"886\" height=\"648\" src=\"https:\/\/insideamateurfussball-ffm.de\/wp-content\/uploads\/2025\/04\/concor16.jpg\" alt=\"\" class=\"wp-image-24894\" srcset=\"https:\/\/insideamateurfussball-ffm.de\/wp-content\/uploads\/2025\/04\/concor16.jpg 886w, https:\/\/insideamateurfussball-ffm.de\/wp-content\/uploads\/2025\/04\/concor16-300x219.jpg 300w, https:\/\/insideamateurfussball-ffm.de\/wp-content\/uploads\/2025\/04\/concor16-768x562.jpg 768w\" sizes=\"auto, (max-width: 886px) 100vw, 886px\" \/><\/figure>\n\n\n\n<figure class=\"wp-block-image size-full\"><img loading=\"lazy\" decoding=\"async\" width=\"886\" height=\"663\" src=\"https:\/\/insideamateurfussball-ffm.de\/wp-content\/uploads\/2025\/04\/concor4.jpg\" alt=\"\" class=\"wp-image-24895\" srcset=\"https:\/\/insideamateurfussball-ffm.de\/wp-content\/uploads\/2025\/04\/concor4.jpg 886w, https:\/\/insideamateurfussball-ffm.de\/wp-content\/uploads\/2025\/04\/concor4-300x224.jpg 300w, https:\/\/insideamateurfussball-ffm.de\/wp-content\/uploads\/2025\/04\/concor4-768x575.jpg 768w\" sizes=\"auto, (max-width: 886px) 100vw, 886px\" \/><\/figure>\n\n\n\n<figure class=\"wp-block-image size-full\"><img loading=\"lazy\" decoding=\"async\" width=\"886\" height=\"617\" src=\"https:\/\/insideamateurfussball-ffm.de\/wp-content\/uploads\/2025\/04\/concor8.jpg\" alt=\"\" class=\"wp-image-24896\" srcset=\"https:\/\/insideamateurfussball-ffm.de\/wp-content\/uploads\/2025\/04\/concor8.jpg 886w, https:\/\/insideamateurfussball-ffm.de\/wp-content\/uploads\/2025\/04\/concor8-300x209.jpg 300w, https:\/\/insideamateurfussball-ffm.de\/wp-content\/uploads\/2025\/04\/concor8-768x535.jpg 768w\" sizes=\"auto, (max-width: 886px) 100vw, 886px\" \/><\/figure>\n\n\n\n<figure class=\"wp-block-image size-full\"><img loading=\"lazy\" decoding=\"async\" width=\"886\" height=\"633\" src=\"https:\/\/insideamateurfussball-ffm.de\/wp-content\/uploads\/2025\/04\/concor12.jpg\" alt=\"\" class=\"wp-image-24897\" srcset=\"https:\/\/insideamateurfussball-ffm.de\/wp-content\/uploads\/2025\/04\/concor12.jpg 886w, https:\/\/insideamateurfussball-ffm.de\/wp-content\/uploads\/2025\/04\/concor12-300x214.jpg 300w, https:\/\/insideamateurfussball-ffm.de\/wp-content\/uploads\/2025\/04\/concor12-768x549.jpg 768w\" sizes=\"auto, (max-width: 886px) 100vw, 886px\" \/><\/figure>\n\n\n\n<figure class=\"wp-block-image size-full\"><img loading=\"lazy\" decoding=\"async\" width=\"887\" height=\"591\" src=\"https:\/\/insideamateurfussball-ffm.de\/wp-content\/uploads\/2025\/04\/concor3.jpg\" alt=\"\" class=\"wp-image-24898\" srcset=\"https:\/\/insideamateurfussball-ffm.de\/wp-content\/uploads\/2025\/04\/concor3.jpg 887w, https:\/\/insideamateurfussball-ffm.de\/wp-content\/uploads\/2025\/04\/concor3-300x200.jpg 300w, https:\/\/insideamateurfussball-ffm.de\/wp-content\/uploads\/2025\/04\/concor3-768x512.jpg 768w\" sizes=\"auto, (max-width: 887px) 100vw, 887px\" \/><\/figure>\n\n\n\n<figure class=\"wp-block-image size-full\"><img loading=\"lazy\" decoding=\"async\" width=\"886\" height=\"664\" src=\"https:\/\/insideamateurfussball-ffm.de\/wp-content\/uploads\/2025\/04\/concor7.jpg\" alt=\"\" class=\"wp-image-24899\" srcset=\"https:\/\/insideamateurfussball-ffm.de\/wp-content\/uploads\/2025\/04\/concor7.jpg 886w, https:\/\/insideamateurfussball-ffm.de\/wp-content\/uploads\/2025\/04\/concor7-300x225.jpg 300w, https:\/\/insideamateurfussball-ffm.de\/wp-content\/uploads\/2025\/04\/concor7-768x576.jpg 768w\" sizes=\"auto, (max-width: 886px) 100vw, 886px\" \/><\/figure>\n\n\n\n<figure class=\"wp-block-image size-full\"><img loading=\"lazy\" decoding=\"async\" width=\"886\" height=\"665\" src=\"https:\/\/insideamateurfussball-ffm.de\/wp-content\/uploads\/2025\/04\/concor11.jpg\" alt=\"\" class=\"wp-image-24900\" srcset=\"https:\/\/insideamateurfussball-ffm.de\/wp-content\/uploads\/2025\/04\/concor11.jpg 886w, https:\/\/insideamateurfussball-ffm.de\/wp-content\/uploads\/2025\/04\/concor11-300x225.jpg 300w, https:\/\/insideamateurfussball-ffm.de\/wp-content\/uploads\/2025\/04\/concor11-768x576.jpg 768w\" sizes=\"auto, (max-width: 886px) 100vw, 886px\" \/><\/figure>\n\n\n\n<figure class=\"wp-block-image size-full\"><img loading=\"lazy\" decoding=\"async\" width=\"886\" height=\"662\" src=\"https:\/\/insideamateurfussball-ffm.de\/wp-content\/uploads\/2025\/04\/concor1.jpg\" alt=\"\" class=\"wp-image-24901\" srcset=\"https:\/\/insideamateurfussball-ffm.de\/wp-content\/uploads\/2025\/04\/concor1.jpg 886w, https:\/\/insideamateurfussball-ffm.de\/wp-content\/uploads\/2025\/04\/concor1-300x224.jpg 300w, https:\/\/insideamateurfussball-ffm.de\/wp-content\/uploads\/2025\/04\/concor1-768x574.jpg 768w\" sizes=\"auto, (max-width: 886px) 100vw, 886px\" \/><\/figure>\n\n\n\n<figure class=\"wp-block-image size-full\"><img loading=\"lazy\" decoding=\"async\" width=\"886\" height=\"617\" src=\"https:\/\/insideamateurfussball-ffm.de\/wp-content\/uploads\/2025\/04\/concor6.jpg\" alt=\"\" class=\"wp-image-24902\" srcset=\"https:\/\/insideamateurfussball-ffm.de\/wp-content\/uploads\/2025\/04\/concor6.jpg 886w, https:\/\/insideamateurfussball-ffm.de\/wp-content\/uploads\/2025\/04\/concor6-300x209.jpg 300w, https:\/\/insideamateurfussball-ffm.de\/wp-content\/uploads\/2025\/04\/concor6-768x535.jpg 768w\" sizes=\"auto, (max-width: 886px) 100vw, 886px\" \/><\/figure>\n\n\n\n<figure class=\"wp-block-image size-full\"><img loading=\"lazy\" decoding=\"async\" width=\"886\" height=\"590\" src=\"https:\/\/insideamateurfussball-ffm.de\/wp-content\/uploads\/2025\/04\/concor10.jpg\" alt=\"\" class=\"wp-image-24903\" srcset=\"https:\/\/insideamateurfussball-ffm.de\/wp-content\/uploads\/2025\/04\/concor10.jpg 886w, https:\/\/insideamateurfussball-ffm.de\/wp-content\/uploads\/2025\/04\/concor10-300x200.jpg 300w, https:\/\/insideamateurfussball-ffm.de\/wp-content\/uploads\/2025\/04\/concor10-768x511.jpg 768w\" sizes=\"auto, (max-width: 886px) 100vw, 886px\" \/><\/figure>\n\n\n\n<figure class=\"wp-block-image size-full\"><img loading=\"lazy\" decoding=\"async\" width=\"886\" height=\"644\" src=\"https:\/\/insideamateurfussball-ffm.de\/wp-content\/uploads\/2025\/04\/concor17.jpg\" alt=\"\" class=\"wp-image-24904\" srcset=\"https:\/\/insideamateurfussball-ffm.de\/wp-content\/uploads\/2025\/04\/concor17.jpg 886w, https:\/\/insideamateurfussball-ffm.de\/wp-content\/uploads\/2025\/04\/concor17-300x218.jpg 300w, https:\/\/insideamateurfussball-ffm.de\/wp-content\/uploads\/2025\/04\/concor17-768x558.jpg 768w\" sizes=\"auto, (max-width: 886px) 100vw, 886px\" \/><\/figure>\n","protected":false},"excerpt":{"rendered":"<p>Mit drei Punkten mehr auf der Habenseite aufgrund der am gr\u00fcnen Tisch erhaltenen Punkte vom Hinspiel gegen Tarik konnte Concordia Eschersheim beruhigter in das Heimspiel gegen Germania Enkheim gehen. \u00c4rgerlich nur, dass die Gastgeber die 1:0-F\u00fchrung nicht \u00fcber die Zeit brachten und in der Nachspielzeit noch den Ausgleich zum 1:1 kassierten.\u00a0 Concordia Eschersheim &#8211; FC [&hellip;]<\/p>\n","protected":false},"author":1,"featured_media":24892,"comment_status":"closed","ping_status":"closed","sticky":true,"template":"","format":"standard","meta":{"footnotes":""},"categories":[2],"tags":[],"class_list":["post-24891","post","type-post","status-publish","format-standard","has-post-thumbnail","hentry","category-kreisoberliga-frankfurt"],"_links":{"self":[{"href":"https:\/\/insideamateurfussball-ffm.de\/index.php?rest_route=\/wp\/v2\/posts\/24891","targetHints":{"allow":["GET"]}}],"collection":[{"href":"https:\/\/insideamateurfussball-ffm.de\/index.php?rest_route=\/wp\/v2\/posts"}],"about":[{"href":"https:\/\/insideamateurfussball-ffm.de\/index.php?rest_route=\/wp\/v2\/types\/post"}],"author":[{"embeddable":true,"href":"https:\/\/insideamateurfussball-ffm.de\/index.php?rest_route=\/wp\/v2\/users\/1"}],"replies":[{"embeddable":true,"href":"https:\/\/insideamateurfussball-ffm.de\/index.php?rest_route=%2Fwp%2Fv2%2Fcomments&post=24891"}],"version-history":[{"count":2,"href":"https:\/\/insideamateurfussball-ffm.de\/index.php?rest_route=\/wp\/v2\/posts\/24891\/revisions"}],"predecessor-version":[{"id":24906,"href":"https:\/\/insideamateurfussball-ffm.de\/index.php?rest_route=\/wp\/v2\/posts\/24891\/revisions\/24906"}],"wp:featuredmedia":[{"embeddable":true,"href":"https:\/\/insideamateurfussball-ffm.de\/index.php?rest_route=\/wp\/v2\/media\/24892"}],"wp:attachment":[{"href":"https:\/\/insideamateurfussball-ffm.de\/index.php?rest_route=%2Fwp%2Fv2%2Fmedia&parent=24891"}],"wp:term":[{"taxonomy":"category","embeddable":true,"href":"https:\/\/insideamateurfussball-ffm.de\/index.php?rest_route=%2Fwp%2Fv2%2Fcategories&post=24891"},{"taxonomy":"post_tag","embeddable":true,"href":"https:\/\/insideamateurfussball-ffm.de\/index.php?rest_route=%2Fwp%2Fv2%2Ftags&post=24891"}],"curies":[{"name":"wp","href":"https:\/\/api.w.org\/{rel}","templated":true}]}}