{"id":24882,"date":"2025-04-07T20:22:19","date_gmt":"2025-04-07T19:22:19","guid":{"rendered":"https:\/\/insideamateurfussball-ffm.de\/?p=24882"},"modified":"2025-04-07T20:28:18","modified_gmt":"2025-04-07T19:28:18","slug":"harheim-deklassiert-desolate-heddernheimer","status":"publish","type":"post","link":"https:\/\/insideamateurfussball-ffm.de\/?p=24882","title":{"rendered":"Harheim deklassiert desolate Heddernheimer"},"content":{"rendered":"<h4>\u00dcberraschend in der H\u00f6he deklassierte die SG Harheim den SV 07 Heddernheim mit 7:0 (3:0) und verbesserte sich auf Rang acht mit 32 Punkten. Die Gr\u00fcn-Wei\u00dfen boten eine desolate Vorstellung, kassierten die Gegentore in zwei Bl\u00f6cken und brachten nach vorne nichts z\u00e4hlbares zustande. So k\u00f6nnte es aufgrund des schweren Restprogramms in Sachen Ligaerhalt noch eng werden.\u00a0<\/h4>\n<figure id=\"attachment_24883\" aria-describedby=\"caption-attachment-24883\" style=\"width: 2048px\" class=\"wp-caption alignnone\"><img loading=\"lazy\" decoding=\"async\" class=\"wp-image-24883 size-full\" src=\"http:\/\/insideamateurfussball-ffm.de\/wp-content\/uploads\/2025\/04\/Har-Hed.jpg\" alt=\"\" width=\"2048\" height=\"1536\" srcset=\"https:\/\/insideamateurfussball-ffm.de\/wp-content\/uploads\/2025\/04\/Har-Hed.jpg 2048w, https:\/\/insideamateurfussball-ffm.de\/wp-content\/uploads\/2025\/04\/Har-Hed-300x225.jpg 300w, https:\/\/insideamateurfussball-ffm.de\/wp-content\/uploads\/2025\/04\/Har-Hed-1024x768.jpg 1024w, https:\/\/insideamateurfussball-ffm.de\/wp-content\/uploads\/2025\/04\/Har-Hed-768x576.jpg 768w, https:\/\/insideamateurfussball-ffm.de\/wp-content\/uploads\/2025\/04\/Har-Hed-1536x1152.jpg 1536w\" sizes=\"auto, (max-width: 2048px) 100vw, 2048px\" \/><figcaption id=\"caption-attachment-24883\" class=\"wp-caption-text\">Links Harheims Leo Segura, fr\u00fcher in Heddernheimer Diensten. Foto: PA.<\/figcaption><\/figure>\n<h4>SG Harheim &#8211; SV 07 Heddernheim 7:0 (3:0)<\/h4>\n<p><img loading=\"lazy\" decoding=\"async\" class=\"alignnone size-full wp-image-284\" src=\"http:\/\/insideamateurfussball-ffm.de\/wp-content\/uploads\/2022\/05\/Harheim.jpg\" alt=\"\" width=\"78\" height=\"80\" \/><img loading=\"lazy\" decoding=\"async\" class=\"alignnone size-full wp-image-302\" src=\"http:\/\/insideamateurfussball-ffm.de\/wp-content\/uploads\/2022\/05\/1sv07_news2_4511-1.jpg\" alt=\"\" width=\"80\" height=\"80\" \/><\/p>\n<p>Die Gastgeber wurden von Vincenzo Caputo, der den im Urlaub weilenden Cheftrainer Christian Balzer vertrat, gut eingestellt. Der fr\u00fchere Torh\u00fcter und Trainer der Harheimer hatte den Gegner bei der 1:4-Heimniederlage gegen Germania Enkheim intensiv beobachtet. Die erste halbe Stunde war noch kein gro\u00dfer Unterschied zu erkennen, die Partie verlief wie erwartet noch auf Augenh\u00f6he. Mit dem Kopfball an die Latte von Patrick K\u00f6nig (26.) n\u00e4herten sich die Gastgeber der F\u00fchrung schon an. Dann sahen die 150 Zuschauer das 1:0 der Harheimer durch Ante Paradzik, der SVH-Tormann Hidayet Yapici \u00fcberwand (32.). Harheim legte \u00fcber die linke Seite nach. Kapit\u00e4n Lukas G\u00e4rtner setzte sich dynamisch durch, sein Pass erreichte K\u00f6nig, der zum 2:0 einschob (39.). Und dann war es G\u00e4rtner, der an Yapici vorbei zog, der Rettungsversuch von Dogan Nazim Erbulan kam zu sp\u00e4t (41.).<\/p>\n<p>Auf der Gegenseite kam das Sturmduo Marcus Kreckel &#8211; am Rande der Partie wurde der Wechsel des Torj\u00e4gers zu Mitte-Verbandsligist Germania Okriftel best\u00e4tigt &#8211; und Routinier Oliver Solarz nicht zur Geltung. Nach dem Seitenwechsel spielte Heddernheim 30 Minuten nach vorne, nutzte die Harheimer Passivit\u00e4t aber nicht aus. Au\u00dfer durch Freist\u00f6\u00dfe und Distanzsch\u00fcsse kam keine Gefahr auf. So war man aber auch anf\u00e4llig f\u00fcr Konter. G\u00e4rtner schoss nach einem Alleingang dr\u00fcber, gegen den Ex-Heddernheimer Leo Segura kl\u00e4rte Fabian Schubert auf der Torlinie. Mit der Einwechslung von Trainersohn Nils Viktor Balzer kam noch ein torgef\u00e4hrlicher Spieler bei Harheim rein. Auf der Gegenseite anullierte der Schiedsrichter einen Treffer von Erbulan per Kopfball nach Freisto\u00df Antonie Willef\u00fchr wegen vermeintlicher Abseitsposition. In der Schlussphase lie\u00dfen sich die G\u00e4ste einfach \u00fcberlaufen und leisteten kaum noch Gegenwehr.<\/p>\n<blockquote>\n<h4>Balzer junior l\u00e4uft unbehelligt durch\u00a0<\/h4>\n<\/blockquote>\n<p>Balzer vollendete einen Konter zum 4:0 (75.). Dann Balzer lang auf G\u00e4rtner &#8211; 5:0 (79.). Dann lief der junge Balzer einfach durch, niemand stoppte ihn &#8211; 6:0 (81.). Beim 7:0 machte Balzer junior erneut was er wollte, lief unbehelligt in den Strafraum und machte das 7:0 (89.). Vincenzo Caputo hatte vor dem Spielplan aufgrund seiner Beobachtungen einen Matchplan ausgegeben: &#8222;Ich habe Schw\u00e4chen, aber auch St\u00e4rken gesehen. Unser Plan ging zu 100 Prozent auf. Die Jungs waren sehr konzentriert, der Sieg ist in der H\u00f6he voll verdient.&#8220; Nur wenn Chefcoach Balzer im Urlaub sei springe Caputo, der sonst in der zweiten Mannschaft spielt, aufgrund seiner Trainererfahrung ein. &#8222;Die R\u00fcckrunde ist gut angelaufen, wir wollen uns zum Ende der Saison im gesicherten Mittelfeld aufhalten&#8220;, sagte Caputo. Geschockt zeigte sich SVH-Trainer Andreas Berggold: &#8222;Wenn man nicht mit der richtigen Einstellung ins Spiel geht und meint, man k\u00f6nnte einfach so runter spielen, dann kommt gegen einen hochmotivierten Gegner so ein Ergebnis zustande. Das war eine absolute Katastrophe, wie die Mannschaft in sich zusammen gefallen ist. Da war keiner dabei, der die Z\u00fcgel in die Hand genommen hat. So eine Leistung ist eigentlich keinen Kommentar wert.&#8220;<\/p>\n<p>Auch im Spiel nach vorne &#8222;waren wir total harmlos, kein Durchsetzungsverm\u00f6gen, aber auch alle anderen Mannschaftsteile. Die letzten drei Tore wurden einfach so hingenommen ohne gro\u00dfe Gegenwehr. Das ist besch\u00e4mend. So ist das Abstiegsgespenst weiter pr\u00e4sent. Wir m\u00fcssen aufpassen, dass wir kein b\u00f6ses Erwachen erleben.&#8220; N\u00e4chsten Sonntag spielen die Harheimer in R\u00f6delheim (15 Uhr). Zeitgleich erwartet Heddernheim die Concordia aus Eschersheim.\u00a0<\/p>\n<blockquote>\n<h4>Schiedsrichter: Elias Mauntel (FSV Bad Orb). Zuschauer: 150.<\/h4>\n<h4>Tore: 1:0 Ante Paradzik (32.), 2:0 Patrick K\u00f6nig (39.), 3:0 Lukas G\u00e4rtner (41.), 4:0 Nils Viktor Balzer (75.), 5:0 Lukas G\u00e4rtner (79.), 6:0, 7:0 Nils Viktor Balzer (81.\/89.).\u00a0<\/h4>\n<\/blockquote>\n\n\n<figure class=\"wp-block-image size-large\"><img loading=\"lazy\" decoding=\"async\" width=\"1024\" height=\"768\" src=\"https:\/\/insideamateurfussball-ffm.de\/wp-content\/uploads\/2025\/04\/Har-Hed1-1024x768.jpg\" alt=\"\" class=\"wp-image-24884\" srcset=\"https:\/\/insideamateurfussball-ffm.de\/wp-content\/uploads\/2025\/04\/Har-Hed1-1024x768.jpg 1024w, https:\/\/insideamateurfussball-ffm.de\/wp-content\/uploads\/2025\/04\/Har-Hed1-300x225.jpg 300w, https:\/\/insideamateurfussball-ffm.de\/wp-content\/uploads\/2025\/04\/Har-Hed1-768x576.jpg 768w, https:\/\/insideamateurfussball-ffm.de\/wp-content\/uploads\/2025\/04\/Har-Hed1-1536x1152.jpg 1536w, https:\/\/insideamateurfussball-ffm.de\/wp-content\/uploads\/2025\/04\/Har-Hed1.jpg 2048w\" sizes=\"auto, (max-width: 1024px) 100vw, 1024px\" \/><\/figure>\n\n\n\n<figure class=\"wp-block-gallery has-nested-images columns-default is-cropped wp-block-gallery-1 is-layout-flex wp-block-gallery-is-layout-flex\">\n<figure class=\"wp-block-image size-large\"><img loading=\"lazy\" decoding=\"async\" width=\"1024\" height=\"768\" data-id=\"24885\" src=\"https:\/\/insideamateurfussball-ffm.de\/wp-content\/uploads\/2025\/04\/Har-Hed2-1024x768.jpg\" alt=\"\" class=\"wp-image-24885\" srcset=\"https:\/\/insideamateurfussball-ffm.de\/wp-content\/uploads\/2025\/04\/Har-Hed2-1024x768.jpg 1024w, https:\/\/insideamateurfussball-ffm.de\/wp-content\/uploads\/2025\/04\/Har-Hed2-300x225.jpg 300w, https:\/\/insideamateurfussball-ffm.de\/wp-content\/uploads\/2025\/04\/Har-Hed2-768x576.jpg 768w, https:\/\/insideamateurfussball-ffm.de\/wp-content\/uploads\/2025\/04\/Har-Hed2-1536x1152.jpg 1536w, https:\/\/insideamateurfussball-ffm.de\/wp-content\/uploads\/2025\/04\/Har-Hed2.jpg 2048w\" sizes=\"auto, (max-width: 1024px) 100vw, 1024px\" \/><\/figure>\n<\/figure>\n\n\n\n<figure class=\"wp-block-image size-large\"><img loading=\"lazy\" decoding=\"async\" width=\"1024\" height=\"768\" src=\"https:\/\/insideamateurfussball-ffm.de\/wp-content\/uploads\/2025\/04\/Har-Hed3-1024x768.jpg\" alt=\"\" class=\"wp-image-24886\" srcset=\"https:\/\/insideamateurfussball-ffm.de\/wp-content\/uploads\/2025\/04\/Har-Hed3-1024x768.jpg 1024w, https:\/\/insideamateurfussball-ffm.de\/wp-content\/uploads\/2025\/04\/Har-Hed3-300x225.jpg 300w, https:\/\/insideamateurfussball-ffm.de\/wp-content\/uploads\/2025\/04\/Har-Hed3-768x576.jpg 768w, https:\/\/insideamateurfussball-ffm.de\/wp-content\/uploads\/2025\/04\/Har-Hed3-1536x1152.jpg 1536w, https:\/\/insideamateurfussball-ffm.de\/wp-content\/uploads\/2025\/04\/Har-Hed3.jpg 2048w\" sizes=\"auto, (max-width: 1024px) 100vw, 1024px\" \/><\/figure>\n\n\n\n<figure class=\"wp-block-image size-large\"><img loading=\"lazy\" decoding=\"async\" width=\"1024\" height=\"768\" src=\"https:\/\/insideamateurfussball-ffm.de\/wp-content\/uploads\/2025\/04\/Har-Hed4-1024x768.jpg\" alt=\"\" class=\"wp-image-24887\" srcset=\"https:\/\/insideamateurfussball-ffm.de\/wp-content\/uploads\/2025\/04\/Har-Hed4-1024x768.jpg 1024w, https:\/\/insideamateurfussball-ffm.de\/wp-content\/uploads\/2025\/04\/Har-Hed4-300x225.jpg 300w, https:\/\/insideamateurfussball-ffm.de\/wp-content\/uploads\/2025\/04\/Har-Hed4-768x576.jpg 768w, https:\/\/insideamateurfussball-ffm.de\/wp-content\/uploads\/2025\/04\/Har-Hed4-1536x1152.jpg 1536w, https:\/\/insideamateurfussball-ffm.de\/wp-content\/uploads\/2025\/04\/Har-Hed4.jpg 2048w\" sizes=\"auto, (max-width: 1024px) 100vw, 1024px\" \/><\/figure>\n","protected":false},"excerpt":{"rendered":"<p>\u00dcberraschend in der H\u00f6he deklassierte die SG Harheim den SV 07 Heddernheim mit 7:0 (3:0) und verbesserte sich auf Rang acht mit 32 Punkten. Die Gr\u00fcn-Wei\u00dfen boten eine desolate Vorstellung, kassierten die Gegentore in zwei Bl\u00f6cken und brachten nach vorne nichts z\u00e4hlbares zustande. So k\u00f6nnte es aufgrund des schweren Restprogramms in Sachen Ligaerhalt noch eng [&hellip;]<\/p>\n","protected":false},"author":1,"featured_media":24883,"comment_status":"closed","ping_status":"closed","sticky":true,"template":"","format":"standard","meta":{"footnotes":""},"categories":[2],"tags":[],"class_list":["post-24882","post","type-post","status-publish","format-standard","has-post-thumbnail","hentry","category-kreisoberliga-frankfurt"],"_links":{"self":[{"href":"https:\/\/insideamateurfussball-ffm.de\/index.php?rest_route=\/wp\/v2\/posts\/24882","targetHints":{"allow":["GET"]}}],"collection":[{"href":"https:\/\/insideamateurfussball-ffm.de\/index.php?rest_route=\/wp\/v2\/posts"}],"about":[{"href":"https:\/\/insideamateurfussball-ffm.de\/index.php?rest_route=\/wp\/v2\/types\/post"}],"author":[{"embeddable":true,"href":"https:\/\/insideamateurfussball-ffm.de\/index.php?rest_route=\/wp\/v2\/users\/1"}],"replies":[{"embeddable":true,"href":"https:\/\/insideamateurfussball-ffm.de\/index.php?rest_route=%2Fwp%2Fv2%2Fcomments&post=24882"}],"version-history":[{"count":3,"href":"https:\/\/insideamateurfussball-ffm.de\/index.php?rest_route=\/wp\/v2\/posts\/24882\/revisions"}],"predecessor-version":[{"id":24890,"href":"https:\/\/insideamateurfussball-ffm.de\/index.php?rest_route=\/wp\/v2\/posts\/24882\/revisions\/24890"}],"wp:featuredmedia":[{"embeddable":true,"href":"https:\/\/insideamateurfussball-ffm.de\/index.php?rest_route=\/wp\/v2\/media\/24883"}],"wp:attachment":[{"href":"https:\/\/insideamateurfussball-ffm.de\/index.php?rest_route=%2Fwp%2Fv2%2Fmedia&parent=24882"}],"wp:term":[{"taxonomy":"category","embeddable":true,"href":"https:\/\/insideamateurfussball-ffm.de\/index.php?rest_route=%2Fwp%2Fv2%2Fcategories&post=24882"},{"taxonomy":"post_tag","embeddable":true,"href":"https:\/\/insideamateurfussball-ffm.de\/index.php?rest_route=%2Fwp%2Fv2%2Ftags&post=24882"}],"curies":[{"name":"wp","href":"https:\/\/api.w.org\/{rel}","templated":true}]}}