{"id":24871,"date":"2025-04-07T17:50:37","date_gmt":"2025-04-07T16:50:37","guid":{"rendered":"https:\/\/insideamateurfussball-ffm.de\/?p=24871"},"modified":"2025-04-07T17:50:37","modified_gmt":"2025-04-07T16:50:37","slug":"bosnier-schocken-fechenheim","status":"publish","type":"post","link":"https:\/\/insideamateurfussball-ffm.de\/?p=24871","title":{"rendered":"Bosnier schocken Fechenheim"},"content":{"rendered":"<h4>Die Spvgg. 03 Fechenheim verpasste den Sprung auf Platz 2 der Tabelle und verlor gegen den SV Bosnien\/Herzegowina verdient mit 1:2, die Bosnier setzen damit ihren Aufw\u00e4rtstrend fort.<\/h4>\n<figure id=\"attachment_24706\" aria-describedby=\"caption-attachment-24706\" style=\"width: 886px\" class=\"wp-caption alignnone\"><img loading=\"lazy\" decoding=\"async\" class=\"wp-image-24706 size-full\" src=\"http:\/\/insideamateurfussball-ffm.de\/wp-content\/uploads\/2025\/03\/bosn-oberr4.jpg\" alt=\"\" width=\"886\" height=\"683\" srcset=\"https:\/\/insideamateurfussball-ffm.de\/wp-content\/uploads\/2025\/03\/bosn-oberr4.jpg 886w, https:\/\/insideamateurfussball-ffm.de\/wp-content\/uploads\/2025\/03\/bosn-oberr4-300x231.jpg 300w, https:\/\/insideamateurfussball-ffm.de\/wp-content\/uploads\/2025\/03\/bosn-oberr4-768x592.jpg 768w\" sizes=\"auto, (max-width: 886px) 100vw, 886px\" \/><figcaption id=\"caption-attachment-24706\" class=\"wp-caption-text\">Bosniens Trainer Amir Mustafic war stolz auf seine Mannschaft, die beim Tabellendritten aus Fechenheim gewann. Foto: Archiv Mithat G\u00fcrser<\/figcaption><\/figure>\n<h4>Spvgg. 03 Fechenheim &#8211; SV Bosnien\/Herzegowina 1:2 (1:1)<\/h4>\n<p><img loading=\"lazy\" decoding=\"async\" class=\"alignnone size-full wp-image-603\" src=\"http:\/\/insideamateurfussball-ffm.de\/wp-content\/uploads\/2022\/06\/Fech03.jpg\" alt=\"\" width=\"52\" height=\"80\" \/><img loading=\"lazy\" decoding=\"async\" class=\"alignnone size-full wp-image-139\" src=\"http:\/\/insideamateurfussball-ffm.de\/wp-content\/uploads\/2022\/05\/Bosnien.jpg\" alt=\"\" width=\"79\" height=\"80\" \/><\/p>\n<p>Die Spieler der Spvgg. 03 Fechenheim waren nach Spielende frustriert, h\u00e4tte man doch mit einem Sieg gegen den SV Bosnien\/Herzegowina am FC Karben in der Tabelle vorbeiziehen und auf Relegationsplatz 2 springen k\u00f6nnen. Allerdings war die 1:2-Heimniederlage gegen die Bosnier verdient, wie beide Seiten best\u00e4tigten. Die G\u00e4ste gingen durch ein Tor von Adis Hasecic bereits in der 7.Minute mit 1:0 in F\u00fchrung, kassierten aber postwendend den \u00fcberraschenden Ausgleich. Giovanbattista Pedace schoss aus gr\u00f6\u00dferer Entfernung und Bosniens Torwart Adnan Dedic lie\u00df den Ball durch seine H\u00e4nde gleiten zum 1:1-Ausgleich in der 8.Minute. Kurz vor der Halbzeit wurde ein Tor der G\u00e4ste vom Schiedsrichter aberkannt, weil ein bosnischer Spieler in Abseitsposition in der Schusslinie gestanden haben soll.<\/p>\n<p>In der zweiten Halbzeit waren ebenfalls die Bosnier \u00fcberlegen, es dauerte bis zur 79.Minute, ehe Safet Mujkic den 2:1-Ausw\u00e4rtssieg sicherstellte. Samir Duric, Vorstandsmitglied der Bosnier, meinte nach dem Spiel: \u201ewir haben mindestens 70% vom Spiel gehabt und in der zweiten Halbzeit fast auf ein Tor gespielt, haben noch 2 100%ige Chancen ausgelassen, es kam kaum etwas Gef\u00e4hrliches von Fechenheim.\u201c Fechenheims Trainer Piradeep Siva Anandan war entt\u00e4uscht: \u201ees war ein verdienter Sieg der Bosnier, weil sie griffiger waren, mehr investiert haben und den Sieg mehr wollten. Wir h\u00e4tten in der zweiten Halbzeit das 2:1 machen k\u00f6nnen, aber das w\u00e4re sehr gl\u00fccklich gewesen.\u201c<\/p>\n<p>Am n\u00e4chsten Wochenende empfangen die Bosnier dann den Spitzenreiter FC Kalbach, w\u00e4hrend die Fechenheimer beim Tabellenzweiten FC Karben antreten m\u00fcssen, es geht dann im direkten Duell um den Relegationsplatz.<\/p>\n<h4>Schiedsrichter: Maximilian Martin (VfB Ginsheim). Zuschauer: 100.<\/h4>\n<h4>Tore: 0:1 Adis Hasecic (7.), 1:1 Giovanbattista Pedace (8.), 1:2 Safet Mujkic (79.)<\/h4>\n","protected":false},"excerpt":{"rendered":"<p>Die Spvgg. 03 Fechenheim verpasste den Sprung auf Platz 2 der Tabelle und verlor gegen den SV Bosnien\/Herzegowina verdient mit 1:2, die Bosnier setzen damit ihren Aufw\u00e4rtstrend fort. Spvgg. 03 Fechenheim &#8211; SV Bosnien\/Herzegowina 1:2 (1:1) Die Spieler der Spvgg. 03 Fechenheim waren nach Spielende frustriert, h\u00e4tte man doch mit einem Sieg gegen den SV [&hellip;]<\/p>\n","protected":false},"author":3,"featured_media":24706,"comment_status":"closed","ping_status":"open","sticky":true,"template":"","format":"standard","meta":{"footnotes":""},"categories":[13],"tags":[],"class_list":["post-24871","post","type-post","status-publish","format-standard","has-post-thumbnail","hentry","category-gruppenliga-frankfurt-west"],"_links":{"self":[{"href":"https:\/\/insideamateurfussball-ffm.de\/index.php?rest_route=\/wp\/v2\/posts\/24871","targetHints":{"allow":["GET"]}}],"collection":[{"href":"https:\/\/insideamateurfussball-ffm.de\/index.php?rest_route=\/wp\/v2\/posts"}],"about":[{"href":"https:\/\/insideamateurfussball-ffm.de\/index.php?rest_route=\/wp\/v2\/types\/post"}],"author":[{"embeddable":true,"href":"https:\/\/insideamateurfussball-ffm.de\/index.php?rest_route=\/wp\/v2\/users\/3"}],"replies":[{"embeddable":true,"href":"https:\/\/insideamateurfussball-ffm.de\/index.php?rest_route=%2Fwp%2Fv2%2Fcomments&post=24871"}],"version-history":[{"count":1,"href":"https:\/\/insideamateurfussball-ffm.de\/index.php?rest_route=\/wp\/v2\/posts\/24871\/revisions"}],"predecessor-version":[{"id":24872,"href":"https:\/\/insideamateurfussball-ffm.de\/index.php?rest_route=\/wp\/v2\/posts\/24871\/revisions\/24872"}],"wp:featuredmedia":[{"embeddable":true,"href":"https:\/\/insideamateurfussball-ffm.de\/index.php?rest_route=\/wp\/v2\/media\/24706"}],"wp:attachment":[{"href":"https:\/\/insideamateurfussball-ffm.de\/index.php?rest_route=%2Fwp%2Fv2%2Fmedia&parent=24871"}],"wp:term":[{"taxonomy":"category","embeddable":true,"href":"https:\/\/insideamateurfussball-ffm.de\/index.php?rest_route=%2Fwp%2Fv2%2Fcategories&post=24871"},{"taxonomy":"post_tag","embeddable":true,"href":"https:\/\/insideamateurfussball-ffm.de\/index.php?rest_route=%2Fwp%2Fv2%2Ftags&post=24871"}],"curies":[{"name":"wp","href":"https:\/\/api.w.org\/{rel}","templated":true}]}}