{"id":24868,"date":"2025-04-07T17:24:03","date_gmt":"2025-04-07T16:24:03","guid":{"rendered":"https:\/\/insideamateurfussball-ffm.de\/?p=24868"},"modified":"2025-04-07T17:24:03","modified_gmt":"2025-04-07T16:24:03","slug":"oberrad-ringt-tabellenzweiten-nieder","status":"publish","type":"post","link":"https:\/\/insideamateurfussball-ffm.de\/?p=24868","title":{"rendered":"Oberrad ringt Tabellenzweiten nieder"},"content":{"rendered":"<h4>Die Spvgg. 05 Oberrad gibt dem FC Kalbach Sch\u00fctzenhilfe und bezwingt den Tabellenzweiten FC Karben in einem ausgeglichenen Spiel durch ein sp\u00e4tes Jokertor von Julian Baumann mit 1:0.<\/h4>\n<figure id=\"attachment_24705\" aria-describedby=\"caption-attachment-24705\" style=\"width: 886px\" class=\"wp-caption alignnone\"><img loading=\"lazy\" decoding=\"async\" class=\"wp-image-24705 size-full\" src=\"http:\/\/insideamateurfussball-ffm.de\/wp-content\/uploads\/2025\/03\/bosn-oberr3.jpg\" alt=\"\" width=\"886\" height=\"623\" srcset=\"https:\/\/insideamateurfussball-ffm.de\/wp-content\/uploads\/2025\/03\/bosn-oberr3.jpg 886w, https:\/\/insideamateurfussball-ffm.de\/wp-content\/uploads\/2025\/03\/bosn-oberr3-300x211.jpg 300w, https:\/\/insideamateurfussball-ffm.de\/wp-content\/uploads\/2025\/03\/bosn-oberr3-768x540.jpg 768w\" sizes=\"auto, (max-width: 886px) 100vw, 886px\" \/><figcaption id=\"caption-attachment-24705\" class=\"wp-caption-text\">Oberrad konnte den Tabellenzweiten Karben bezwingen. Foto: Archiv Mithat G\u00fcrser<\/figcaption><\/figure>\n<h4>Spvgg. 05 Oberrad &#8211; FC Karben 1:0 (0:0)<\/h4>\n<p><img loading=\"lazy\" decoding=\"async\" class=\"alignnone size-full wp-image-137\" src=\"http:\/\/insideamateurfussball-ffm.de\/wp-content\/uploads\/2022\/05\/Oberrad05.jpg\" alt=\"\" width=\"79\" height=\"80\" \/><img loading=\"lazy\" decoding=\"async\" class=\"alignnone size-full wp-image-2525\" src=\"http:\/\/insideamateurfussball-ffm.de\/wp-content\/uploads\/2022\/09\/karben.jpg\" alt=\"\" width=\"65\" height=\"80\" \/><\/p>\n<p>Die Spvgg. 05 Oberrad empfing den FC Karben, der im Jahr 2025 alle seine 5 Gruppenliga-Spiele gewinnen konnte. Es entwickelte sich ein gutes Ligaspiel mit vielen Zweik\u00e4mpfen und vielen Ballstafetten, allerdings standen beide Abwehrreihen gut und lie\u00dfen kaum Chancen zu, sodass es folgerichtig und leistungsgerecht mit 0:0 in die Pause ging. In die zweite Halbzeit startete der Gastgeber mit einer Gro\u00dfchance durch Ali Wardak, dessen Schuss gerade noch auf der Linie gekl\u00e4rt werden konnte.<\/p>\n<p>Danach wurde auch der FC Karben wieder st\u00e4rker und hatte Pech nach einer Stunde, als ein Schuss von Paul Pucher nur den Pfosten traf. Das Spiel blieb ausgeglichen, doch den Lucky Punch setzten die Gastgeber. Der in der 71.Minute eingewechselte Julian Baumann erzielte in der 86.Minute nach sch\u00f6ner Vorarbeit von Youssef Mohseni Habibabadi das Tor des Tages und brachte dem FC Karben die erste Pflichtspielniederlage 2025 bei. Oberrads Trainer Gabriel Bernstein lobte seine Mannschaft: \u201ewir haben gut dagegengehalten und gegen den offensivstarken Gegner kaum etwas zugelassen.\u201c<\/p>\n<p>Damit bleibt Oberrad als Tabellenneunter im Mittelfeld ohne Ambitionen nach oben und unten, m\u00f6chte aber weiterhin noch die Gegner \u00e4rgern. N\u00e4chste Gelegenheit bietet sich am kommenden Wochenende, wenn es daheim gegen den FV Stierstadt geht. Am Gr\u00fcndonnerstag steht dann das Pokalhalbfinale gegen die FG Seckbach an.<\/p>\n<h4>Schiedsrichter: Dietmar Wachsmann (TSV Richen). Zuschauer: 150.<\/h4>\n<h4>Tore: 1:0 Julian Baumann (86.)<\/h4>\n","protected":false},"excerpt":{"rendered":"<p>Die Spvgg. 05 Oberrad gibt dem FC Kalbach Sch\u00fctzenhilfe und bezwingt den Tabellenzweiten FC Karben in einem ausgeglichenen Spiel durch ein sp\u00e4tes Jokertor von Julian Baumann mit 1:0. Spvgg. 05 Oberrad &#8211; FC Karben 1:0 (0:0) Die Spvgg. 05 Oberrad empfing den FC Karben, der im Jahr 2025 alle seine 5 Gruppenliga-Spiele gewinnen konnte. Es [&hellip;]<\/p>\n","protected":false},"author":3,"featured_media":24705,"comment_status":"open","ping_status":"open","sticky":true,"template":"","format":"standard","meta":{"footnotes":""},"categories":[13],"tags":[],"class_list":["post-24868","post","type-post","status-publish","format-standard","has-post-thumbnail","hentry","category-gruppenliga-frankfurt-west"],"_links":{"self":[{"href":"https:\/\/insideamateurfussball-ffm.de\/index.php?rest_route=\/wp\/v2\/posts\/24868","targetHints":{"allow":["GET"]}}],"collection":[{"href":"https:\/\/insideamateurfussball-ffm.de\/index.php?rest_route=\/wp\/v2\/posts"}],"about":[{"href":"https:\/\/insideamateurfussball-ffm.de\/index.php?rest_route=\/wp\/v2\/types\/post"}],"author":[{"embeddable":true,"href":"https:\/\/insideamateurfussball-ffm.de\/index.php?rest_route=\/wp\/v2\/users\/3"}],"replies":[{"embeddable":true,"href":"https:\/\/insideamateurfussball-ffm.de\/index.php?rest_route=%2Fwp%2Fv2%2Fcomments&post=24868"}],"version-history":[{"count":2,"href":"https:\/\/insideamateurfussball-ffm.de\/index.php?rest_route=\/wp\/v2\/posts\/24868\/revisions"}],"predecessor-version":[{"id":24870,"href":"https:\/\/insideamateurfussball-ffm.de\/index.php?rest_route=\/wp\/v2\/posts\/24868\/revisions\/24870"}],"wp:featuredmedia":[{"embeddable":true,"href":"https:\/\/insideamateurfussball-ffm.de\/index.php?rest_route=\/wp\/v2\/media\/24705"}],"wp:attachment":[{"href":"https:\/\/insideamateurfussball-ffm.de\/index.php?rest_route=%2Fwp%2Fv2%2Fmedia&parent=24868"}],"wp:term":[{"taxonomy":"category","embeddable":true,"href":"https:\/\/insideamateurfussball-ffm.de\/index.php?rest_route=%2Fwp%2Fv2%2Fcategories&post=24868"},{"taxonomy":"post_tag","embeddable":true,"href":"https:\/\/insideamateurfussball-ffm.de\/index.php?rest_route=%2Fwp%2Fv2%2Ftags&post=24868"}],"curies":[{"name":"wp","href":"https:\/\/api.w.org\/{rel}","templated":true}]}}