{"id":24864,"date":"2025-04-07T11:56:00","date_gmt":"2025-04-07T10:56:00","guid":{"rendered":"https:\/\/insideamateurfussball-ffm.de\/?p=24864"},"modified":"2025-04-07T16:57:29","modified_gmt":"2025-04-07T15:57:29","slug":"zeilsheim-wieder-in-der-spur","status":"publish","type":"post","link":"https:\/\/insideamateurfussball-ffm.de\/?p=24864","title":{"rendered":"Zeilsheim wieder in der Spur"},"content":{"rendered":"<h4>Es geht doch: Der SV Zeilsheim hat nach drei Liga-Niederlagen in Folge wieder den Weg in die Erfolgsspur gefunden. Die Zeilsheimer besiegten den FV Breidenbach im Heimspiel der Verbandsliga Mitte mit 5:2 und fahren nun als Tabellenf\u00fchrer zum Topspiel am kommenden Samstag nach Biebrich.<\/h4>\n<figure id=\"attachment_24865\" aria-describedby=\"caption-attachment-24865\" style=\"width: 628px\" class=\"wp-caption alignnone\"><img loading=\"lazy\" decoding=\"async\" class=\"wp-image-24865\" src=\"http:\/\/insideamateurfussball-ffm.de\/wp-content\/uploads\/2025\/04\/24a-Samed-Guersoy-und-der-SV-befinden-sich-wieder-in-der-Erfolgsspur.jpg\" alt=\"\" width=\"628\" height=\"757\" srcset=\"https:\/\/insideamateurfussball-ffm.de\/wp-content\/uploads\/2025\/04\/24a-Samed-Guersoy-und-der-SV-befinden-sich-wieder-in-der-Erfolgsspur.jpg 621w, https:\/\/insideamateurfussball-ffm.de\/wp-content\/uploads\/2025\/04\/24a-Samed-Guersoy-und-der-SV-befinden-sich-wieder-in-der-Erfolgsspur-249x300.jpg 249w\" sizes=\"auto, (max-width: 628px) 100vw, 628px\" \/><figcaption id=\"caption-attachment-24865\" class=\"wp-caption-text\">Zeilsheims Kapit\u00e4n Samed G\u00fcrsoy. Foto: Peter Strauch.<\/figcaption><\/figure>\n<h4>SV Zeilsheim &#8211; FV Breidenbach 5:2 (2:0)<\/h4>\n<p><img loading=\"lazy\" decoding=\"async\" class=\"alignnone size-full wp-image-1153\" src=\"http:\/\/insideamateurfussball-ffm.de\/wp-content\/uploads\/2022\/07\/SVZe.jpg\" alt=\"\" width=\"68\" height=\"80\" \/><img loading=\"lazy\" decoding=\"async\" class=\"alignnone size-full wp-image-2308\" src=\"http:\/\/insideamateurfussball-ffm.de\/wp-content\/uploads\/2022\/08\/Breid.jpg\" alt=\"\" width=\"80\" height=\"80\" \/><\/p>\n<p>&#8222;Wir haben heute ein bisschen Selbstvertrauen getankt. Dennoch sind zwei Gegentore ein bisschen viel. Da waren wir zu ungeordnet und m\u00fcssen gegen Biebrich noch stabiler werden&#8220;, sagte Zeilsheims Vorsitzender Peter Strauch. Nach zehn Minuten er\u00f6ffnete Dominik Ortega Tapia mit einer leichten Verl\u00e4ngerung eines Freisto\u00dfes von Andre Flie\u00df und stellte auf 1:0.<\/p>\n<p>Seit einigen Spielen erh\u00e4lt Ortega Tapia in der Sturmspitze den Vorzug vor Sturmtank Dorian Miric. Daf\u00fcr stand der Kapit\u00e4n weiter auf dem Feld und traf zum 2:0: Nach einem langen Ball von Keeper Paul Siegers setzte sich Abdussamed G\u00fcrsoy gegen zwei Mann durch und netzte aus halblinker Position ein.<\/p>\n<blockquote>\n<h4>Tabellenf\u00fchrer mit 57 Punkten<\/h4>\n<\/blockquote>\n<p>Nach Vorlage von Flie\u00df traf Jonatan Tesfaldet aus 14 Metern zum 3:0, Luftrim Kodraliu nach Assist von G\u00fcrsoy zum 4:1. Nur wenige Minuten nach diesen Treffern fingen sich die Zeilsheimer jeweils ihre beiden Gegentreffer. Ehe die Koproduktion der eingewechselten Takuto Tanaka und Niklas Dillitz das 5:2 brachte. Mit 57 Punkten und einem Spiel mehr als die Konkurrenz f\u00fchren die Zeilsheimer die Verbandsliga somit weiterhin an.<\/p>\n<p>Ein Sieg gegen Biebrich k\u00f6nnte die Zeilsheimer angesichts des wesentlich einfacheren Restprogramms als der Hauptkonkurrent aus Wiesbaden also trotz aller R\u00fcckschl\u00e4ge zuletzt wieder entscheidend nach vorne bringen. &#8222;So ganz souver\u00e4n wie aus Vorrunde war es nicht. Wir sind aber auf dem Weg der Besserung&#8220;, sagt Strauch.<\/p>\n<blockquote>\n<h4>Schiedsrichter: Johann Seidl (FSV Frankfurt). Tore: 1:0 Jannik Lehnert (7.\/Eigentor), 2:0 Abdussamed G\u00fcrsoy (39.), 3:0 Jonatan Tesfaldet (54.), 3:1 Felix Baum (57.), 4:1 Luftrim Kodraliu (72.), 4:2 Max Brunet (73.), 5:2 Niklas Dillitz (84.).<\/h4>\n<\/blockquote>\n","protected":false},"excerpt":{"rendered":"<p>Es geht doch: Der SV Zeilsheim hat nach drei Liga-Niederlagen in Folge wieder den Weg in die Erfolgsspur gefunden. Die Zeilsheimer besiegten den FV Breidenbach im Heimspiel der Verbandsliga Mitte mit 5:2 und fahren nun als Tabellenf\u00fchrer zum Topspiel am kommenden Samstag nach Biebrich. SV Zeilsheim &#8211; FV Breidenbach 5:2 (2:0) &#8222;Wir haben heute ein [&hellip;]<\/p>\n","protected":false},"author":1,"featured_media":24865,"comment_status":"closed","ping_status":"closed","sticky":true,"template":"","format":"standard","meta":{"footnotes":""},"categories":[32],"tags":[],"class_list":["post-24864","post","type-post","status-publish","format-standard","has-post-thumbnail","hentry","category-verbandsliga-mitte"],"_links":{"self":[{"href":"https:\/\/insideamateurfussball-ffm.de\/index.php?rest_route=\/wp\/v2\/posts\/24864","targetHints":{"allow":["GET"]}}],"collection":[{"href":"https:\/\/insideamateurfussball-ffm.de\/index.php?rest_route=\/wp\/v2\/posts"}],"about":[{"href":"https:\/\/insideamateurfussball-ffm.de\/index.php?rest_route=\/wp\/v2\/types\/post"}],"author":[{"embeddable":true,"href":"https:\/\/insideamateurfussball-ffm.de\/index.php?rest_route=\/wp\/v2\/users\/1"}],"replies":[{"embeddable":true,"href":"https:\/\/insideamateurfussball-ffm.de\/index.php?rest_route=%2Fwp%2Fv2%2Fcomments&post=24864"}],"version-history":[{"count":1,"href":"https:\/\/insideamateurfussball-ffm.de\/index.php?rest_route=\/wp\/v2\/posts\/24864\/revisions"}],"predecessor-version":[{"id":24866,"href":"https:\/\/insideamateurfussball-ffm.de\/index.php?rest_route=\/wp\/v2\/posts\/24864\/revisions\/24866"}],"wp:featuredmedia":[{"embeddable":true,"href":"https:\/\/insideamateurfussball-ffm.de\/index.php?rest_route=\/wp\/v2\/media\/24865"}],"wp:attachment":[{"href":"https:\/\/insideamateurfussball-ffm.de\/index.php?rest_route=%2Fwp%2Fv2%2Fmedia&parent=24864"}],"wp:term":[{"taxonomy":"category","embeddable":true,"href":"https:\/\/insideamateurfussball-ffm.de\/index.php?rest_route=%2Fwp%2Fv2%2Fcategories&post=24864"},{"taxonomy":"post_tag","embeddable":true,"href":"https:\/\/insideamateurfussball-ffm.de\/index.php?rest_route=%2Fwp%2Fv2%2Ftags&post=24864"}],"curies":[{"name":"wp","href":"https:\/\/api.w.org\/{rel}","templated":true}]}}